{"id":640743,"date":"2023-12-19T13:07:34","date_gmt":"2023-12-19T12:07:34","guid":{"rendered":"https:\/\/www.hashtag.al\/?p=640743"},"modified":"2023-12-19T13:07:34","modified_gmt":"2023-12-19T12:07:34","slug":"zbardhet-deshmia-e-drejtorit-te-burgut-te-peqinit-tregon-negociatat-me-mjacajn-per-dorezim","status":"publish","type":"post","link":"https:\/\/www.hashtag.al\/index.php\/2023\/12\/19\/zbardhet-deshmia-e-drejtorit-te-burgut-te-peqinit-tregon-negociatat-me-mjacajn-per-dorezim\/","title":{"rendered":"Zbardhet d\u00ebshmia e drejtorit t\u00eb burgut t\u00eb Peqinit, tregon negociatat me Mjacajn p\u00ebr dor\u00ebzim","gt_translate_keys":[{"key":"rendered","format":"text"}]},"content":{"rendered":"<p><img loading=\"lazy\" decoding=\"async\" class=\"size-full wp-image-640754 aligncenter\" src=\"https:\/\/www.hashtag.al\/wp-content\/uploads\/2023\/12\/1702648991_sokolmjacaj-1.jpg\" alt=\"\" width=\"780\" height=\"440\" srcset=\"https:\/\/www.hashtag.al\/wp-content\/uploads\/2023\/12\/1702648991_sokolmjacaj-1.jpg 780w, https:\/\/www.hashtag.al\/wp-content\/uploads\/2023\/12\/1702648991_sokolmjacaj-1-300x169.jpg 300w, https:\/\/www.hashtag.al\/wp-content\/uploads\/2023\/12\/1702648991_sokolmjacaj-1-768x433.jpg 768w\" sizes=\"auto, (max-width: 780px) 100vw, 780px\" \/><\/p>\n<p><span style=\"font-weight: 400; color: #000000;\">Zbardhet d\u00ebshmia e drejtorit t\u00eb burgut t\u00eb siguris\u00eb s\u00eb lart\u00eb t\u00eb Peqinit, i cili ndodhet pas hekurave n\u00ebn akuz\u00ebn e shp\u00ebrdorimit t\u00eb detyr\u00ebs pas ngjarjes s\u00eb r\u00ebnd\u00eb ku Sokol Mjacaj q\u00eblloi p\u00ebr vdekje me arm\u00eb nj\u00eb t\u00eb d\u00ebnuar dhe plagosi nj\u00eb tjet\u00ebr.<\/span><\/p>\n<p><span style=\"font-weight: 400; color: #000000;\">N\u00eb d\u00ebshmin\u00eb n\u00eb prokurori t\u00eb Kamber Hoxh\u00ebs, theksoi se p\u00ebr 28 vite ishte i pun\u00ebsuar n\u00eb sistemin e burgjeve. Ai tregoi se \u00e7far\u00eb ndodhi dit\u00ebn e premte dhe negociatat me t\u00eb burgosurin p\u00ebrjet\u00eb p\u00ebr t\u2019u vet\u00ebdor\u00ebzuar.<\/span><\/p>\n<p><span style=\"color: #000000;\"><i><span style=\"font-weight: 400;\">\u201cKam n\u00eb organik\u00eb si shef policie q\u00eb nga data 14 dhjetor 2023 shtetasin Qani Mu\u00e7a, i cili mbante detyr\u00ebn e shefit t\u00eb 41 bis n\u00eb Peqin dhe godin\u00ebn e paraburgimit.\u00a0<\/span><\/i><\/span><\/p>\n<p><span style=\"color: #000000;\"><i><span style=\"font-weight: 400;\">Me k\u00ebt\u00eb detyr\u00eb q\u00eb nga data 22 n\u00ebntor, n\u00eb detyr\u00ebn e shefit t\u00eb policis\u00eb, deri n\u00eb dat\u00eb 14 dhjetor ka qen\u00eb shtetasi Nikolin Gjonpali.\u00a0<\/span><\/i><\/span><\/p>\n<p><span style=\"color: #000000;\"><i><span style=\"font-weight: 400;\">N\u00eb dat\u00eb 15 dhjetor, rreth or\u00ebs 13:52 kam qen\u00eb n\u00eb ambiente te zyr\u00ebs ku kam d\u00ebgjuar n\u00eb radio-dh\u00ebn\u00ebse dhe marr\u00ebse se di\u00e7ka po ndodhte n\u00eb godin\u00ebn B, ambientet e ajrosjes. Kam folur n\u00eb radio se \u00e7far\u00eb problemi ka dhe m\u00eb raportuan se ka ngjarje dhe se duhet ambulanca menj\u00ebher\u00eb.\u00a0<\/span><\/i><\/span><\/p>\n<p><span style=\"color: #000000;\"><i><span style=\"font-weight: 400;\">N\u00eb moment kam dal\u00eb nga zyra dhe jam nisur p\u00ebr n\u00eb regjim t\u00eb brendsh\u00ebm. Aty kam par\u00eb se ishin dy t\u00eb plagosur me arm\u00eb zjarri dhe ishin me gjak. Hip\u00ebn t\u00eb dy t\u00eb plagosurit n\u00eb ambulanc\u00eb dhe i nis\u00ebm p\u00ebr n\u00eb spital p\u00ebr ndihm\u00eb mjek\u00ebsore.\u00a0<\/span><\/i><\/span><\/p>\n<p><span style=\"color: #000000;\"><i><span style=\"font-weight: 400;\">Pas k\u00ebsaj u futa n\u00eb ambientet e brendshme, mes dy godinave t\u00eb akomodimit t\u00eb t\u00eb d\u00ebnuarave, dhe kam shkuar te vendi ku ishte i vendosur i burgosuri Sokol Mjacaj.<\/span><\/i><\/span><\/p>\n<p><span style=\"color: #000000;\"><i><span style=\"font-weight: 400;\">Objekti ishte ku b\u00ebheshin takimet e familjar\u00ebve dhe kishte mbyllur der\u00ebn nga brenda dhe po q\u00ebndronte aty. M\u00ebsova nga punonj\u00ebsit e policis\u00eb se i d\u00ebnuari ishte te dhoma e takimeve dhe kishte arm\u00eb me vete.<\/span><\/i><\/span><\/p>\n<p><span style=\"color: #000000;\"><i><span style=\"font-weight: 400;\">Afrohem te dera dhe i burgosuri tha; dua prokurorin se do ta dor\u00ebzoj arm\u00ebn. N\u00eb k\u00ebt\u00eb momente i thash nj\u00eb polici q\u00eb t\u00eb njoftonte oficerin e informacionit q\u00eb t\u00eb m\u00eb sjell\u00eb telefonin brenda.\u00a0<\/span><\/i><\/span><\/p>\n<p><span style=\"color: #000000;\"><i><span style=\"font-weight: 400;\">N\u00eb or\u00ebn 14:01 telefonova drejtorin e p\u00ebrgjithshme t\u00eb cilit i raportova se kemi nj\u00eb ngjarje, plagosje me arm\u00eb t\u00eb t\u00eb dy bashk\u00ebvajtjeve dhe se se autori ka arm\u00eb. Pastaj kam q\u00ebndruar pas dere dhe sokoli pas dere.\u00a0<\/span><\/i><\/span><\/p>\n<p><span style=\"color: #000000;\"><i><span style=\"font-weight: 400;\">E vetmja k\u00ebrkes\u00eb q\u00eb kishte, ishte q\u00eb k\u00ebrkonte prokurorin. Thoshte; \u201cN\u00ebse vjen prokuroria do t\u00eb dor\u00ebzoj arm\u00ebn dhe do t\u2019i tregoj t\u00eb gjitha\u201d.\u00a0<\/span><\/i><\/span><\/p>\n<p><span style=\"color: #000000;\"><i><span style=\"font-weight: 400;\">Pas shum\u00eb negociatash shkuam dhe i dham\u00eb nj\u00eb pal\u00eb pranga me t\u00eb cilat u prangos vet\u00eb dhe e la arm\u00ebn n\u00eb tok\u00eb si\u00e7 i lam\u00eb ne.\u201d,<\/span><\/i><span style=\"font-weight: 400;\"> tha n\u00eb d\u00ebshmin\u00eb e tij drejtori i burgut t\u00eb Peqinit.<\/span><\/span><\/p>\n","protected":false,"gt_translate_keys":[{"key":"rendered","format":"html"}]},"excerpt":{"rendered":"<p>Zbardhet d\u00ebshmia e drejtorit t\u00eb burgut t\u00eb siguris\u00eb s\u00eb lart\u00eb t\u00eb Peqinit, i cili ndodhet pas hekurave n\u00ebn akuz\u00ebn e shp\u00ebrdorimit t\u00eb detyr\u00ebs pas ngjarjes s\u00eb r\u00ebnd\u00eb ku Sokol Mjacaj q\u00eblloi p\u00ebr vdekje me arm\u00eb nj\u00eb t\u00eb d\u00ebnuar dhe plagosi nj\u00eb tjet\u00ebr. N\u00eb d\u00ebshmin\u00eb n\u00eb prokurori t\u00eb Kamber Hoxh\u00ebs, theksoi se p\u00ebr 28 vite ishte [&hellip;]<\/p>\n","protected":false,"gt_translate_keys":[{"key":"rendered","format":"html"}]},"author":4,"featured_media":640754,"comment_status":"closed","ping_status":"closed","sticky":false,"template":"","format":"standard","meta":{"footnotes":""},"categories":[65],"tags":[],"class_list":["post-640743","post","type-post","status-publish","format-standard","has-post-thumbnail","hentry","category-lajme"],"gt_translate_keys":[{"key":"link","format":"url"}],"_links":{"self":[{"href":"https:\/\/www.hashtag.al\/index.php\/wp-json\/wp\/v2\/posts\/640743","targetHints":{"allow":["GET"]}}],"collection":[{"href":"https:\/\/www.hashtag.al\/index.php\/wp-json\/wp\/v2\/posts"}],"about":[{"href":"https:\/\/www.hashtag.al\/index.php\/wp-json\/wp\/v2\/types\/post"}],"author":[{"embeddable":true,"href":"https:\/\/www.hashtag.al\/index.php\/wp-json\/wp\/v2\/users\/4"}],"replies":[{"embeddable":true,"href":"https:\/\/www.hashtag.al\/index.php\/wp-json\/wp\/v2\/comments?post=640743"}],"version-history":[{"count":0,"href":"https:\/\/www.hashtag.al\/index.php\/wp-json\/wp\/v2\/posts\/640743\/revisions"}],"wp:featuredmedia":[{"embeddable":true,"href":"https:\/\/www.hashtag.al\/index.php\/wp-json\/wp\/v2\/media\/640754"}],"wp:attachment":[{"href":"https:\/\/www.hashtag.al\/index.php\/wp-json\/wp\/v2\/media?parent=640743"}],"wp:term":[{"taxonomy":"category","embeddable":true,"href":"https:\/\/www.hashtag.al\/index.php\/wp-json\/wp\/v2\/categories?post=640743"},{"taxonomy":"post_tag","embeddable":true,"href":"https:\/\/www.hashtag.al\/index.php\/wp-json\/wp\/v2\/tags?post=640743"}],"curies":[{"name":"wp","href":"https:\/\/api.w.org\/{rel}","templated":true}]}}