{"id":640385,"date":"2023-12-18T12:37:53","date_gmt":"2023-12-18T11:37:53","guid":{"rendered":"https:\/\/www.hashtag.al\/?p=640385"},"modified":"2023-12-18T12:37:53","modified_gmt":"2023-12-18T11:37:53","slug":"kerkesa-e-avokateve-te-berishes-per-te-shtyre-mbledhjen-cuci-ska-asnje-kusht-ligjor-ta-pezullojme","status":"publish","type":"post","link":"https:\/\/www.hashtag.al\/index.php\/2023\/12\/18\/kerkesa-e-avokateve-te-berishes-per-te-shtyre-mbledhjen-cuci-ska-asnje-kusht-ligjor-ta-pezullojme\/","title":{"rendered":"K\u00ebrkesa e avokat\u00ebve t\u00eb Berish\u00ebs p\u00ebr t\u00eb shtyr\u00eb mbledhjen, \u00c7u\u00e7i: S\u2019ka asnj\u00eb kusht ligjor ta pezullojm\u00eb","gt_translate_keys":[{"key":"rendered","format":"text"}]},"content":{"rendered":"<p><a href=\"https:\/\/www.hashtag.al\/wp-content\/uploads\/2023\/12\/1702898435_cuci.jpg\"><img loading=\"lazy\" decoding=\"async\" class=\"aligncenter size-full wp-image-640386\" src=\"https:\/\/www.hashtag.al\/wp-content\/uploads\/2023\/12\/1702898435_cuci.jpg\" alt=\"\" width=\"780\" height=\"440\" srcset=\"https:\/\/www.hashtag.al\/wp-content\/uploads\/2023\/12\/1702898435_cuci.jpg 780w, https:\/\/www.hashtag.al\/wp-content\/uploads\/2023\/12\/1702898435_cuci-300x169.jpg 300w, https:\/\/www.hashtag.al\/wp-content\/uploads\/2023\/12\/1702898435_cuci-768x433.jpg 768w\" sizes=\"auto, (max-width: 780px) 100vw, 780px\" \/><\/a><\/p>\n<p><span style=\"color: #000000;\">Bledi \u00c7u\u00e7i nga radh\u00ebt e Partis\u00eb Socialiste, tha se nuk ka asnj\u00eb kusht ligjor p\u00ebr pezullimin e mbledhjes s\u00eb K\u00ebshillit t\u00eb Mandateve q\u00eb po shqyrton k\u00ebrkes\u00ebn e SPAK p\u00ebr t\u2019i hequr mandatin Sali Berish\u00ebs, me q\u00ebllim hapjen rrug\u00eb t\u00eb nj\u00eb mase arresti ndaj tij.<\/span><\/p>\n<p><span style=\"color: #000000;\">Duke ju p\u00ebrgjigjur k\u00ebrkes\u00ebs s\u00eb avokat\u00ebve t\u00eb Berish\u00ebs, t\u00eb cil\u00ebt k\u00ebrkuan t\u00eb pezullohet mbledhja derisa t\u00eb shprehet GJK, \u00c7u\u00e7i tha se ato nuk kishin k\u00ebrkuar pezullimin e mbledhjes.<\/span><\/p>\n<p>&nbsp;<\/p>\n<p><span style=\"color: #000000;\"><em>\u2018E para q\u00eb dua t\u00eb them nuk ka asnj\u00eb baz\u00eb ligjore procedurale p\u00ebr t\u00eb k\u00ebrkuar k\u00ebt\u00eb pezullim. Ju u shpreh\u00ebt vet q\u00eb \u00ebsht\u00eb n\u00eb vullnetin ton\u00eb p\u00ebr ta b\u00ebr\u00eb k\u00ebt\u00eb gj\u00eb. N\u00eb lidhje me pyetjen e Aliebajt po e shoh pak k\u00ebrkes\u00ebn tuaj n\u00eb GJK dhe k\u00ebtu nuk k\u00ebrkonin pezullimin e procedurave parlamentare p\u00ebr dh\u00ebnien e autorizimit. N\u00eb k\u00ebrkes\u00ebn tua ju n\u00ebse ishit kaq t\u00eb interesuar mund ti kishit k\u00ebrkuar GJK-s\u00eb dhe pezullimin e k\u00ebsaj mbledhje. Ju keni k\u00ebrkuar pezullimin e masave shtr\u00ebnguese. Nuk keni k\u00ebrkuar pezullimin e procedurave parlamentare p\u00ebr k\u00ebrkes\u00ebn q\u00eb ka sjell\u00eb prokuroria p\u00ebr Berish\u00ebn. S\u2019ka asnj\u00eb kusht ligjor ta pezullojm\u00eb k\u00ebt\u00eb proces.\u2019<\/em>&#8211; tha \u00c7u\u00e7i.<\/span><\/p>\n","protected":false,"gt_translate_keys":[{"key":"rendered","format":"html"}]},"excerpt":{"rendered":"<p>Bledi \u00c7u\u00e7i nga radh\u00ebt e Partis\u00eb Socialiste, tha se nuk ka asnj\u00eb kusht ligjor p\u00ebr pezullimin e mbledhjes s\u00eb K\u00ebshillit t\u00eb Mandateve q\u00eb po shqyrton k\u00ebrkes\u00ebn e SPAK p\u00ebr t\u2019i hequr mandatin Sali Berish\u00ebs, me q\u00ebllim hapjen rrug\u00eb t\u00eb nj\u00eb mase arresti ndaj tij. Duke ju p\u00ebrgjigjur k\u00ebrkes\u00ebs s\u00eb avokat\u00ebve t\u00eb Berish\u00ebs, t\u00eb cil\u00ebt k\u00ebrkuan [&hellip;]<\/p>\n","protected":false,"gt_translate_keys":[{"key":"rendered","format":"html"}]},"author":30,"featured_media":640386,"comment_status":"closed","ping_status":"closed","sticky":false,"template":"","format":"standard","meta":{"footnotes":""},"categories":[65],"tags":[],"class_list":["post-640385","post","type-post","status-publish","format-standard","has-post-thumbnail","hentry","category-lajme"],"gt_translate_keys":[{"key":"link","format":"url"}],"_links":{"self":[{"href":"https:\/\/www.hashtag.al\/index.php\/wp-json\/wp\/v2\/posts\/640385","targetHints":{"allow":["GET"]}}],"collection":[{"href":"https:\/\/www.hashtag.al\/index.php\/wp-json\/wp\/v2\/posts"}],"about":[{"href":"https:\/\/www.hashtag.al\/index.php\/wp-json\/wp\/v2\/types\/post"}],"author":[{"embeddable":true,"href":"https:\/\/www.hashtag.al\/index.php\/wp-json\/wp\/v2\/users\/30"}],"replies":[{"embeddable":true,"href":"https:\/\/www.hashtag.al\/index.php\/wp-json\/wp\/v2\/comments?post=640385"}],"version-history":[{"count":0,"href":"https:\/\/www.hashtag.al\/index.php\/wp-json\/wp\/v2\/posts\/640385\/revisions"}],"wp:featuredmedia":[{"embeddable":true,"href":"https:\/\/www.hashtag.al\/index.php\/wp-json\/wp\/v2\/media\/640386"}],"wp:attachment":[{"href":"https:\/\/www.hashtag.al\/index.php\/wp-json\/wp\/v2\/media?parent=640385"}],"wp:term":[{"taxonomy":"category","embeddable":true,"href":"https:\/\/www.hashtag.al\/index.php\/wp-json\/wp\/v2\/categories?post=640385"},{"taxonomy":"post_tag","embeddable":true,"href":"https:\/\/www.hashtag.al\/index.php\/wp-json\/wp\/v2\/tags?post=640385"}],"curies":[{"name":"wp","href":"https:\/\/api.w.org\/{rel}","templated":true}]}}