{"id":640357,"date":"2023-12-18T11:36:08","date_gmt":"2023-12-18T10:36:08","guid":{"rendered":"https:\/\/www.hashtag.al\/?p=640357"},"modified":"2023-12-18T11:36:48","modified_gmt":"2023-12-18T10:36:48","slug":"rinis-vettingu-ne-policine-e-shtetit-drejtuesi-i-policise-shkoder-konfirmohet-ne-detyre","status":"publish","type":"post","link":"https:\/\/www.hashtag.al\/index.php\/2023\/12\/18\/rinis-vettingu-ne-policine-e-shtetit-drejtuesi-i-policise-shkoder-konfirmohet-ne-detyre\/","title":{"rendered":"Rinis vettingu n\u00eb Policin\u00eb e Shtetit, Drejtuesi i Policis\u00eb Shkod\u00ebr konfirmohet n\u00eb detyr\u00eb","gt_translate_keys":[{"key":"rendered","format":"text"}]},"content":{"rendered":"<p><span style=\"color: #000000;\"><a href=\"https:\/\/www.hashtag.al\/wp-content\/uploads\/2023\/12\/edmond-sulaj.jpg\"><img loading=\"lazy\" decoding=\"async\" class=\"aligncenter size-full wp-image-640358\" src=\"https:\/\/www.hashtag.al\/wp-content\/uploads\/2023\/12\/edmond-sulaj.jpg\" alt=\"\" width=\"780\" height=\"440\" \/><\/a><\/span><\/p>\n<p><span style=\"color: #000000;\">Dit\u00ebn e sotme rinisi pas disa muajsh nd\u00ebrprerje procesi i rivler\u00ebsimit p\u00ebr punonj\u00ebsit e policis\u00eb s\u00eb shtetit.<\/span><\/p>\n<p><span style=\"color: #000000;\">N\u00eb seanc\u00ebn e par\u00eb t\u00eb rinisjes ishte Drejtuesi aktual i Drejtoris\u00eb s\u00eb Policis\u00eb n\u00eb Shkod\u00ebr, Edmond Sulaj i cili e kaloi vettingun.<\/span><\/p>\n<p><span style=\"color: #000000;\">Edmond Sulajt iu kontrollua pasuria, aft\u00ebsia dhe past\u00ebrtia e figur\u00ebs.<\/span><\/p>\n<p><span style=\"color: #000000;\">Trupa e Vler\u00ebsimit p\u00ebrb\u00ebhej nga: Arben Sefaj, kryesues, Denisa Sina, relator\u00eb dhe Suela Bulku, an\u00ebtare.<\/span><\/p>\n<p><span style=\"color: #000000;\">Sulaj m\u00eb her\u00ebt\u00a0ka mbajtur detyr\u00ebn e drejtuesit n\u00eb Drejtoris\u00eb kund\u00ebr Krimeve ndaj Personit dhe Pasuris\u00eb, n\u00eb Departamentin e Policis\u00eb Kriminale, n\u00eb Drejtori t\u00eb P\u00ebrgjithshme, apo drejtues n\u00eb disa qarqe.\u00a0<\/span><\/p>\n","protected":false,"gt_translate_keys":[{"key":"rendered","format":"html"}]},"excerpt":{"rendered":"<p>Dit\u00ebn e sotme rinisi pas disa muajsh nd\u00ebrprerje procesi i rivler\u00ebsimit p\u00ebr punonj\u00ebsit e policis\u00eb s\u00eb shtetit. N\u00eb seanc\u00ebn e par\u00eb t\u00eb rinisjes ishte Drejtuesi aktual i Drejtoris\u00eb s\u00eb Policis\u00eb n\u00eb Shkod\u00ebr, Edmond Sulaj i cili e kaloi vettingun. Edmond Sulajt iu kontrollua pasuria, aft\u00ebsia dhe past\u00ebrtia e figur\u00ebs. Trupa e Vler\u00ebsimit p\u00ebrb\u00ebhej nga: Arben [&hellip;]<\/p>\n","protected":false,"gt_translate_keys":[{"key":"rendered","format":"html"}]},"author":32,"featured_media":640358,"comment_status":"closed","ping_status":"closed","sticky":false,"template":"","format":"standard","meta":{"footnotes":""},"categories":[65,13],"tags":[],"class_list":["post-640357","post","type-post","status-publish","format-standard","has-post-thumbnail","hentry","category-lajme","category-te-fundit"],"gt_translate_keys":[{"key":"link","format":"url"}],"_links":{"self":[{"href":"https:\/\/www.hashtag.al\/index.php\/wp-json\/wp\/v2\/posts\/640357","targetHints":{"allow":["GET"]}}],"collection":[{"href":"https:\/\/www.hashtag.al\/index.php\/wp-json\/wp\/v2\/posts"}],"about":[{"href":"https:\/\/www.hashtag.al\/index.php\/wp-json\/wp\/v2\/types\/post"}],"author":[{"embeddable":true,"href":"https:\/\/www.hashtag.al\/index.php\/wp-json\/wp\/v2\/users\/32"}],"replies":[{"embeddable":true,"href":"https:\/\/www.hashtag.al\/index.php\/wp-json\/wp\/v2\/comments?post=640357"}],"version-history":[{"count":0,"href":"https:\/\/www.hashtag.al\/index.php\/wp-json\/wp\/v2\/posts\/640357\/revisions"}],"wp:featuredmedia":[{"embeddable":true,"href":"https:\/\/www.hashtag.al\/index.php\/wp-json\/wp\/v2\/media\/640358"}],"wp:attachment":[{"href":"https:\/\/www.hashtag.al\/index.php\/wp-json\/wp\/v2\/media?parent=640357"}],"wp:term":[{"taxonomy":"category","embeddable":true,"href":"https:\/\/www.hashtag.al\/index.php\/wp-json\/wp\/v2\/categories?post=640357"},{"taxonomy":"post_tag","embeddable":true,"href":"https:\/\/www.hashtag.al\/index.php\/wp-json\/wp\/v2\/tags?post=640357"}],"curies":[{"name":"wp","href":"https:\/\/api.w.org\/{rel}","templated":true}]}}