{"id":640249,"date":"2023-12-17T15:45:22","date_gmt":"2023-12-17T14:45:22","guid":{"rendered":"https:\/\/www.hashtag.al\/?p=640249"},"modified":"2023-12-17T15:45:22","modified_gmt":"2023-12-17T14:45:22","slug":"dy-shqiptare-plagosin-me-arme-3-greke-dyshohet-te-jene-arratisur-ne-shqiperi","status":"publish","type":"post","link":"https:\/\/www.hashtag.al\/index.php\/2023\/12\/17\/dy-shqiptare-plagosin-me-arme-3-greke-dyshohet-te-jene-arratisur-ne-shqiperi\/","title":{"rendered":"Dy shqiptar\u00eb plagosin me arm\u00eb 3 grek\u00eb, dyshohet t\u00eb jen\u00eb arratisur n\u00eb Shqip\u00ebri","gt_translate_keys":[{"key":"rendered","format":"text"}]},"content":{"rendered":"<p><img loading=\"lazy\" decoding=\"async\" class=\"size-full wp-image-640250 aligncenter\" src=\"https:\/\/www.hashtag.al\/wp-content\/uploads\/2023\/12\/171223_Gun_Gazzi_Mesa.webp\" alt=\"\" width=\"782\" height=\"440\" srcset=\"https:\/\/www.hashtag.al\/wp-content\/uploads\/2023\/12\/171223_Gun_Gazzi_Mesa.webp 782w, https:\/\/www.hashtag.al\/wp-content\/uploads\/2023\/12\/171223_Gun_Gazzi_Mesa-300x169.webp 300w, https:\/\/www.hashtag.al\/wp-content\/uploads\/2023\/12\/171223_Gun_Gazzi_Mesa-768x432.webp 768w\" sizes=\"auto, (max-width: 782px) 100vw, 782px\" \/><\/p>\n<p><span style=\"font-weight: 400; color: #000000;\">Policia greke prej disa or\u00ebsh \u00ebsht\u00eb ngritur n\u00eb k\u00ebmb\u00eb p\u00ebr kapjen e dy shtetasve shqiptar\u00eb t\u00eb konsideruar me rrezikshm\u00ebri t\u00eb lart\u00eb p\u00ebr shkak t\u00eb precedent\u00ebve t\u00eb r\u00ebnd\u00eb kriminale.<\/span><\/p>\n<p><span style=\"font-weight: 400; color: #000000;\">Ata jan\u00eb identifikuar or\u00ebt e fundit si autor\u00eb t\u00eb plagosjes s\u00eb 3 shtetasve greke dje n\u00eb or\u00ebt e para t\u00eb m\u00ebngjesit jasht\u00eb nj\u00eb lokali nate n\u00eb \u201cGazi\u201d t\u00eb Athin\u00ebs.<\/span><\/p>\n<p><span style=\"color: #000000;\"><a style=\"color: #000000;\" href=\"https:\/\/www.zougla.gr\/greece\/vinteo-ntokoumento-apo-ti-stigmi-ton-pyrovolismon-sto-gkazi\/\"><span style=\"font-weight: 400;\"><span style=\"color: #0000ff;\">Mediat greke<\/span><\/span><\/a><span style=\"font-weight: 400;\"> shkruajn\u00eb se dy shqiptar\u00ebt nga zbritur nga nj\u00eb fuoristrad\u00eb tip \u201cRange Rover\u201d dhe kan\u00eb debatuar m\u00eb fjal\u00eb me tre t\u00eb rinj nga Kreta, t\u00eb cilit kishin ardhur n\u00eb Athin\u00eb p\u00ebr nj\u00eb \u201cBachelor Party\u201d n\u00eb nj\u00eb lokal n\u00eb rrug\u00ebn \u201cIakxou\u201d.<\/span><\/span><\/p>\n<p><span style=\"font-weight: 400; color: #000000;\">Pasi debatojn\u00eb me ta, pasagjeri i mjetit godet me grusht nj\u00eb nga grek\u00ebt. Shoku i k\u00ebtij t\u00eb fundit godet me grusht shoferin e fuoristrad\u00ebs dhe k\u00ebshtu ky i fundit hapi zjarr ndaj tre grek\u00ebve.<\/span><\/p>\n<p><span style=\"font-weight: 400; color: #000000;\">Fillimisht ai q\u00ebllon t\u00eb riun q\u00eb po p\u00ebrleshej me bashk\u00ebpun\u00ebtorin e tij, m\u00eb pas q\u00ebllon n\u00eb kok\u00eb personin e dyt\u00eb q\u00eb po tenton t\u00eb largohet, nd\u00ebrsa nuk heziton t\u00eb q\u00eblloj\u00eb edhe nj\u00eb pjes\u00ebtar t\u00eb tret\u00eb t\u00eb grupit, i cili po shikonte p\u00ebrleshjen.<\/span><\/p>\n<p><span style=\"font-weight: 400; color: #000000;\">Dy v\u00ebllez\u00ebrit nga Malia e Kret\u00ebs, t\u00eb mosh\u00ebs 29 dhe 34 vje\u00e7, jan\u00eb n\u00eb gjendje t\u00eb r\u00ebnd\u00eb n\u00eb Klinik\u00ebn e Neurokirurgjis\u00eb t\u00eb Spitalit \u201cGennimatas\u201d, me d\u00ebmtime n\u00eb kok\u00eb.<\/span><\/p>\n<p><span style=\"font-weight: 400; color: #000000;\">Me plag\u00eb m\u00eb t\u00eb lehta po trajtohet edhe shoku i tyre 29-vje\u00e7ar, i cili ra p\u00ebrtok\u00eb i gjakosur pas sulmit.<\/span><\/p>\n<p><span style=\"font-weight: 400; color: #000000;\">Sipas mediave greke, dy shqiptar\u00ebt e shpallur n\u00eb k\u00ebrkim jan\u00eb pjes\u00ebtar\u00eb t\u00eb grupit \u201cLions\u201d, t\u00eb cil\u00ebt akuzohen edhe p\u00ebr vrasjen e 40-vje\u00e7arit P\u00ebllumb Islami, nga Delvina n\u00eb 21 shkurt 2023. Dyshimet jan\u00eb se ata ose jan\u00eb arratisur ose do tentojn\u00eb t\u00eb arratisen n\u00eb Shqip\u00ebri.<\/span><\/p>\n","protected":false,"gt_translate_keys":[{"key":"rendered","format":"html"}]},"excerpt":{"rendered":"<p>Policia greke prej disa or\u00ebsh \u00ebsht\u00eb ngritur n\u00eb k\u00ebmb\u00eb p\u00ebr kapjen e dy shtetasve shqiptar\u00eb t\u00eb konsideruar me rrezikshm\u00ebri t\u00eb lart\u00eb p\u00ebr shkak t\u00eb precedent\u00ebve t\u00eb r\u00ebnd\u00eb kriminale. Ata jan\u00eb identifikuar or\u00ebt e fundit si autor\u00eb t\u00eb plagosjes s\u00eb 3 shtetasve greke dje n\u00eb or\u00ebt e para t\u00eb m\u00ebngjesit jasht\u00eb nj\u00eb lokali nate n\u00eb \u201cGazi\u201d [&hellip;]<\/p>\n","protected":false,"gt_translate_keys":[{"key":"rendered","format":"html"}]},"author":4,"featured_media":640250,"comment_status":"closed","ping_status":"closed","sticky":false,"template":"","format":"standard","meta":{"footnotes":""},"categories":[65],"tags":[],"class_list":["post-640249","post","type-post","status-publish","format-standard","has-post-thumbnail","hentry","category-lajme"],"gt_translate_keys":[{"key":"link","format":"url"}],"_links":{"self":[{"href":"https:\/\/www.hashtag.al\/index.php\/wp-json\/wp\/v2\/posts\/640249","targetHints":{"allow":["GET"]}}],"collection":[{"href":"https:\/\/www.hashtag.al\/index.php\/wp-json\/wp\/v2\/posts"}],"about":[{"href":"https:\/\/www.hashtag.al\/index.php\/wp-json\/wp\/v2\/types\/post"}],"author":[{"embeddable":true,"href":"https:\/\/www.hashtag.al\/index.php\/wp-json\/wp\/v2\/users\/4"}],"replies":[{"embeddable":true,"href":"https:\/\/www.hashtag.al\/index.php\/wp-json\/wp\/v2\/comments?post=640249"}],"version-history":[{"count":0,"href":"https:\/\/www.hashtag.al\/index.php\/wp-json\/wp\/v2\/posts\/640249\/revisions"}],"wp:featuredmedia":[{"embeddable":true,"href":"https:\/\/www.hashtag.al\/index.php\/wp-json\/wp\/v2\/media\/640250"}],"wp:attachment":[{"href":"https:\/\/www.hashtag.al\/index.php\/wp-json\/wp\/v2\/media?parent=640249"}],"wp:term":[{"taxonomy":"category","embeddable":true,"href":"https:\/\/www.hashtag.al\/index.php\/wp-json\/wp\/v2\/categories?post=640249"},{"taxonomy":"post_tag","embeddable":true,"href":"https:\/\/www.hashtag.al\/index.php\/wp-json\/wp\/v2\/tags?post=640249"}],"curies":[{"name":"wp","href":"https:\/\/api.w.org\/{rel}","templated":true}]}}