{"id":640205,"date":"2023-12-17T11:55:18","date_gmt":"2023-12-17T10:55:18","guid":{"rendered":"https:\/\/www.hashtag.al\/?p=640205"},"modified":"2023-12-17T11:55:18","modified_gmt":"2023-12-17T10:55:18","slug":"votimet-ne-luginen-e-presheves-jorida-tabaku-ndjek-nga-afer-procesin-shpresoj-per-pjesemarrje-te-larte","status":"publish","type":"post","link":"https:\/\/www.hashtag.al\/index.php\/2023\/12\/17\/votimet-ne-luginen-e-presheves-jorida-tabaku-ndjek-nga-afer-procesin-shpresoj-per-pjesemarrje-te-larte\/","title":{"rendered":"Votimet n\u00eb Lugin\u00ebn e Preshev\u00ebs, Jorida Tabaku ndjek nga af\u00ebr procesin: Shpresoj p\u00ebr pjes\u00ebmarrje t\u00eb lart\u00eb","gt_translate_keys":[{"key":"rendered","format":"text"}]},"content":{"rendered":"<p><img loading=\"lazy\" decoding=\"async\" class=\"size-full wp-image-640206 aligncenter\" src=\"https:\/\/www.hashtag.al\/wp-content\/uploads\/2023\/12\/412121916_924395605716491_1097952149315344763_n-768x576-1.jpg\" alt=\"\" width=\"768\" height=\"576\" srcset=\"https:\/\/www.hashtag.al\/wp-content\/uploads\/2023\/12\/412121916_924395605716491_1097952149315344763_n-768x576-1.jpg 768w, https:\/\/www.hashtag.al\/wp-content\/uploads\/2023\/12\/412121916_924395605716491_1097952149315344763_n-768x576-1-300x225.jpg 300w\" sizes=\"auto, (max-width: 768px) 100vw, 768px\" \/><\/p>\n<p><span style=\"font-weight: 400; color: #000000;\">Zgjedhjet e p\u00ebrgjithshme serbe po zhvillohen k\u00ebt\u00eb t\u00eb diel edhe n\u00eb Lugin\u00ebn e Preshev\u00ebs ku do t\u00eb zgjidhet deputeti i vet\u00ebm shqiptar n\u00eb Parlamentin e Serbis\u00eb.<\/span><\/p>\n<p><span style=\"font-weight: 400; color: #000000;\">P\u00ebr t\u00eb v\u00ebzhguar zgjedhjet nga af\u00ebr, atje ka shkuar edhe deputetja e Partis\u00eb Demokratike, Jorida Tabaku, e cila thot\u00eb se shpreson p\u00ebr pjes\u00ebmarrje t\u00eb lart\u00eb.<\/span><\/p>\n<p><span style=\"color: #000000;\"><i><span style=\"font-weight: 400;\">\u201cMir\u00ebm\u00ebngj\u00ebs nga Lugina e Preshev\u00ebs ku si pjes\u00eb e ekipit t\u00eb grupit t\u00eb Partive t\u00eb Djathta EPP n\u00eb K\u00ebshillin e Evrop\u00ebs do t\u00eb v\u00ebzhgoj zgjedhjet parlamentare t\u00eb Serbis\u00eb. Me shpres\u00eb t\u00eb nj\u00eb pjes\u00ebmarrje t\u00eb lart\u00eb t\u00eb shqiptar\u00ebve n\u00eb votime p\u00ebr t\u00eb zgjdhur p\u00ebrfaq\u00ebsuesit e tyre n\u00eb Parlament. Nuk ka rrug\u00eb tjet\u00ebr p\u00ebr ta ndryshuar realitetin p\u00ebrve\u00e7se n\u00ebp\u00ebrmjet pjes\u00ebmarrjes<\/span><\/i><span style=\"font-weight: 400;\">\u201d, shkruan ajo.<\/span><\/span><\/p>\n","protected":false,"gt_translate_keys":[{"key":"rendered","format":"html"}]},"excerpt":{"rendered":"<p>Zgjedhjet e p\u00ebrgjithshme serbe po zhvillohen k\u00ebt\u00eb t\u00eb diel edhe n\u00eb Lugin\u00ebn e Preshev\u00ebs ku do t\u00eb zgjidhet deputeti i vet\u00ebm shqiptar n\u00eb Parlamentin e Serbis\u00eb. P\u00ebr t\u00eb v\u00ebzhguar zgjedhjet nga af\u00ebr, atje ka shkuar edhe deputetja e Partis\u00eb Demokratike, Jorida Tabaku, e cila thot\u00eb se shpreson p\u00ebr pjes\u00ebmarrje t\u00eb lart\u00eb. \u201cMir\u00ebm\u00ebngj\u00ebs nga Lugina e [&hellip;]<\/p>\n","protected":false,"gt_translate_keys":[{"key":"rendered","format":"html"}]},"author":4,"featured_media":640206,"comment_status":"closed","ping_status":"closed","sticky":false,"template":"","format":"standard","meta":{"footnotes":""},"categories":[65],"tags":[],"class_list":["post-640205","post","type-post","status-publish","format-standard","has-post-thumbnail","hentry","category-lajme"],"gt_translate_keys":[{"key":"link","format":"url"}],"_links":{"self":[{"href":"https:\/\/www.hashtag.al\/index.php\/wp-json\/wp\/v2\/posts\/640205","targetHints":{"allow":["GET"]}}],"collection":[{"href":"https:\/\/www.hashtag.al\/index.php\/wp-json\/wp\/v2\/posts"}],"about":[{"href":"https:\/\/www.hashtag.al\/index.php\/wp-json\/wp\/v2\/types\/post"}],"author":[{"embeddable":true,"href":"https:\/\/www.hashtag.al\/index.php\/wp-json\/wp\/v2\/users\/4"}],"replies":[{"embeddable":true,"href":"https:\/\/www.hashtag.al\/index.php\/wp-json\/wp\/v2\/comments?post=640205"}],"version-history":[{"count":0,"href":"https:\/\/www.hashtag.al\/index.php\/wp-json\/wp\/v2\/posts\/640205\/revisions"}],"wp:featuredmedia":[{"embeddable":true,"href":"https:\/\/www.hashtag.al\/index.php\/wp-json\/wp\/v2\/media\/640206"}],"wp:attachment":[{"href":"https:\/\/www.hashtag.al\/index.php\/wp-json\/wp\/v2\/media?parent=640205"}],"wp:term":[{"taxonomy":"category","embeddable":true,"href":"https:\/\/www.hashtag.al\/index.php\/wp-json\/wp\/v2\/categories?post=640205"},{"taxonomy":"post_tag","embeddable":true,"href":"https:\/\/www.hashtag.al\/index.php\/wp-json\/wp\/v2\/tags?post=640205"}],"curies":[{"name":"wp","href":"https:\/\/api.w.org\/{rel}","templated":true}]}}