{"id":640190,"date":"2023-12-17T10:49:02","date_gmt":"2023-12-17T09:49:02","guid":{"rendered":"https:\/\/www.hashtag.al\/?p=640190"},"modified":"2023-12-17T10:49:02","modified_gmt":"2023-12-17T09:49:02","slug":"vucic-voton-ne-zgjedhjet-e-pergjithshme-dhe-lokale-presim-nje-fitore-absolute","status":"publish","type":"post","link":"https:\/\/www.hashtag.al\/index.php\/2023\/12\/17\/vucic-voton-ne-zgjedhjet-e-pergjithshme-dhe-lokale-presim-nje-fitore-absolute\/","title":{"rendered":"Vu\u00e7i\u00e7 voton n\u00eb zgjedhjet e p\u00ebrgjithshme dhe lokale: Presim nj\u00eb fitore absolute","gt_translate_keys":[{"key":"rendered","format":"text"}]},"content":{"rendered":"<p><img loading=\"lazy\" decoding=\"async\" class=\"size-full wp-image-640191 aligncenter\" src=\"https:\/\/www.hashtag.al\/wp-content\/uploads\/2023\/12\/1702806116_vuc.jpg\" alt=\"\" width=\"780\" height=\"440\" srcset=\"https:\/\/www.hashtag.al\/wp-content\/uploads\/2023\/12\/1702806116_vuc.jpg 780w, https:\/\/www.hashtag.al\/wp-content\/uploads\/2023\/12\/1702806116_vuc-300x169.jpg 300w, https:\/\/www.hashtag.al\/wp-content\/uploads\/2023\/12\/1702806116_vuc-768x433.jpg 768w\" sizes=\"auto, (max-width: 780px) 100vw, 780px\" \/><\/p>\n<p><span style=\"font-weight: 400; color: #000000;\">Presidenti i Serbis\u00eb, Aleksand\u00ebr Vu\u00e7i\u00e7, ka votuar k\u00ebt\u00eb t\u00eb diel (17 Dhjetor) n\u00eb kuad\u00ebr t\u00eb zgjedhjeve parlamentare dhe lokale q\u00eb po zhvillohen n\u00eb Serbi.<\/span><\/p>\n<p><span style=\"font-weight: 400; color: #000000;\">Vu\u00e7i\u00e7 tha se Serbia n\u00eb t\u00eb ardhmen do t\u00eb kishte shum\u00eb pun\u00eb t\u00eb r\u00ebnd\u00ebsishme.<\/span><\/p>\n<p><span style=\"font-weight: 400; color: #000000;\">Gjithashtu ai shprehu mendimin e tij duke th\u00ebn\u00eb se kjo ishte nj\u00eb detyr\u00eb e r\u00ebnd\u00ebsishme, nj\u00eb k\u00ebrkes\u00eb madhore q\u00eb Serbia t\u00eb vazhdoj\u00eb n\u00eb rrug\u00ebn e p\u00ebrparimit dhe suksesit.<\/span><\/p>\n<p><span style=\"color: #000000;\"><i><span style=\"font-weight: 400;\">\u201cPres nj\u00eb pjes\u00ebmarrje shum\u00eb t\u00eb mir\u00eb. Ne krijuam nj\u00eb turm\u00eb k\u00ebtu, m\u00eb t\u00eb madhe se sa do t\u00eb ishte zakonisht. Pres nj\u00eb pjes\u00ebmarrje t\u00eb mir\u00eb dhe nj\u00eb fitore vendimtare.\u00a0<\/span><\/i><\/span><\/p>\n<p><span style=\"color: #000000;\"><i><span style=\"font-weight: 400;\">Shpresoj q\u00eb t\u00eb gjith\u00eb t\u00eb p\u00ebrfshir\u00eb n\u00eb zgjedhje t\u00eb sillen n\u00eb m\u00ebnyr\u00eb racionale dhe t\u00eb p\u00ebrgjegjshme, edhe pse nuk jam i sigurt p\u00ebr k\u00ebt\u00eb. Un\u00eb pres q\u00eb Serbia n\u00eb t\u00eb ardhmen do t\u00eb ket\u00eb shum\u00eb pun\u00eb t\u00eb r\u00ebnd\u00ebsishme.\u00a0<\/span><\/i><\/span><\/p>\n<p><span style=\"color: #000000;\"><i><span style=\"font-weight: 400;\">Ka shum\u00eb p\u00ebr t\u00eb b\u00ebr\u00eb. Kur them \u2018fitore vendimtare\u2019 besoj se aleanca \u201cSerbia nuk duhet t\u00eb ndalet\u201d (aleanca zgjedhore ku b\u00ebn pjes\u00eb edhe Partia Progresive Serbe e Vu\u00e7i\u00e7it) do t\u00eb ket\u00eb ose do t\u00eb jet\u00eb af\u00ebr shumic\u00ebs absolute.\u00a0<\/span><\/i><\/span><\/p>\n<p><span style=\"color: #000000;\"><i><span style=\"font-weight: 400;\">Mendoj se kjo \u00ebsht\u00eb nj\u00eb detyr\u00eb e r\u00ebnd\u00ebsishme, nj\u00eb k\u00ebrkes\u00eb madhore q\u00eb Serbia t\u00eb vazhdoj\u00eb n\u00eb rrug\u00ebn e p\u00ebrparimit dhe suksesit\u201d, <\/span><\/i><span style=\"font-weight: 400;\">tha Vu\u00e7i\u00e7.<\/span><\/span><\/p>\n","protected":false,"gt_translate_keys":[{"key":"rendered","format":"html"}]},"excerpt":{"rendered":"<p>Presidenti i Serbis\u00eb, Aleksand\u00ebr Vu\u00e7i\u00e7, ka votuar k\u00ebt\u00eb t\u00eb diel (17 Dhjetor) n\u00eb kuad\u00ebr t\u00eb zgjedhjeve parlamentare dhe lokale q\u00eb po zhvillohen n\u00eb Serbi. Vu\u00e7i\u00e7 tha se Serbia n\u00eb t\u00eb ardhmen do t\u00eb kishte shum\u00eb pun\u00eb t\u00eb r\u00ebnd\u00ebsishme. Gjithashtu ai shprehu mendimin e tij duke th\u00ebn\u00eb se kjo ishte nj\u00eb detyr\u00eb e r\u00ebnd\u00ebsishme, nj\u00eb k\u00ebrkes\u00eb [&hellip;]<\/p>\n","protected":false,"gt_translate_keys":[{"key":"rendered","format":"html"}]},"author":4,"featured_media":640191,"comment_status":"closed","ping_status":"closed","sticky":false,"template":"","format":"standard","meta":{"footnotes":""},"categories":[149],"tags":[],"class_list":["post-640190","post","type-post","status-publish","format-standard","has-post-thumbnail","hentry","category-kosoverajon"],"gt_translate_keys":[{"key":"link","format":"url"}],"_links":{"self":[{"href":"https:\/\/www.hashtag.al\/index.php\/wp-json\/wp\/v2\/posts\/640190","targetHints":{"allow":["GET"]}}],"collection":[{"href":"https:\/\/www.hashtag.al\/index.php\/wp-json\/wp\/v2\/posts"}],"about":[{"href":"https:\/\/www.hashtag.al\/index.php\/wp-json\/wp\/v2\/types\/post"}],"author":[{"embeddable":true,"href":"https:\/\/www.hashtag.al\/index.php\/wp-json\/wp\/v2\/users\/4"}],"replies":[{"embeddable":true,"href":"https:\/\/www.hashtag.al\/index.php\/wp-json\/wp\/v2\/comments?post=640190"}],"version-history":[{"count":0,"href":"https:\/\/www.hashtag.al\/index.php\/wp-json\/wp\/v2\/posts\/640190\/revisions"}],"wp:featuredmedia":[{"embeddable":true,"href":"https:\/\/www.hashtag.al\/index.php\/wp-json\/wp\/v2\/media\/640191"}],"wp:attachment":[{"href":"https:\/\/www.hashtag.al\/index.php\/wp-json\/wp\/v2\/media?parent=640190"}],"wp:term":[{"taxonomy":"category","embeddable":true,"href":"https:\/\/www.hashtag.al\/index.php\/wp-json\/wp\/v2\/categories?post=640190"},{"taxonomy":"post_tag","embeddable":true,"href":"https:\/\/www.hashtag.al\/index.php\/wp-json\/wp\/v2\/tags?post=640190"}],"curies":[{"name":"wp","href":"https:\/\/api.w.org\/{rel}","templated":true}]}}