{"id":640042,"date":"2023-12-16T18:09:38","date_gmt":"2023-12-16T17:09:38","guid":{"rendered":"https:\/\/www.hashtag.al\/?p=640042"},"modified":"2023-12-16T18:09:38","modified_gmt":"2023-12-16T17:09:38","slug":"ndahet-nga-jeta-toni-negri-lideri-historik-i-autonomia-operaia-intelektuali-dhe-filozofi-italian","status":"publish","type":"post","link":"https:\/\/www.hashtag.al\/index.php\/2023\/12\/16\/ndahet-nga-jeta-toni-negri-lideri-historik-i-autonomia-operaia-intelektuali-dhe-filozofi-italian\/","title":{"rendered":"Ndahet nga jeta Toni Negri, lideri historik i Autonomia Operaia, intelektuali dhe filozofi italian","gt_translate_keys":[{"key":"rendered","format":"text"}]},"content":{"rendered":"<p style=\"text-align: left;\"><span style=\"color: #000000;\"><img loading=\"lazy\" decoding=\"async\" class=\"alignnone size-full wp-image-640043\" src=\"https:\/\/www.hashtag.al\/wp-content\/uploads\/2023\/12\/090557092-c32e0326-bb79-481d-99a0-a4d56f14d034.jpg\" alt=\"\" width=\"800\" height=\"450\" srcset=\"https:\/\/www.hashtag.al\/wp-content\/uploads\/2023\/12\/090557092-c32e0326-bb79-481d-99a0-a4d56f14d034.jpg 800w, https:\/\/www.hashtag.al\/wp-content\/uploads\/2023\/12\/090557092-c32e0326-bb79-481d-99a0-a4d56f14d034-300x169.jpg 300w, https:\/\/www.hashtag.al\/wp-content\/uploads\/2023\/12\/090557092-c32e0326-bb79-481d-99a0-a4d56f14d034-768x432.jpg 768w\" sizes=\"auto, (max-width: 800px) 100vw, 800px\" \/><\/span><\/p>\n<p><span style=\"color: #000000;\">Filozofi dhe politologu italian Toni Negri vdiq t\u00eb premten n\u00eb mbr\u00ebmje n\u00eb Paris, n\u00eb mosh\u00ebn n\u00ebnt\u00ebdhjet\u00ebvje\u00e7are. Lajmin e b\u00ebri t\u00eb ditur bashk\u00ebshortja e tij, Judith Revel\u00a0dhe vajza e tij Anna, e cila e kujtoi at\u00eb me nj\u00eb postim n\u00eb Instagram.<\/span><\/p>\n<p><span style=\"color: #000000;\">Negri ishte nj\u00eb teoricien i marksizmit dhe e gjith\u00eb karriera e tij filloi n\u00eb vitet gjasht\u00ebdhjet\u00eb nga Partia Socialiste Italiane. Megjithat\u00eb, ai shpejt nuk u pajtua dhe u zhvendos n\u00eb pozicione duksh\u00ebm m\u00eb t\u00eb majta.<\/span><\/p>\n<p><span style=\"color: #000000;\">Gjithmon\u00eb n\u00eb vitet gjasht\u00ebdhjet\u00eb ishte nj\u00eb nga themeluesit e sht\u00ebpis\u00eb botuese Marsilio dhe revist\u00ebs mujore \u201cRed Notebooks\u201d, Quaderni Rossi. <\/span><\/p>\n<p><span style=\"color: #000000;\">M\u00eb pas boton analiza n\u00eb revist\u00ebn Classe Operaia, \u201cKlasa e Pun\u00ebs\u201d dhe i bashkohet organizat\u00ebs \u201cWorkers Power\u201d, Potere Operaio, n\u00eb t\u00eb majt\u00ebn jasht\u00ebparlamentare. Temat kryesore t\u00eb analiz\u00ebs s\u00eb tij, nd\u00ebr t\u00eb tjera, jan\u00eb situata sociale dhe problemet n\u00eb vendet e socializmit ekzistues, marr\u00ebdh\u00ebniet e Per\u00ebndimit me \u201cbot\u00ebn e tret\u00eb\u201d, ndryshimet q\u00eb kishin ndodhur n\u00eb industri dhe n\u00eb vet\u00eb \u201cidentitetin\u201d e pun\u00ebtor\u00ebve.<\/span><\/p>\n<p><span style=\"color: #000000;\">N\u00eb vitin 1973 Negri themeloi organizat\u00ebn Autonomia Operaia, \u201cAutonomia e Pun\u00ebtor\u00ebve\u201d, \u200b\u200bgjithmon\u00eb e s\u00eb majt\u00ebs jasht\u00ebparlamentare, e s\u00eb cil\u00ebs do t\u00eb mbetej pika kryesore e referenc\u00ebs deri n\u00eb shp\u00ebrb\u00ebrjen e saj n\u00eb 1979. <\/span><\/p>\n<p><span style=\"color: #000000;\">Negri i vitit 1983 zgjidhet deputet i Partis\u00eb Radikale, por n\u00eb t\u00eb nj\u00ebjtin vit largohet nga Italia dhe shkon n\u00eb Franc\u00eb, sepse p\u00ebrfshihet n\u00eb nj\u00eb \u00e7\u00ebshtje gjyq\u00ebsore p\u00ebr \u201cmb\u00ebshtetje morale dhe politike t\u00eb terroriz\u00ebm\u201d dhe t\u00eb vet\u00eb Brigadave t\u00eb Kuqe, me akuza p\u00ebr dhun\u00eb, sulme ndaj agjencive t\u00eb zbatimit t\u00eb ligjit dhe rr\u00ebmbime.<\/span><\/p>\n<p><span style=\"color: #000000;\">Toni Negri, gjat\u00eb q\u00ebndrimit n\u00eb Paris, nd\u00ebr t\u00eb tjera dha m\u00ebsim n\u00eb Sorbon\u00eb dhe n\u00eb Kolegjin Nd\u00ebrkomb\u00ebtar t\u00eb Studimeve Filozofike. <\/span><\/p>\n<p><span style=\"color: #000000;\">Ish-ministri i Brendsh\u00ebm italian dhe ish-presidenti i republik\u00ebs, Francesco Cosiga, e kishte cil\u00ebsuar arrestimin e Negrit si nj\u00eb \u201cpadrejt\u00ebsi\u201d dhe kishte n\u00ebnvizuar se \u201cai pagoi nj\u00eb kosto disproporcionale, n\u00eb lidhje me p\u00ebrgjegj\u00ebsit\u00eb e tij reale\u201d.<\/span><\/p>\n","protected":false,"gt_translate_keys":[{"key":"rendered","format":"html"}]},"excerpt":{"rendered":"<p>Filozofi dhe politologu italian Toni Negri vdiq t\u00eb premten n\u00eb mbr\u00ebmje n\u00eb Paris, n\u00eb mosh\u00ebn n\u00ebnt\u00ebdhjet\u00ebvje\u00e7are. Lajmin e b\u00ebri t\u00eb ditur bashk\u00ebshortja e tij, Judith Revel\u00a0dhe vajza e tij Anna, e cila e kujtoi at\u00eb me nj\u00eb postim n\u00eb Instagram. Negri ishte nj\u00eb teoricien i marksizmit dhe e gjith\u00eb karriera e tij filloi n\u00eb vitet [&hellip;]<\/p>\n","protected":false,"gt_translate_keys":[{"key":"rendered","format":"html"}]},"author":4,"featured_media":640043,"comment_status":"closed","ping_status":"closed","sticky":false,"template":"","format":"standard","meta":{"footnotes":""},"categories":[53],"tags":[],"class_list":["post-640042","post","type-post","status-publish","format-standard","has-post-thumbnail","hentry","category-fast-foodi"],"gt_translate_keys":[{"key":"link","format":"url"}],"_links":{"self":[{"href":"https:\/\/www.hashtag.al\/index.php\/wp-json\/wp\/v2\/posts\/640042","targetHints":{"allow":["GET"]}}],"collection":[{"href":"https:\/\/www.hashtag.al\/index.php\/wp-json\/wp\/v2\/posts"}],"about":[{"href":"https:\/\/www.hashtag.al\/index.php\/wp-json\/wp\/v2\/types\/post"}],"author":[{"embeddable":true,"href":"https:\/\/www.hashtag.al\/index.php\/wp-json\/wp\/v2\/users\/4"}],"replies":[{"embeddable":true,"href":"https:\/\/www.hashtag.al\/index.php\/wp-json\/wp\/v2\/comments?post=640042"}],"version-history":[{"count":0,"href":"https:\/\/www.hashtag.al\/index.php\/wp-json\/wp\/v2\/posts\/640042\/revisions"}],"wp:featuredmedia":[{"embeddable":true,"href":"https:\/\/www.hashtag.al\/index.php\/wp-json\/wp\/v2\/media\/640043"}],"wp:attachment":[{"href":"https:\/\/www.hashtag.al\/index.php\/wp-json\/wp\/v2\/media?parent=640042"}],"wp:term":[{"taxonomy":"category","embeddable":true,"href":"https:\/\/www.hashtag.al\/index.php\/wp-json\/wp\/v2\/categories?post=640042"},{"taxonomy":"post_tag","embeddable":true,"href":"https:\/\/www.hashtag.al\/index.php\/wp-json\/wp\/v2\/tags?post=640042"}],"curies":[{"name":"wp","href":"https:\/\/api.w.org\/{rel}","templated":true}]}}