{"id":639769,"date":"2023-12-15T15:03:47","date_gmt":"2023-12-15T14:03:47","guid":{"rendered":"https:\/\/www.hashtag.al\/?p=639769"},"modified":"2023-12-15T15:03:47","modified_gmt":"2023-12-15T14:03:47","slug":"perleshje-mes-te-denuarve-ne-burgun-e-peqinit-dy-te-plagosur","status":"publish","type":"post","link":"https:\/\/www.hashtag.al\/index.php\/2023\/12\/15\/perleshje-mes-te-denuarve-ne-burgun-e-peqinit-dy-te-plagosur\/","title":{"rendered":"P\u00ebrleshje mes t\u00eb d\u00ebnuarve n\u00eb burgun e Peqinit, dy t\u00eb plagosur","gt_translate_keys":[{"key":"rendered","format":"text"}]},"content":{"rendered":"<p>&nbsp;<\/p>\n<p><span style=\"color: #000000;\"><a href=\"https:\/\/www.hashtag.al\/wp-content\/uploads\/2023\/12\/1633031455_1583156273burguipeqinit.jpg\"><img loading=\"lazy\" decoding=\"async\" class=\"aligncenter size-full wp-image-639771\" src=\"https:\/\/www.hashtag.al\/wp-content\/uploads\/2023\/12\/1633031455_1583156273burguipeqinit.jpg\" alt=\"\" width=\"539\" height=\"305\" srcset=\"https:\/\/www.hashtag.al\/wp-content\/uploads\/2023\/12\/1633031455_1583156273burguipeqinit.jpg 539w, https:\/\/www.hashtag.al\/wp-content\/uploads\/2023\/12\/1633031455_1583156273burguipeqinit-300x170.jpg 300w\" sizes=\"auto, (max-width: 539px) 100vw, 539px\" \/><\/a><\/span><\/p>\n<p><span style=\"color: #000000;\">Tre t\u00eb d\u00ebnuar me burgim t\u00eb p\u00ebrjetsh\u00ebm n\u00eb burgun e Peqinit jan\u00eb p\u00ebrplasur me nj\u00ebri-tjetrin n\u00eb burgun e Peqinit.<\/span><\/p>\n<p><span style=\"color: #000000;\">Nga mediat b\u00ebhet me dije se n\u00eb p\u00ebrplasje jan\u00eb p\u00ebrfshir\u00eb Sokol Mjacaj, Ilir Xhakja dhe Arben Lleshi. T\u00eb nj\u00ebjtat burime thon\u00eb se dy t\u00eb d\u00ebnuar kan\u00eb mbetur t\u00eb plagosur.<\/span><\/p>\n<p><span style=\"color: #000000;\">Nuk raportohet p\u00ebr efektiv\u00eb apo gardian\u00eb t\u00eb plagosur.<\/span><\/p>\n<p>&nbsp;<\/p>\n<p><span style=\"color: #000000;\">Njoftim paraprak nga Drejtoria e P\u00ebrgjithshme e Burgjeve:<\/span><\/p>\n<p><span style=\"color: #000000;\"><em>Per shkak te nje konflikti mes tre te denuarve me burgim te p\u00ebrjetsh\u00ebm kane mbetur te plagosur dy prej tyre dhe situata po menaxhohet!<\/em><\/span><br \/>\n<span style=\"color: #000000;\"><em>Ju sqarojme q\u00eb s\u2019ka asnje gardian, staf policor dhe civil te lenduar!<\/em><\/span><\/p>\n","protected":false,"gt_translate_keys":[{"key":"rendered","format":"html"}]},"excerpt":{"rendered":"<p>&nbsp; Tre t\u00eb d\u00ebnuar me burgim t\u00eb p\u00ebrjetsh\u00ebm n\u00eb burgun e Peqinit jan\u00eb p\u00ebrplasur me nj\u00ebri-tjetrin n\u00eb burgun e Peqinit. Nga mediat b\u00ebhet me dije se n\u00eb p\u00ebrplasje jan\u00eb p\u00ebrfshir\u00eb Sokol Mjacaj, Ilir Xhakja dhe Arben Lleshi. T\u00eb nj\u00ebjtat burime thon\u00eb se dy t\u00eb d\u00ebnuar kan\u00eb mbetur t\u00eb plagosur. Nuk raportohet p\u00ebr efektiv\u00eb apo gardian\u00eb [&hellip;]<\/p>\n","protected":false,"gt_translate_keys":[{"key":"rendered","format":"html"}]},"author":30,"featured_media":639771,"comment_status":"closed","ping_status":"closed","sticky":false,"template":"","format":"standard","meta":{"footnotes":""},"categories":[65],"tags":[],"class_list":["post-639769","post","type-post","status-publish","format-standard","has-post-thumbnail","hentry","category-lajme"],"gt_translate_keys":[{"key":"link","format":"url"}],"_links":{"self":[{"href":"https:\/\/www.hashtag.al\/index.php\/wp-json\/wp\/v2\/posts\/639769","targetHints":{"allow":["GET"]}}],"collection":[{"href":"https:\/\/www.hashtag.al\/index.php\/wp-json\/wp\/v2\/posts"}],"about":[{"href":"https:\/\/www.hashtag.al\/index.php\/wp-json\/wp\/v2\/types\/post"}],"author":[{"embeddable":true,"href":"https:\/\/www.hashtag.al\/index.php\/wp-json\/wp\/v2\/users\/30"}],"replies":[{"embeddable":true,"href":"https:\/\/www.hashtag.al\/index.php\/wp-json\/wp\/v2\/comments?post=639769"}],"version-history":[{"count":0,"href":"https:\/\/www.hashtag.al\/index.php\/wp-json\/wp\/v2\/posts\/639769\/revisions"}],"wp:featuredmedia":[{"embeddable":true,"href":"https:\/\/www.hashtag.al\/index.php\/wp-json\/wp\/v2\/media\/639771"}],"wp:attachment":[{"href":"https:\/\/www.hashtag.al\/index.php\/wp-json\/wp\/v2\/media?parent=639769"}],"wp:term":[{"taxonomy":"category","embeddable":true,"href":"https:\/\/www.hashtag.al\/index.php\/wp-json\/wp\/v2\/categories?post=639769"},{"taxonomy":"post_tag","embeddable":true,"href":"https:\/\/www.hashtag.al\/index.php\/wp-json\/wp\/v2\/tags?post=639769"}],"curies":[{"name":"wp","href":"https:\/\/api.w.org\/{rel}","templated":true}]}}