{"id":639638,"date":"2023-12-15T09:59:12","date_gmt":"2023-12-15T08:59:12","guid":{"rendered":"https:\/\/www.hashtag.al\/?p=639638"},"modified":"2023-12-15T10:02:13","modified_gmt":"2023-12-15T09:02:13","slug":"dyshohet-se-kryen-marredhenie-seksuale-me-dhune-me-dy-vajza-ne-berat-ne-pranga-dy-te-rinj","status":"publish","type":"post","link":"https:\/\/www.hashtag.al\/index.php\/2023\/12\/15\/dyshohet-se-kryen-marredhenie-seksuale-me-dhune-me-dy-vajza-ne-berat-ne-pranga-dy-te-rinj\/","title":{"rendered":"Dyshohet se kryen marr\u00ebdh\u00ebnie seksuale me dhun\u00eb me dy vajza n\u00eb Berat, n\u00eb pranga dy t\u00eb rinj","gt_translate_keys":[{"key":"rendered","format":"text"}]},"content":{"rendered":"<p><img loading=\"lazy\" decoding=\"async\" class=\"size-full wp-image-637009 aligncenter\" src=\"https:\/\/www.hashtag.al\/wp-content\/uploads\/2023\/12\/policia-e-Tiraneds-1.jpg\" alt=\"\" width=\"768\" height=\"447\" srcset=\"https:\/\/www.hashtag.al\/wp-content\/uploads\/2023\/12\/policia-e-Tiraneds-1.jpg 768w, https:\/\/www.hashtag.al\/wp-content\/uploads\/2023\/12\/policia-e-Tiraneds-1-300x175.jpg 300w, https:\/\/www.hashtag.al\/wp-content\/uploads\/2023\/12\/policia-e-Tiraneds-1-250x145.jpg 250w\" sizes=\"auto, (max-width: 768px) 100vw, 768px\" \/><\/p>\n<p style=\"text-align: left;\"><span style=\"color: #000000;\">Dy t\u00eb rinj kan\u00eb p\u00ebrfunduar n\u00eb prangat e policis\u00eb s\u00eb Beratit, pasi akuzohen se kan\u00eb kryer marr\u00ebdh\u00ebnie seksuale me dhun\u00eb me dy shtetase, p\u00ebrkat\u00ebsisht 16 dhe 19-vje\u00e7e.<\/span><\/p>\n<p style=\"text-align: left;\"><span style=\"color: #000000;\"><strong>Njoftimi:<\/strong><\/span><\/p>\n<p style=\"text-align: left;\"><span style=\"color: #000000;\">Specialist\u00ebt p\u00ebr Hetimin e Krimeve t\u00eb Komisariatit t\u00eb Policis\u00eb Berat vun\u00eb n\u00eb pranga shtetasit A. N., 33 vje\u00e7 dhe A. Sh., 20 vje\u00e7, t\u00eb dy banues n\u00eb Berat, pasi dyshohet se kan\u00eb kryer marr\u00ebdh\u00ebnie seksuale me dhun\u00eb, me 2 shtetase 19 dhe 16 vje\u00e7e.<\/span><\/p>\n","protected":false,"gt_translate_keys":[{"key":"rendered","format":"html"}]},"excerpt":{"rendered":"<p>Dy t\u00eb rinj kan\u00eb p\u00ebrfunduar n\u00eb prangat e policis\u00eb s\u00eb Beratit, pasi akuzohen se kan\u00eb kryer marr\u00ebdh\u00ebnie seksuale me dhun\u00eb me dy shtetase, p\u00ebrkat\u00ebsisht 16 dhe 19-vje\u00e7e. Njoftimi: Specialist\u00ebt p\u00ebr Hetimin e Krimeve t\u00eb Komisariatit t\u00eb Policis\u00eb Berat vun\u00eb n\u00eb pranga shtetasit A. N., 33 vje\u00e7 dhe A. Sh., 20 vje\u00e7, t\u00eb dy banues n\u00eb [&hellip;]<\/p>\n","protected":false,"gt_translate_keys":[{"key":"rendered","format":"html"}]},"author":4,"featured_media":637009,"comment_status":"closed","ping_status":"closed","sticky":false,"template":"","format":"standard","meta":{"footnotes":""},"categories":[65],"tags":[],"class_list":["post-639638","post","type-post","status-publish","format-standard","has-post-thumbnail","hentry","category-lajme"],"gt_translate_keys":[{"key":"link","format":"url"}],"_links":{"self":[{"href":"https:\/\/www.hashtag.al\/index.php\/wp-json\/wp\/v2\/posts\/639638","targetHints":{"allow":["GET"]}}],"collection":[{"href":"https:\/\/www.hashtag.al\/index.php\/wp-json\/wp\/v2\/posts"}],"about":[{"href":"https:\/\/www.hashtag.al\/index.php\/wp-json\/wp\/v2\/types\/post"}],"author":[{"embeddable":true,"href":"https:\/\/www.hashtag.al\/index.php\/wp-json\/wp\/v2\/users\/4"}],"replies":[{"embeddable":true,"href":"https:\/\/www.hashtag.al\/index.php\/wp-json\/wp\/v2\/comments?post=639638"}],"version-history":[{"count":0,"href":"https:\/\/www.hashtag.al\/index.php\/wp-json\/wp\/v2\/posts\/639638\/revisions"}],"wp:featuredmedia":[{"embeddable":true,"href":"https:\/\/www.hashtag.al\/index.php\/wp-json\/wp\/v2\/media\/637009"}],"wp:attachment":[{"href":"https:\/\/www.hashtag.al\/index.php\/wp-json\/wp\/v2\/media?parent=639638"}],"wp:term":[{"taxonomy":"category","embeddable":true,"href":"https:\/\/www.hashtag.al\/index.php\/wp-json\/wp\/v2\/categories?post=639638"},{"taxonomy":"post_tag","embeddable":true,"href":"https:\/\/www.hashtag.al\/index.php\/wp-json\/wp\/v2\/tags?post=639638"}],"curies":[{"name":"wp","href":"https:\/\/api.w.org\/{rel}","templated":true}]}}