{"id":639411,"date":"2023-12-14T12:11:52","date_gmt":"2023-12-14T11:11:52","guid":{"rendered":"https:\/\/www.hashtag.al\/?p=639411"},"modified":"2023-12-14T12:11:52","modified_gmt":"2023-12-14T11:11:52","slug":"begaj-ne-bullgari-ballkani-perendimor-eshte-investim-strategjik-per-be-ne","status":"publish","type":"post","link":"https:\/\/www.hashtag.al\/index.php\/2023\/12\/14\/begaj-ne-bullgari-ballkani-perendimor-eshte-investim-strategjik-per-be-ne\/","title":{"rendered":"Begaj n\u00eb Bullgari: Ballkani Per\u00ebndimor \u00ebsht\u00eb investim strategjik p\u00ebr BE-n\u00eb","gt_translate_keys":[{"key":"rendered","format":"text"}]},"content":{"rendered":"<p><img loading=\"lazy\" decoding=\"async\" class=\"size-full wp-image-639412 aligncenter\" src=\"https:\/\/www.hashtag.al\/wp-content\/uploads\/2023\/12\/1702551233_begaj.jpg\" alt=\"\" width=\"780\" height=\"440\" srcset=\"https:\/\/www.hashtag.al\/wp-content\/uploads\/2023\/12\/1702551233_begaj.jpg 780w, https:\/\/www.hashtag.al\/wp-content\/uploads\/2023\/12\/1702551233_begaj-300x169.jpg 300w, https:\/\/www.hashtag.al\/wp-content\/uploads\/2023\/12\/1702551233_begaj-768x433.jpg 768w\" sizes=\"auto, (max-width: 780px) 100vw, 780px\" \/><\/p>\n<p><span style=\"font-weight: 400; color: #000000;\">Presidenti i Republik\u00ebs, Bajram Begaj n\u00eb nj\u00eb konferenc\u00eb t\u00eb p\u00ebrbashk\u00ebt me homologun bullgar Rumen Radev n\u00eb Sofje tha se Ballkani Per\u00ebndimor \u00ebsht\u00eb\u00a0 investim strategjik p\u00ebr BE-n\u00eb.<\/span><\/p>\n<p><span style=\"font-weight: 400; color: #000000;\">Begaj u shpreh se, \u201ckjo vizit\u00eb demonstron qart\u00eb marr\u00ebdh\u00ebniet shum\u00eb t\u00eb mira e miq\u00ebsore Shqip\u00ebri-Bullgari\u201d.<\/span><\/p>\n<p><span style=\"color: #000000;\"><i><span style=\"font-weight: 400;\">\u201cShqip\u00ebria ka vullnet dhe interes p\u00ebr t\u00eb thelluar bashk\u00ebpunimin dypal\u00ebsh dhe at\u00eb p\u00ebr integrimin n\u00eb BE\u201d<\/span><\/i><span style=\"font-weight: 400;\">, tha Begaj.<\/span><\/span><\/p>\n<p><span style=\"font-weight: 400; color: #000000;\">Ai shtoi se, mb\u00ebshtetja e minoriteteve respektive \u00ebsht\u00eb n\u00eb interesin ton\u00eb t\u00eb p\u00ebrbashk\u00ebt<\/span><\/p>\n<p><span style=\"font-weight: 400; color: #000000;\">Begaj n\u00ebnvizoi gjithashtu nevoj\u00ebn p\u00ebr nj\u00eb bashk\u00ebpunim m\u00eb t\u00eb ngusht\u00eb ekonomik dhe rritje t\u00eb\u00a0 shk\u00ebmbimeve tregtare<\/span><\/p>\n<p><span style=\"color: #000000;\"><i><span style=\"font-weight: 400;\">\u201cJan\u00eb t\u00eb gjitha kushtet, kuadri ligjor dhe klima e favorshme e biznesit q\u00eb ky bashk\u00ebpunim t\u00eb fuqizohet\u201d,<\/span><\/i><span style=\"font-weight: 400;\"> theksoi Begaj. Kreu i Shtetit theksoi se, \u201csesioni i ardhsh\u00ebm i Komisionit t\u00eb P\u00ebrbashk\u00ebt Ekonomik do t\u2019i adresoj\u00eb me kujdes mund\u00ebsit\u00eb p\u00ebr t\u00eb v\u00ebn\u00eb n\u00eb l\u00ebvizje mekanizmat\u201d.<\/span><\/span><\/p>\n<p><span style=\"font-weight: 400; color: #000000;\">Begaj vler\u00ebsoi Bullgarin\u00eb p\u00ebr mb\u00ebshtetjen ndaj Kosov\u00ebs n\u00eb p\u00ebrpjekjen p\u00ebr an\u00ebtar\u00ebsim n\u00eb organizatat rajonale dhe nd\u00ebrkomb\u00ebtare<\/span><\/p>\n<p><span style=\"color: #000000;\"><i><span style=\"font-weight: 400;\">\u201cBashk\u00ebpunimi n\u00eb kuad\u00ebr t\u00eb mbrojtjes dhe siguris\u00eb \u00ebsht\u00eb i konsoliduar n\u00eb kuad\u00ebr t\u00eb NATO-s\u201d,<\/span><\/i><span style=\"font-weight: 400;\"> tha Begaj.<\/span><\/span><\/p>\n<p><span style=\"font-weight: 400; color: #000000;\">Nga ana tjet\u00ebr Presidenti i Bullgaris\u00eb Rumen Radev, tha se Shqip\u00ebria \u00ebsht\u00eb para hapjes s\u00eb negociatave. M\u00eb tej ai shtoi se Maqedonia e Veriut duhet t\u00eb jap\u00eb garanci n\u00eb kushtetut\u00ebn e vet, pasi duhet t\u00eb respektoj\u00eb t\u00eb drejtat e minoritetit bullgar.<\/span><\/p>\n<p><span style=\"color: #000000;\"><i><span style=\"font-weight: 400;\">\u201cRruga drejt BE-s\u00eb e Shqip\u00ebris\u00eb dhe Maqedonis\u00eb s\u00eb Veriut \u00ebsht\u00eb nj\u00eb rrug\u00eb e ndar\u00eb. Tani Shqip\u00ebria \u00ebsht\u00eb para hapjes s\u00eb negociatave.\u00a0<\/span><\/i><\/span><\/p>\n<p><span style=\"color: #000000;\"><i><span style=\"font-weight: 400;\">P\u00ebr Maqedonin\u00eb e Veriut, rruga \u00ebsht\u00eb ndryshe pasi Bashkimi Evropian insiston n\u00eb k\u00ebt\u00eb q\u00eb t\u00eb respektohen kriteret e Kopnehagentit.<\/span><\/i><\/span><\/p>\n<p><span style=\"color: #000000;\"><i><span style=\"font-weight: 400;\">Maqedonia e Veriut duhet t\u00eb jap\u00eb garanci n\u00eb kushtetut\u00ebn e vet pasi duhet t\u00eb respektoj\u00eb t\u00eb drejtat e minoritetit bullgar.\u00a0<\/span><\/i><\/span><\/p>\n<p><span style=\"color: #000000;\"><i><span style=\"font-weight: 400;\">Atje do t\u00eb b\u00ebhet e mundur q\u00eb t\u00eb zhvillohet konferenca e p\u00ebrbashk\u00ebt p\u00ebr t\u00eb hapur negociatat me Maqedonin\u00eb e Veriut. \u00c7do shtet duhet t\u00eb respektoj\u00eb rregullat.\u201d-<\/span><\/i><span style=\"font-weight: 400;\"> tha Radev.<\/span><\/span><\/p>\n<p>&nbsp;<\/p>\n","protected":false,"gt_translate_keys":[{"key":"rendered","format":"html"}]},"excerpt":{"rendered":"<p>Presidenti i Republik\u00ebs, Bajram Begaj n\u00eb nj\u00eb konferenc\u00eb t\u00eb p\u00ebrbashk\u00ebt me homologun bullgar Rumen Radev n\u00eb Sofje tha se Ballkani Per\u00ebndimor \u00ebsht\u00eb\u00a0 investim strategjik p\u00ebr BE-n\u00eb. Begaj u shpreh se, \u201ckjo vizit\u00eb demonstron qart\u00eb marr\u00ebdh\u00ebniet shum\u00eb t\u00eb mira e miq\u00ebsore Shqip\u00ebri-Bullgari\u201d. \u201cShqip\u00ebria ka vullnet dhe interes p\u00ebr t\u00eb thelluar bashk\u00ebpunimin dypal\u00ebsh dhe at\u00eb p\u00ebr integrimin [&hellip;]<\/p>\n","protected":false,"gt_translate_keys":[{"key":"rendered","format":"html"}]},"author":4,"featured_media":639412,"comment_status":"closed","ping_status":"closed","sticky":false,"template":"","format":"standard","meta":{"footnotes":""},"categories":[65],"tags":[],"class_list":["post-639411","post","type-post","status-publish","format-standard","has-post-thumbnail","hentry","category-lajme"],"gt_translate_keys":[{"key":"link","format":"url"}],"_links":{"self":[{"href":"https:\/\/www.hashtag.al\/index.php\/wp-json\/wp\/v2\/posts\/639411","targetHints":{"allow":["GET"]}}],"collection":[{"href":"https:\/\/www.hashtag.al\/index.php\/wp-json\/wp\/v2\/posts"}],"about":[{"href":"https:\/\/www.hashtag.al\/index.php\/wp-json\/wp\/v2\/types\/post"}],"author":[{"embeddable":true,"href":"https:\/\/www.hashtag.al\/index.php\/wp-json\/wp\/v2\/users\/4"}],"replies":[{"embeddable":true,"href":"https:\/\/www.hashtag.al\/index.php\/wp-json\/wp\/v2\/comments?post=639411"}],"version-history":[{"count":0,"href":"https:\/\/www.hashtag.al\/index.php\/wp-json\/wp\/v2\/posts\/639411\/revisions"}],"wp:featuredmedia":[{"embeddable":true,"href":"https:\/\/www.hashtag.al\/index.php\/wp-json\/wp\/v2\/media\/639412"}],"wp:attachment":[{"href":"https:\/\/www.hashtag.al\/index.php\/wp-json\/wp\/v2\/media?parent=639411"}],"wp:term":[{"taxonomy":"category","embeddable":true,"href":"https:\/\/www.hashtag.al\/index.php\/wp-json\/wp\/v2\/categories?post=639411"},{"taxonomy":"post_tag","embeddable":true,"href":"https:\/\/www.hashtag.al\/index.php\/wp-json\/wp\/v2\/tags?post=639411"}],"curies":[{"name":"wp","href":"https:\/\/api.w.org\/{rel}","templated":true}]}}