{"id":639175,"date":"2023-12-13T17:08:59","date_gmt":"2023-12-13T16:08:59","guid":{"rendered":"https:\/\/www.hashtag.al\/?p=639175"},"modified":"2023-12-13T17:08:59","modified_gmt":"2023-12-13T16:08:59","slug":"vriten-nente-ushtare-izraelite-ne-nje-prite-ne-gaze","status":"publish","type":"post","link":"https:\/\/www.hashtag.al\/index.php\/2023\/12\/13\/vriten-nente-ushtare-izraelite-ne-nje-prite-ne-gaze\/","title":{"rendered":"Vriten n\u00ebnt\u00eb ushtar\u00eb izraelit\u00eb n\u00eb nj\u00eb prit\u00eb n\u00eb Gaz\u00eb","gt_translate_keys":[{"key":"rendered","format":"text"}]},"content":{"rendered":"<p style=\"text-align: left;\"><span style=\"color: #000000;\"><img loading=\"lazy\" decoding=\"async\" class=\"size-full wp-image-639179 aligncenter\" src=\"https:\/\/www.hashtag.al\/wp-content\/uploads\/2023\/12\/Screenshot-2023-12-13-170454.png\" alt=\"\" width=\"781\" height=\"415\" srcset=\"https:\/\/www.hashtag.al\/wp-content\/uploads\/2023\/12\/Screenshot-2023-12-13-170454.png 781w, https:\/\/www.hashtag.al\/wp-content\/uploads\/2023\/12\/Screenshot-2023-12-13-170454-300x159.png 300w, https:\/\/www.hashtag.al\/wp-content\/uploads\/2023\/12\/Screenshot-2023-12-13-170454-768x408.png 768w\" sizes=\"auto, (max-width: 781px) 100vw, 781px\" \/><\/span><\/p>\n<p style=\"text-align: left;\"><span style=\"color: #000000;\">N\u00ebnt\u00eb ushtar\u00eb izraelit\u00eb jan\u00eb vrar\u00eb t\u00eb m\u00ebrkur\u00ebn pasi ran\u00eb n\u00eb nj\u00eb prit\u00eb t\u00eb pjes\u00ebtar\u00ebve t\u00eb Hamasit\u00a0 grupit radikal palestinez t\u00eb shpallur organizat\u00eb terroriste nga SHBA dhe BE\u00a0 njoftoi ushtria izraelite.<\/span><\/p>\n<p style=\"text-align: left;\"><span style=\"color: #000000;\">Izraeli \u00ebsht\u00eb duke u p\u00ebrballur me nj\u00eb rezistenc\u00eb t\u00eb fort\u00eb n\u00eb zonat t\u00eb cilat i ka rrethuar dhe bombarduar gjat\u00eb dy muajve t\u00eb fundit.<\/span><\/p>\n<p style=\"text-align: left;\"><span style=\"color: #000000;\">Lufta ajrore dhe tok\u00ebsore e Izraelit i ka l\u00ebn\u00eb mij\u00ebra civil\u00eb palestinez\u00eb t\u00eb vrar\u00eb dhe i ka detyruar 85 % t\u00eb popullsis\u00eb s\u00eb Gaz\u00ebs t\u00eb largohen nga sht\u00ebpit\u00eb e tyre, duke nxitur zem\u00ebrim n\u00eb gjith\u00eb bot\u00ebn.<\/span><\/p>\n<p style=\"text-align: left;\"><span style=\"color: #000000;\">Shtetet e Bashkuara i kan\u00eb b\u00ebr\u00eb thirrje vazhdimisht Izraelit t\u00eb marr\u00eb masa m\u00eb t\u00eb m\u00ebdha p\u00ebr t\u2019i kursyer civil\u00ebt, pavar\u00ebsisht se e bllokuan nj\u00eb thirrje nd\u00ebrkomb\u00ebtare p\u00ebr arm\u00ebpushim dhe i d\u00ebrguan urgjentisht municion aleatit t\u00eb tyre t\u00eb ngusht\u00eb.<\/span><\/p>\n<p style=\"text-align: left;\"><span style=\"color: #000000;\">Rreth gjasht\u00eb jav\u00eb pasi ushtar\u00ebt izraelit\u00eb e pushtuan veriun e Gaz\u00ebs pas sulmit t\u00eb Hamasit m\u00eb 7 tetor, k\u00ebmb\u00ebsoria \u00ebsht\u00eb ende duke u p\u00ebrball\u00eb me luftime t\u00eb ashpra kund\u00ebr luft\u00ebtar\u00ebve t\u00eb Hamasit brenda dhe p\u00ebrreth Qytetit t\u00eb Gaz\u00ebs.<\/span><\/p>\n<p style=\"text-align: left;\"><span style=\"color: #000000;\">Luftime t\u00eb ashpra pati gjat\u00eb nat\u00ebs dhe m\u00ebngjesin e s\u00eb m\u00ebrkur\u00ebs n\u00eb shum\u00eb zona, posa\u00e7\u00ebrisht n\u00eb Shiaja, nj\u00eb lagje e mbipopulluar e cila ishte fush\u00ebbetej\u00eb e luftimeve t\u00eb ashpra n\u00eb luft\u00ebn e vitit 2014 mes Izraelit dhe Hamasit.<\/span><\/p>\n<p style=\"text-align: left;\"><span style=\"color: #000000;\">Trupat q\u00eb po i bastisnin disa nd\u00ebrtesa n\u00eb Shiaja t\u00eb mart\u00ebn, e humb\u00ebn komunikimin me kat\u00ebr ushtar\u00eb t\u00eb cil\u00ebt ishin sulmuar, tha ushtria izraelite. Kur ushtar\u00ebt e tjer\u00eb e nis\u00ebn nj\u00eb operacion shp\u00ebtimi p\u00ebr ta, ran\u00eb n\u00eb prit\u00ebn e pjes\u00ebtar\u00ebve t\u00eb Hamasit.<\/span><\/p>\n<p style=\"text-align: left;\"><span style=\"color: #000000;\">N\u00eb mesin e n\u00ebnt\u00eb t\u00eb vdekurve ishin edhe koloneli Itzhak Ben Basat, 44 vje\u00e7 \u2013 i cili \u00ebsht\u00eb oficeri m\u00eb i lart\u00eb q\u00eb vritet n\u00eb pushtimin tok\u00ebsor dhe koloneli Tomer Grinberg, komandant batalioni, shkruan<span style=\"color: #0000ff;\"> <a style=\"color: #0000ff;\" href=\"https:\/\/www.evropaelire.org\/a\/vriten-nente-ushtare-izraelite-ne-gaze\/32729260.html\">REL.<\/a><\/span><\/span><\/p>\n","protected":false,"gt_translate_keys":[{"key":"rendered","format":"html"}]},"excerpt":{"rendered":"<p>N\u00ebnt\u00eb ushtar\u00eb izraelit\u00eb jan\u00eb vrar\u00eb t\u00eb m\u00ebrkur\u00ebn pasi ran\u00eb n\u00eb nj\u00eb prit\u00eb t\u00eb pjes\u00ebtar\u00ebve t\u00eb Hamasit\u00a0 grupit radikal palestinez t\u00eb shpallur organizat\u00eb terroriste nga SHBA dhe BE\u00a0 njoftoi ushtria izraelite. Izraeli \u00ebsht\u00eb duke u p\u00ebrballur me nj\u00eb rezistenc\u00eb t\u00eb fort\u00eb n\u00eb zonat t\u00eb cilat i ka rrethuar dhe bombarduar gjat\u00eb dy muajve t\u00eb fundit. Lufta [&hellip;]<\/p>\n","protected":false,"gt_translate_keys":[{"key":"rendered","format":"html"}]},"author":4,"featured_media":639179,"comment_status":"closed","ping_status":"closed","sticky":false,"template":"","format":"standard","meta":{"footnotes":""},"categories":[6],"tags":[],"class_list":["post-639175","post","type-post","status-publish","format-standard","has-post-thumbnail","hentry","category-nderkombetare"],"gt_translate_keys":[{"key":"link","format":"url"}],"_links":{"self":[{"href":"https:\/\/www.hashtag.al\/index.php\/wp-json\/wp\/v2\/posts\/639175","targetHints":{"allow":["GET"]}}],"collection":[{"href":"https:\/\/www.hashtag.al\/index.php\/wp-json\/wp\/v2\/posts"}],"about":[{"href":"https:\/\/www.hashtag.al\/index.php\/wp-json\/wp\/v2\/types\/post"}],"author":[{"embeddable":true,"href":"https:\/\/www.hashtag.al\/index.php\/wp-json\/wp\/v2\/users\/4"}],"replies":[{"embeddable":true,"href":"https:\/\/www.hashtag.al\/index.php\/wp-json\/wp\/v2\/comments?post=639175"}],"version-history":[{"count":0,"href":"https:\/\/www.hashtag.al\/index.php\/wp-json\/wp\/v2\/posts\/639175\/revisions"}],"wp:featuredmedia":[{"embeddable":true,"href":"https:\/\/www.hashtag.al\/index.php\/wp-json\/wp\/v2\/media\/639179"}],"wp:attachment":[{"href":"https:\/\/www.hashtag.al\/index.php\/wp-json\/wp\/v2\/media?parent=639175"}],"wp:term":[{"taxonomy":"category","embeddable":true,"href":"https:\/\/www.hashtag.al\/index.php\/wp-json\/wp\/v2\/categories?post=639175"},{"taxonomy":"post_tag","embeddable":true,"href":"https:\/\/www.hashtag.al\/index.php\/wp-json\/wp\/v2\/tags?post=639175"}],"curies":[{"name":"wp","href":"https:\/\/api.w.org\/{rel}","templated":true}]}}