{"id":639161,"date":"2023-12-13T15:51:22","date_gmt":"2023-12-13T14:51:22","guid":{"rendered":"https:\/\/www.hashtag.al\/?p=639161"},"modified":"2023-12-13T16:15:52","modified_gmt":"2023-12-13T15:15:52","slug":"celja-e-negociatave-ska-pse-varet-nga-cdo-vend-anetar-scholz-shigjeton-greqine-mbeshtetje-shqiperise-e-maqedonise-se-veriut","status":"publish","type":"post","link":"https:\/\/www.hashtag.al\/index.php\/2023\/12\/13\/celja-e-negociatave-ska-pse-varet-nga-cdo-vend-anetar-scholz-shigjeton-greqine-mbeshtetje-shqiperise-e-maqedonise-se-veriut\/","title":{"rendered":"\u201c\u00c7elja e negociatave s\u2019ka pse varet nga \u00e7do vend an\u00ebtar\u201d &#8211; Scholz \u201cmesazh\u201d Greqis\u00eb, mb\u00ebshtetje Shqip\u00ebris\u00eb","gt_translate_keys":[{"key":"rendered","format":"text"}]},"content":{"rendered":"<p><img loading=\"lazy\" decoding=\"async\" class=\"aligncenter size-full wp-image-639162\" src=\"https:\/\/www.hashtag.al\/wp-content\/uploads\/2023\/12\/ezgif.com-webp-to-jpg-converted-3.jpg\" alt=\"\" width=\"1200\" height=\"525\" srcset=\"https:\/\/www.hashtag.al\/wp-content\/uploads\/2023\/12\/ezgif.com-webp-to-jpg-converted-3.jpg 1200w, https:\/\/www.hashtag.al\/wp-content\/uploads\/2023\/12\/ezgif.com-webp-to-jpg-converted-3-300x131.jpg 300w, https:\/\/www.hashtag.al\/wp-content\/uploads\/2023\/12\/ezgif.com-webp-to-jpg-converted-3-1024x448.jpg 1024w, https:\/\/www.hashtag.al\/wp-content\/uploads\/2023\/12\/ezgif.com-webp-to-jpg-converted-3-768x336.jpg 768w\" sizes=\"auto, (max-width: 1200px) 100vw, 1200px\" \/><\/p>\n<p><span style=\"color: #000000;\"><strong><em>N\u00eb prag t\u00eb Samitit BE-Ballkani Per\u00ebndimor, q\u00eb fillon t\u00eb m\u00ebrkur\u00ebn pasdite, n\u00eb Bruksel, kanelari gjerman Olaf Scholz ka k\u00ebrkuar heqjen e vetos p\u00ebr etapa t\u00eb caktuara t\u00eb zgjerimit.<\/em><\/strong><\/span><\/p>\n<p><span style=\"color: #000000;\">Gjat\u00eb nj\u00eb deklarate qeveritare n\u00eb Parlamentin Gjerman p\u00ebr Samitin e BE-s\u00eb n\u00eb Bruksel, kancelari gjerman Olaf Scholz, b\u00ebri thirrje, nd\u00ebr t\u00eb tjera, p\u00ebr m\u00eb shum\u00eb mb\u00ebshtetje dhe vler\u00ebsim p\u00ebr vendet e Ballkanit Per\u00ebndimor.\u00a0 <\/span><\/p>\n<p><span style=\"color: #000000;\">Scholz kujtoi n\u00eb prag t\u00eb samitit BE-Ballkani Per\u00ebndimor,\u00a0 i cili fillon punimet t\u00eb m\u00ebrkur\u00ebn n\u00eb Bruksel, se &#8220;prej 20 vjet\u00ebsh, vende si Shqip\u00ebria, Bosnja-Herzegovina, Kosova, Maqedonia e Veriut, Mali i Zi dhe Serbia jan\u00eb n\u00eb pritje p\u00ebr t&#8217;u b\u00ebr\u00eb pjes\u00eb e BE-s\u00eb&#8221; dhe shtoi se tani &#8220;ka ardhur koha q\u00eb t\u00eb gjith\u00eb t\u00eb shohin panoram\u00ebn e p\u00ebrgjithshme, si kandidat\u00ebt, ashtu edhe vendet an\u00ebtare t\u00eb BE-s\u00eb&#8221;.<\/span><\/p>\n<p><span style=\"color: #000000;\"> Sipas kancelarit gjerman, kjo panoaram\u00eb e p\u00ebrgjithshme \u00ebsht\u00eb &#8220;shansi historik p\u00ebr t\u00eb lidhur p\u00ebrfundimisht rajonin me Europ\u00ebn dhe p\u00ebr t&#8217;ia l\u00ebn\u00eb t\u00eb kaluar\u00ebs problemet e s\u00eb kaluar\u00ebs&#8221;.<\/span><\/p>\n<p><span style=\"color: #000000;\"><strong>&#8220;Vende q\u00eb b\u00ebjn\u00eb reforma duhet t\u00eb vler\u00ebsohen&#8221;<\/strong><\/span><\/p>\n<p><span style=\"color: #000000;\">Kjo thirrje shkonte si n\u00eb adres\u00eb t\u00eb vendeve kandidate, por m\u00eb tep\u00ebr n\u00eb adres\u00eb t\u00eb vendeve antare t\u00eb BE, q\u00eb sipas Scholzit duhet t\u00eb mund\u00ebsojn\u00eb reformimin e brendsh\u00ebm t\u00eb unoinit. Konkretisht, kancelari gjerman k\u00ebrkoi q\u00eb p\u00ebr shum\u00eb hapa, n\u00eb kuad\u00ebr t\u00eb procesit t\u00eb zgjerimit, t\u00eb hiqet rregulli i vetos.<\/span><\/p>\n<p><span style=\"color: #000000;\"><em>&#8220;Nuk ka pse \u00e7do vendim, si \u00e7elja apo mbyllja e kapitujve t\u00eb negociatave, t\u00eb varet nga \u00e7do vend an\u00ebtar. N\u00ebse vende, si p\u00ebr shembull Shqip\u00ebria, kan\u00eb b\u00ebr\u00eb reforma t\u00eb r\u00ebnd\u00ebsishme, kjo duhet t\u00eb vler\u00ebsohet. P\u00ebrndryshe, rrezikohet t\u00eb d\u00ebmtohet i gjith\u00eb procesi i an\u00ebtar\u00ebsimit dhe k\u00ebt\u00eb nuk duhet ta lejojm\u00eb&#8221;<\/em>, tha kancelari n\u00eb mes t\u00eb duartrokitjeve t\u00eb shum\u00eb deputet\u00ebve n\u00eb sall\u00eb.<\/span><\/p>\n<p><span style=\"color: #000000;\"><strong>\u00c7\u00ebshtja Beleri: Gjermania e trajton si bilaterale<\/strong><\/span><\/p>\n<p><span style=\"color: #000000;\">Thirrjet e kancelarit socialdemokrat shkonin t\u00ebrthorazi n\u00eb adres\u00eb t\u00eb Greqis\u00eb, e ciila ka k\u00ebrc\u00ebnuar se nuk do t\u00eb lejoj\u00eb \u00e7eljen e kapitullit t\u00eb par\u00eb t\u00eb negociatave me Shqip\u00ebrin\u00eb, pa u zgjidhur \u00e7\u00ebshtja Beleri. <\/span><\/p>\n<p><span style=\"color: #000000;\">Nd\u00ebrsa p\u00ebr Greqin\u00eb, kjo \u00ebsht\u00eb nj\u00eb \u00e7\u00ebshtje q\u00eb ka t\u00eb b\u00ebj\u00eb me shtetin ligjor dhe t\u00eb drejtat e pakicave, p\u00ebr Gjermanin\u00eb \u00ebsht\u00eb nj\u00eb \u00e7\u00ebshtje bilaterale dhe duhet t\u00eb zgjidhet brenda kuadrit dypal\u00ebsht.<\/span><\/p>\n<p><span style=\"color: #000000;\"> Nj\u00eb q\u00ebndrim, t\u00eb cilin kancelari gjerman Scholz, e theksoi edhe disa jav\u00eb m\u00eb par\u00eb gjat\u00eb vizit\u00ebs s\u00eb kryeminstrit grek, Kyriakos Micotakis n\u00eb Berlin.\u00a0 Kryebashkiaku i\u00a0 zgjedhur i Himar\u00ebs, Fredi Beleri, ndodhet prej shtat\u00eb muajsh n\u00eb paraburgim me akuz\u00ebn p\u00ebr &#8220;korrupsion aktiv\u201d p\u00ebr shit-blerje votash<\/span><\/p>\n<p><span style=\"color: #000000;\"><strong>Ndihm\u00eb opozit\u00ebs CDU\/CSU p\u00ebr Maqedonin\u00eb e Veriut<\/strong><\/span><\/p>\n<p><span style=\"color: #000000;\">Por kancelari gjerman\u00a0 e kishte fjal\u00ebn t\u00ebrthorazi edhe p\u00ebr bllokimin e prej tashm\u00eb disa vitesh q\u00eb i b\u00ebn Bullgaria Maqedonis\u00eb s\u00eb Veriut, p\u00ebr shkak t\u00eb nj\u00eb grindjeje p\u00ebr \u00e7\u00ebshtje historike. Kancelari socialdemokrat i k\u00ebrkoi ndihm\u00eb n\u00eb k\u00ebt\u00eb \u00e7\u00ebshtje grupit parlamentar CDU\/CSU :<em> \u201cDo t&#8217;ju isha mir\u00ebnjoh\u00ebs, t\u00eb dashur kolege dhe koleg\u00eb t\u00eb grupit parlamentar t\u00eb Unionit, n\u00ebse do t\u00eb p\u00ebrdornit ndikimin tuaj te partia simot\u00ebr q\u00eb t\u00eb jap\u00eb ndihmes\u00eb konstruktive p\u00ebr zgjidhje&#8221;<\/em>, tha ai. <\/span><\/p>\n<p><span style=\"color: #000000;\">Kancelari kishte parasysh bllokad\u00ebn aktuale t\u00eb partis\u00eb opozitare VMRO\/DPMNE p\u00ebr ndryshimin e kushtetut\u00ebs, kusht ky q\u00eb k\u00ebrkohet nga Bullgaria.<\/span><\/p>\n<p><span style=\"color: #000000;\"><strong>Negociatat p\u00ebr Ukrain\u00ebn dhe Moldavin\u00eb<\/strong><\/span><\/p>\n<p><span style=\"color: #000000;\">N\u00eb fjal\u00ebn e tij n\u00eb prag t\u00eb samitit t\u00eb BE-s\u00eb, Scholz u shpreh p\u00ebr mb\u00ebshtjetje p\u00ebr Ukrain\u00ebn, p\u00ebrsa koh\u00eb q\u00eb ajo ka nevoj\u00eb dhe premtoi se do ta rris\u00eb ndihm\u00ebn finanicare p\u00ebr Ukrain\u00ebn, n\u00ebse do t\u00eb jet\u00eb nevoja. <\/span><\/p>\n<p><span style=\"color: #000000;\">Ai u shpreh p\u00ebr \u00e7eljen e negociatave me Ukrain\u00ebn dhe Moldavin\u00eb, si edhe p\u00ebr t&#8217;i dh\u00ebn\u00eb Gjeorgjis\u00eb statusin e kandidatit t\u00eb BE-s\u00eb. K\u00ebt\u00eb k\u00ebrkes\u00eb e mb\u00ebshtesin si partit\u00eb e pozit\u00ebs ashtu edhe CDU\/CSU n\u00eb opozit\u00eb. <\/span><\/p>\n<p><span style=\"color: #000000;\">Grupi parlamentar i AFD-s\u00eb, fraksioni tjet\u00ebr opozitar q\u00eb ka mbetur, pas shp\u00ebrb\u00ebrjes s\u00eb grupit parlamentar Die Linke, p\u00ebr shkak t\u00eb partis\u00eb s\u00eb re t\u00eb krijuar nga Sahra Wagenknecht, \u00ebsht\u00eb kund\u00ebr zgjerimit t\u00eb BE-s\u00eb, por p\u00ebr partneritete me k\u00ebto vende, sikurse edhe me vendet e Ballkanit Per\u00ebndimor, ngjash\u00ebm si me Zvicr\u00ebn dhe Norvegjin\u00eb.<\/span><\/p>\n<p><span style=\"color: #000000;\"><span style=\"color: #ff0000;\"><strong>VINI RE<\/strong><\/span>: Ky material \u00ebsht\u00eb pron\u00ebsi intelektuale e <span style=\"color: #0000ff;\"><a style=\"color: #0000ff;\" href=\"https:\/\/www.dw.com\/sq\/kancelari-gjerman-olaf-scholz-b%C3%ABn-thirrje-p%C3%ABr-mb%C3%ABshtetje-t%C3%AB-shqip%C3%ABris%C3%AB-dhe-maqedonis%C3%AB-s%C3%AB-veriut\/a-67711512\">DW<\/a><\/span><\/span><\/p>\n<p><span style=\"color: #000000;\"><span style=\"color: #ff0000;\">*<\/span>Titulli redaksional, titulli origjinal i shkrimit: <em><span style=\"color: #0000ff;\">Scholz p\u00ebr mb\u00ebshtetje t\u00eb Shqip\u00ebris\u00eb dhe Maqedonis\u00eb s\u00eb Veriut<\/span><\/em><\/span><\/p>\n","protected":false,"gt_translate_keys":[{"key":"rendered","format":"html"}]},"excerpt":{"rendered":"<p>N\u00eb prag t\u00eb Samitit BE-Ballkani Per\u00ebndimor, q\u00eb fillon t\u00eb m\u00ebrkur\u00ebn pasdite, n\u00eb Bruksel, kanelari gjerman Olaf Scholz ka k\u00ebrkuar heqjen e vetos p\u00ebr etapa t\u00eb caktuara t\u00eb zgjerimit. Gjat\u00eb nj\u00eb deklarate qeveritare n\u00eb Parlamentin Gjerman p\u00ebr Samitin e BE-s\u00eb n\u00eb Bruksel, kancelari gjerman Olaf Scholz, b\u00ebri thirrje, nd\u00ebr t\u00eb tjera, p\u00ebr m\u00eb shum\u00eb mb\u00ebshtetje dhe [&hellip;]<\/p>\n","protected":false,"gt_translate_keys":[{"key":"rendered","format":"html"}]},"author":51,"featured_media":639162,"comment_status":"closed","ping_status":"closed","sticky":false,"template":"","format":"standard","meta":{"footnotes":""},"categories":[65],"tags":[],"class_list":["post-639161","post","type-post","status-publish","format-standard","has-post-thumbnail","hentry","category-lajme"],"gt_translate_keys":[{"key":"link","format":"url"}],"_links":{"self":[{"href":"https:\/\/www.hashtag.al\/index.php\/wp-json\/wp\/v2\/posts\/639161","targetHints":{"allow":["GET"]}}],"collection":[{"href":"https:\/\/www.hashtag.al\/index.php\/wp-json\/wp\/v2\/posts"}],"about":[{"href":"https:\/\/www.hashtag.al\/index.php\/wp-json\/wp\/v2\/types\/post"}],"author":[{"embeddable":true,"href":"https:\/\/www.hashtag.al\/index.php\/wp-json\/wp\/v2\/users\/51"}],"replies":[{"embeddable":true,"href":"https:\/\/www.hashtag.al\/index.php\/wp-json\/wp\/v2\/comments?post=639161"}],"version-history":[{"count":0,"href":"https:\/\/www.hashtag.al\/index.php\/wp-json\/wp\/v2\/posts\/639161\/revisions"}],"wp:featuredmedia":[{"embeddable":true,"href":"https:\/\/www.hashtag.al\/index.php\/wp-json\/wp\/v2\/media\/639162"}],"wp:attachment":[{"href":"https:\/\/www.hashtag.al\/index.php\/wp-json\/wp\/v2\/media?parent=639161"}],"wp:term":[{"taxonomy":"category","embeddable":true,"href":"https:\/\/www.hashtag.al\/index.php\/wp-json\/wp\/v2\/categories?post=639161"},{"taxonomy":"post_tag","embeddable":true,"href":"https:\/\/www.hashtag.al\/index.php\/wp-json\/wp\/v2\/tags?post=639161"}],"curies":[{"name":"wp","href":"https:\/\/api.w.org\/{rel}","templated":true}]}}