{"id":637938,"date":"2023-12-08T17:53:36","date_gmt":"2023-12-08T16:53:36","guid":{"rendered":"https:\/\/www.hashtag.al\/?p=637938"},"modified":"2023-12-08T18:25:29","modified_gmt":"2023-12-08T17:25:29","slug":"bdi-propozon-talat-xhaferin-si-kryeminister-teknik-ne-qeverine-e-maqedonise-se-veriut","status":"publish","type":"post","link":"https:\/\/www.hashtag.al\/index.php\/2023\/12\/08\/bdi-propozon-talat-xhaferin-si-kryeminister-teknik-ne-qeverine-e-maqedonise-se-veriut\/","title":{"rendered":"BDI propozon Talat Xhaferin si kryeminist\u00ebr teknik n\u00eb qeverin\u00eb e Maqedonis\u00eb s\u00eb Veriut","gt_translate_keys":[{"key":"rendered","format":"text"}]},"content":{"rendered":"<p style=\"text-align: left;\"><span style=\"color: #000000;\"><img loading=\"lazy\" decoding=\"async\" class=\"size-full wp-image-637939 aligncenter\" src=\"https:\/\/www.hashtag.al\/wp-content\/uploads\/2023\/12\/Talat-Xhaferi-768x512-1-768x470-1-735x450-1.jpg\" alt=\"\" width=\"735\" height=\"450\" srcset=\"https:\/\/www.hashtag.al\/wp-content\/uploads\/2023\/12\/Talat-Xhaferi-768x512-1-768x470-1-735x450-1.jpg 735w, https:\/\/www.hashtag.al\/wp-content\/uploads\/2023\/12\/Talat-Xhaferi-768x512-1-768x470-1-735x450-1-300x184.jpg 300w\" sizes=\"auto, (max-width: 735px) 100vw, 735px\" \/><\/span><\/p>\n<p style=\"text-align: left;\"><span style=\"color: #000000;\">Kryesia e Bashkimit Demokratik p\u00ebr Integrim n\u00eb mbledhjen e sotme ka vendosur q\u00eb p\u00ebr kryeminist\u00ebr teknik ta propozoj\u00eb kryeparlamentarin aktual Talat Xhaferi.<\/span><\/p>\n<p style=\"text-align: left;\"><span style=\"color: #000000;\"><em>\u201cBDI propozon Talat Xhaferin si kryeminist\u00ebr i Qeveris\u00eb e cila do t\u00eb jet\u00eb n\u00eb fuqi nga fundi i janarit e deri n\u00eb zgjedhjen e Qeveris\u00eb s\u00eb re\u201d, deklaroi<\/em> Bujar Osmani, Z\u00ebdh\u00ebn\u00ebs i BDI-s\u00eb.<\/span><\/p>\n<p style=\"text-align: left;\"><span style=\"color: #000000;\">Lidhur me koalicionet parazgjedhore t\u00eb mundshme, sipas Osmanit organet e partis\u00eb kan\u00eb autorizuar Ahmetin q\u00eb t\u00eb vazhdoj\u00eb negociatat dhe t\u2019i propozoj\u00eb partis\u00eb p\u00ebrcaktimin me t\u00eb cilin do t\u00eb shkohet n\u00eb zgjedhje, raporton Alsat.<\/span><\/p>\n<p style=\"text-align: left;\"><span style=\"color: #000000;\"><em>\u201cNe i analizuam t\u00eb gjitha opsione dhe variantet e mundshme p\u00ebr pjes\u00ebmarrje, si parti e vetme dhe si pjes\u00eb e frontit Evropian dhe u autorizua kryetari Ali Ahmeti t\u2019i vazhdon bisedimet dhe t\u2019i propozon partis\u00eb nj\u00eb vendim i cili do t\u00eb aprovohet n\u00eb organet e partis\u00eb\u201d,<\/em> shtoi Bujar Osmani, Z\u00ebdh\u00ebn\u00ebs i BDI-s\u00eb.<\/span><\/p>\n<p style=\"text-align: left;\"><span style=\"color: #000000;\">N\u00eb kuad\u00ebr t\u00eb kryesis\u00eb qendrore t\u00eb BDI-s\u00eb \u00ebsht\u00eb diskutuar edhe p\u00ebr zgjedhjet e brendshme partiake q\u00eb duhet t\u00eb pasojn\u00eb. Pik\u00eb diskutimi n\u00eb k\u00ebt\u00eb kuad\u00ebr kan\u00eb qen\u00eb edhe zgjedhjet presidenciale.<\/span><\/p>\n","protected":false,"gt_translate_keys":[{"key":"rendered","format":"html"}]},"excerpt":{"rendered":"<p>Kryesia e Bashkimit Demokratik p\u00ebr Integrim n\u00eb mbledhjen e sotme ka vendosur q\u00eb p\u00ebr kryeminist\u00ebr teknik ta propozoj\u00eb kryeparlamentarin aktual Talat Xhaferi. \u201cBDI propozon Talat Xhaferin si kryeminist\u00ebr i Qeveris\u00eb e cila do t\u00eb jet\u00eb n\u00eb fuqi nga fundi i janarit e deri n\u00eb zgjedhjen e Qeveris\u00eb s\u00eb re\u201d, deklaroi Bujar Osmani, Z\u00ebdh\u00ebn\u00ebs i BDI-s\u00eb. [&hellip;]<\/p>\n","protected":false,"gt_translate_keys":[{"key":"rendered","format":"html"}]},"author":4,"featured_media":637939,"comment_status":"closed","ping_status":"closed","sticky":false,"template":"","format":"standard","meta":{"footnotes":""},"categories":[65],"tags":[],"class_list":["post-637938","post","type-post","status-publish","format-standard","has-post-thumbnail","hentry","category-lajme"],"gt_translate_keys":[{"key":"link","format":"url"}],"_links":{"self":[{"href":"https:\/\/www.hashtag.al\/index.php\/wp-json\/wp\/v2\/posts\/637938","targetHints":{"allow":["GET"]}}],"collection":[{"href":"https:\/\/www.hashtag.al\/index.php\/wp-json\/wp\/v2\/posts"}],"about":[{"href":"https:\/\/www.hashtag.al\/index.php\/wp-json\/wp\/v2\/types\/post"}],"author":[{"embeddable":true,"href":"https:\/\/www.hashtag.al\/index.php\/wp-json\/wp\/v2\/users\/4"}],"replies":[{"embeddable":true,"href":"https:\/\/www.hashtag.al\/index.php\/wp-json\/wp\/v2\/comments?post=637938"}],"version-history":[{"count":0,"href":"https:\/\/www.hashtag.al\/index.php\/wp-json\/wp\/v2\/posts\/637938\/revisions"}],"wp:featuredmedia":[{"embeddable":true,"href":"https:\/\/www.hashtag.al\/index.php\/wp-json\/wp\/v2\/media\/637939"}],"wp:attachment":[{"href":"https:\/\/www.hashtag.al\/index.php\/wp-json\/wp\/v2\/media?parent=637938"}],"wp:term":[{"taxonomy":"category","embeddable":true,"href":"https:\/\/www.hashtag.al\/index.php\/wp-json\/wp\/v2\/categories?post=637938"},{"taxonomy":"post_tag","embeddable":true,"href":"https:\/\/www.hashtag.al\/index.php\/wp-json\/wp\/v2\/tags?post=637938"}],"curies":[{"name":"wp","href":"https:\/\/api.w.org\/{rel}","templated":true}]}}