{"id":637916,"date":"2023-12-08T18:38:54","date_gmt":"2023-12-08T17:38:54","guid":{"rendered":"https:\/\/www.hashtag.al\/?p=637916"},"modified":"2023-12-08T18:38:54","modified_gmt":"2023-12-08T17:38:54","slug":"vjosa-osmani-takohet-me-erdogan-mirenjohje-per-angazhimin-ne-sigurine-e-rajonit","status":"publish","type":"post","link":"https:\/\/www.hashtag.al\/index.php\/2023\/12\/08\/vjosa-osmani-takohet-me-erdogan-mirenjohje-per-angazhimin-ne-sigurine-e-rajonit\/","title":{"rendered":"Vjosa Osmani takohet me Erdogan: Mir\u00ebnjohje p\u00ebr angazhimin n\u00eb sigurin\u00eb e rajonit","gt_translate_keys":[{"key":"rendered","format":"text"}]},"content":{"rendered":"<p style=\"text-align: left;\"><span style=\"color: #000000;\"><img loading=\"lazy\" decoding=\"async\" class=\"size-full wp-image-637917 aligncenter\" src=\"https:\/\/www.hashtag.al\/wp-content\/uploads\/2023\/12\/GA1H-M5X0AAwYiE-600x360-1-583x350-1.jpg\" alt=\"\" width=\"583\" height=\"350\" srcset=\"https:\/\/www.hashtag.al\/wp-content\/uploads\/2023\/12\/GA1H-M5X0AAwYiE-600x360-1-583x350-1.jpg 583w, https:\/\/www.hashtag.al\/wp-content\/uploads\/2023\/12\/GA1H-M5X0AAwYiE-600x360-1-583x350-1-300x180.jpg 300w\" sizes=\"auto, (max-width: 583px) 100vw, 583px\" \/><\/span><\/p>\n<p style=\"text-align: left;\"><span style=\"color: #000000;\">Presidentja e Kosov\u00ebs Vjosa Osmani, \u00ebsht\u00eb takuar me presidentin turk Recep Tayyip Erdogan n\u00eb Stamboll.<\/span><\/p>\n<p style=\"text-align: left;\"><span style=\"color: #000000;\">P\u00ebrmes nj\u00eb postimi n\u00eb platform\u00ebn \u201cX\u201d, Osmani shkruan se i ka shprehur mir\u00ebnjohje Turqis\u00eb p\u00ebr angazhimin n\u00eb sigurin\u00eb e rajonit.<\/span><\/p>\n<p style=\"text-align: left;\"><span style=\"color: #000000;\"><em>\u201cSot n\u00eb Stamboll takova Presidentin Erdogan. N\u00eb drit\u00ebn e zhvillimeve t\u00eb fundit t\u00eb siguris\u00eb, shpreha mir\u00ebnjohjen ton\u00eb p\u00ebr mb\u00ebshtetjen dhe angazhimin e Turqis\u00eb p\u00ebr paqen dhe sigurin\u00eb n\u00eb rajonin ton\u00eb. Ne jemi t\u00eb p\u00ebrkushtuar t\u00eb vazhdojm\u00eb t\u00eb forcojm\u00eb bashk\u00ebpunimin mes vendeve tona\u201d,<\/em> shkruan Osmani.<\/span><\/p>\n<p style=\"text-align: left;\"><span style=\"color: #000000;\">Nd\u00ebrkaq, Osmani n\u00eb Facebook shtoi se ka informuar Erdoganin p\u00ebr zhvillimet e fundit n\u00eb rajon.<\/span><\/p>\n<p style=\"text-align: left;\"><span style=\"color: #000000;\"><em>\u201cE falenderova p\u00ebr mb\u00ebshtetjen e fuqishme p\u00ebr Kosov\u00ebn, p\u00ebrfshir\u00eb n\u00eb periudha t\u00eb r\u00ebnda e sfiduese p\u00ebr ne, si dhe e informova p\u00ebr zhvillimet e fundit n\u00eb vendit ton\u00eb. Do t\u00eb vazhdojm\u00eb t\u00eb punojm\u00eb af\u00ebr n\u00eb m\u00ebnyr\u00eb q\u00eb ta rrisim bashk\u00ebpunimin mes vendeve tona e popujve tan\u00eb<\/em>\u201d, tha Osmani.<\/span><\/p>\n<blockquote class=\"twitter-tweet\">\n<p dir=\"ltr\" lang=\"en\">Today, in Istanbul, I met President <a href=\"https:\/\/twitter.com\/RTErdogan?ref_src=twsrc%5Etfw\">@RTErdogan<\/a>.<\/p>\n<p>In light of recent security developments, I expressed our gratitude for T\u00fcrkiye\u2019s support and commitment to peace &amp; security in our region.<\/p>\n<p>We are dedicated to continue bolstering cooperation between our countries. \ud83c\uddfd\ud83c\uddf0\ud83c\uddf9\ud83c\uddf7 <a href=\"https:\/\/t.co\/a3vXZjyb2l\">pic.twitter.com\/a3vXZjyb2l<\/a><\/p>\n<p>\u2014 Vjosa Osmani (@VjosaOsmaniPRKS) <a href=\"https:\/\/twitter.com\/VjosaOsmaniPRKS\/status\/1733120579161448913?ref_src=twsrc%5Etfw\">December 8, 2023<\/a><\/p><\/blockquote>\n<p><script async src=\"https:\/\/platform.twitter.com\/widgets.js\" charset=\"utf-8\"><\/script><\/p>\n","protected":false,"gt_translate_keys":[{"key":"rendered","format":"html"}]},"excerpt":{"rendered":"<p>Presidentja e Kosov\u00ebs Vjosa Osmani, \u00ebsht\u00eb takuar me presidentin turk Recep Tayyip Erdogan n\u00eb Stamboll. P\u00ebrmes nj\u00eb postimi n\u00eb platform\u00ebn \u201cX\u201d, Osmani shkruan se i ka shprehur mir\u00ebnjohje Turqis\u00eb p\u00ebr angazhimin n\u00eb sigurin\u00eb e rajonit. \u201cSot n\u00eb Stamboll takova Presidentin Erdogan. N\u00eb drit\u00ebn e zhvillimeve t\u00eb fundit t\u00eb siguris\u00eb, shpreha mir\u00ebnjohjen ton\u00eb p\u00ebr mb\u00ebshtetjen dhe [&hellip;]<\/p>\n","protected":false,"gt_translate_keys":[{"key":"rendered","format":"html"}]},"author":4,"featured_media":637917,"comment_status":"closed","ping_status":"closed","sticky":false,"template":"","format":"standard","meta":{"footnotes":""},"categories":[149],"tags":[],"class_list":["post-637916","post","type-post","status-publish","format-standard","has-post-thumbnail","hentry","category-kosoverajon"],"gt_translate_keys":[{"key":"link","format":"url"}],"_links":{"self":[{"href":"https:\/\/www.hashtag.al\/index.php\/wp-json\/wp\/v2\/posts\/637916","targetHints":{"allow":["GET"]}}],"collection":[{"href":"https:\/\/www.hashtag.al\/index.php\/wp-json\/wp\/v2\/posts"}],"about":[{"href":"https:\/\/www.hashtag.al\/index.php\/wp-json\/wp\/v2\/types\/post"}],"author":[{"embeddable":true,"href":"https:\/\/www.hashtag.al\/index.php\/wp-json\/wp\/v2\/users\/4"}],"replies":[{"embeddable":true,"href":"https:\/\/www.hashtag.al\/index.php\/wp-json\/wp\/v2\/comments?post=637916"}],"version-history":[{"count":0,"href":"https:\/\/www.hashtag.al\/index.php\/wp-json\/wp\/v2\/posts\/637916\/revisions"}],"wp:featuredmedia":[{"embeddable":true,"href":"https:\/\/www.hashtag.al\/index.php\/wp-json\/wp\/v2\/media\/637917"}],"wp:attachment":[{"href":"https:\/\/www.hashtag.al\/index.php\/wp-json\/wp\/v2\/media?parent=637916"}],"wp:term":[{"taxonomy":"category","embeddable":true,"href":"https:\/\/www.hashtag.al\/index.php\/wp-json\/wp\/v2\/categories?post=637916"},{"taxonomy":"post_tag","embeddable":true,"href":"https:\/\/www.hashtag.al\/index.php\/wp-json\/wp\/v2\/tags?post=637916"}],"curies":[{"name":"wp","href":"https:\/\/api.w.org\/{rel}","templated":true}]}}