{"id":637756,"date":"2023-12-08T08:29:29","date_gmt":"2023-12-08T07:29:29","guid":{"rendered":"https:\/\/www.hashtag.al\/?p=637756"},"modified":"2023-12-08T08:32:28","modified_gmt":"2023-12-08T07:32:28","slug":"olsi-rama-duhet-te-jete-ne-burg-per-dosjen-e-xibrakes-bardhi-te-enjten-tjeter-publikoj-dokumenetet-video","status":"publish","type":"post","link":"https:\/\/www.hashtag.al\/index.php\/2023\/12\/08\/olsi-rama-duhet-te-jete-ne-burg-per-dosjen-e-xibrakes-bardhi-te-enjten-tjeter-publikoj-dokumenetet-video\/","title":{"rendered":"&#8220;Olsi Rama duhet t\u00eb jet\u00eb n\u00eb burg p\u00ebr \u2018Xibrak\u00ebn\u2019\u201d &#8211; Bardhi: T\u00eb enjten tjet\u00ebr publikoj dosjen e plot\u00eb (Video)","gt_translate_keys":[{"key":"rendered","format":"text"}]},"content":{"rendered":"<p><img loading=\"lazy\" decoding=\"async\" class=\"aligncenter size-full wp-image-637757\" src=\"https:\/\/www.hashtag.al\/wp-content\/uploads\/2023\/12\/bardhi.png\" alt=\"\" width=\"1151\" height=\"518\" srcset=\"https:\/\/www.hashtag.al\/wp-content\/uploads\/2023\/12\/bardhi.png 1151w, https:\/\/www.hashtag.al\/wp-content\/uploads\/2023\/12\/bardhi-300x135.png 300w, https:\/\/www.hashtag.al\/wp-content\/uploads\/2023\/12\/bardhi-1024x461.png 1024w, https:\/\/www.hashtag.al\/wp-content\/uploads\/2023\/12\/bardhi-768x346.png 768w\" sizes=\"auto, (max-width: 1151px) 100vw, 1151px\" \/><\/p>\n<p><span style=\"color: #000000;\">Kreu i grupit parlamentar demokrat Gazment Bardhi deklaroi mbr\u00ebmjen e djeshme se t\u00eb enjt\u00ebn q\u00eb vjen do publikoj\u00eb dosjen se si \u00ebsht\u00eb nd\u00ebrhyr\u00eb n\u00eb sistemin TIMS, p\u00ebr t\u00eb favorizuar Olsi Ram\u00ebn, v\u00ebllain i kryeministrit. <\/span><\/p>\n<p><span style=\"color: #000000;\">Ai ishte i ftuar n\u00eb emisionin \u2018Opinion\u2019 ku pohoi se Olsi Rama do duhet t\u00eb ishte n\u00eb burg p\u00ebr dosjen e kokain\u00ebs s\u00eb \u2018Xibrak\u00ebs\u2019. <\/span><\/p>\n<p><span style=\"color: #000000;\">Bardhi se nj\u00eb nga k\u00ebrkesat e opozit\u00ebs p\u00ebr komisione hetimore ka t\u00eb b\u00ebj\u00eb pik\u00ebrisht m\u00eb nd\u00ebrhyrjet\u00a0 e marrjen e t\u00eb dh\u00ebnave n\u00eb sistemin TIMS. <\/span><\/p>\n<p><span style=\"color: #000000;\">Ai theksoi se do i b\u00ebj\u00eb publike dokumentet se si \u00ebsht\u00eb nd\u00ebrhyr\u00eb n\u00eb sistemin TIMS, p\u00ebr t\u00eb favorizuar Olsi Ram\u00ebn, t\u00eb enjten e ardhshme n\u00eb t\u00eb nj\u00ebjtin emision.<\/span><\/p>\n<p><span style=\"color: #000000;\"><em>\u201cK\u00ebrkesa e pare p\u00ebr komision hetimor ka t\u00eb b\u00ebj\u00eb me nj\u00eb skandal t\u00eb nd\u00ebrhyrjes n\u00eb m\u00ebnyr\u00eb t\u00eb paligjshme n\u00eb sistemin TIMS. Informacioni mbi t\u00eb cil\u00ebn \u00ebsht\u00eb bazuar k\u00ebrkesa, bazohet mbi nj\u00eb dokument zyrtar q\u00eb \u00ebsht\u00eb raporti i AMP-s\u00eb. Pra, nuk b\u00ebhet fjal\u00eb p\u00ebr nj\u00eb thashethem, por nj\u00eb nd\u00ebrhyrje t\u00eb paligjshme n\u00eb TIMS dhe ne duam t\u00eb verifikojm\u00eb se kush ka p\u00ebrgjegj\u00ebsi p\u00ebr nd\u00ebrhyrjen e paligjshme dhe deri n\u00eb \u00e7far\u00eb mase \u00ebsht\u00eb nd\u00ebrhyr\u00eb n\u00eb sistemin TIMS p\u00ebr t\u00eb propozuar dhe masa ligjore q\u00eb n\u00eb t\u00eb ardhmen, nj\u00eb nd\u00ebrhyje e till\u00eb mbi t\u00eb dh\u00ebnat e qytetar\u00ebve q\u00eb kalojn\u00eb kufirin, t\u00eb marr\u00eb masa ligjore. <\/em><\/span><\/p>\n<p><span style=\"color: #000000;\"><em>Ua them edhe arsyen pse bllokohet secila prej tyre. A e di pse bllokohet kjo? Sepse n\u00ebse t\u00eb dh\u00ebnat e sistemit TIMS nuk do t\u00eb ishte nd\u00ebrhyr\u00eb n\u00eb m\u00ebnyr\u00eb t\u00eb paligjshme p\u00ebr t\u00eb fshehur, ka nj\u00eb \u00e7\u00ebshtje q\u00eb mbahet pezull n\u00eb SPAK, ku v\u00ebllai i kryeministri shqiptar, Olsi Rama, p\u00ebr shkak t\u00eb p\u00ebrkimit t\u00eb t\u00eb dh\u00ebnave t\u00eb TIMS do t\u00eb duhet t\u00eb jet\u00eb n\u00eb burg p\u00ebr dosjen e \u201cXibrak\u00ebs\u201d. Problemi i vet\u00ebm i Edi Ram\u00ebs n\u00eb k\u00ebt\u00eb rast \u00ebsht\u00eb q\u00eb t\u00eb dh\u00ebnat do t\u00eb b\u00ebhen publike. Patjet\u00ebr, patjet\u00ebr do t\u2019i b\u00ebj publike, q\u00eb ka ndihmuar t\u00eb kaloj\u00eb kufirin\u2026m\u00eb ftoni t\u00eb enjten tjet\u00ebr dhe vij un\u00eb dhe i b\u00ebj publike. T\u00eb enjten tjet\u00ebr vij un\u00eb dhe un\u00eb publikoj n\u00eb \u201cOpinion\u201d dosjen e plot\u00eb se si Olsi Rama u konsiderua person i paidentifikuar nga prokuroria dhe q\u00eb do verifikohet n\u00eb nj\u00eb faz\u00eb tjet\u00ebr dhe n\u00eb momentin kur prokuror\u00ebt k\u00ebrkuan t\u00eb nd\u00ebrhynin n\u00eb sistemin TIMS p\u00ebr t\u00eb marr\u00eb t\u00eb dh\u00ebnat q\u00eb k\u00ebrkonin a verifikonin, p\u00ebrfshirjen e Olsi Ram\u00ebs n\u00eb laboratorin e kokain\u00ebs n\u00eb Xibrak\u00eb, u vodh\u00ebn dhe u nd\u00ebrhyn\u00eb t\u00eb dh\u00ebnat n\u00eb sistemin TIMS.&#8221; &#8211; <\/em>tha Bardhi.<\/span><\/p>\n<div style=\"width: 640px;\" class=\"wp-video\"><video class=\"wp-video-shortcode\" id=\"video-637756-1\" width=\"640\" height=\"360\" preload=\"metadata\" controls=\"controls\"><source type=\"video\/mp4\" src=\"https:\/\/www.hashtag.al\/wp-content\/uploads\/2023\/12\/bardhirama-online-video-cutter.com_.mp4?_=1\" \/><a href=\"https:\/\/www.hashtag.al\/wp-content\/uploads\/2023\/12\/bardhirama-online-video-cutter.com_.mp4\">https:\/\/www.hashtag.al\/wp-content\/uploads\/2023\/12\/bardhirama-online-video-cutter.com_.mp4<\/a><\/video><\/div>\n","protected":false,"gt_translate_keys":[{"key":"rendered","format":"html"}]},"excerpt":{"rendered":"<p>Kreu i grupit parlamentar demokrat Gazment Bardhi deklaroi mbr\u00ebmjen e djeshme se t\u00eb enjt\u00ebn q\u00eb vjen do publikoj\u00eb dosjen se si \u00ebsht\u00eb nd\u00ebrhyr\u00eb n\u00eb sistemin TIMS, p\u00ebr t\u00eb favorizuar Olsi Ram\u00ebn, v\u00ebllain i kryeministrit. Ai ishte i ftuar n\u00eb emisionin \u2018Opinion\u2019 ku pohoi se Olsi Rama do duhet t\u00eb ishte n\u00eb burg p\u00ebr dosjen e [&hellip;]<\/p>\n","protected":false,"gt_translate_keys":[{"key":"rendered","format":"html"}]},"author":51,"featured_media":637757,"comment_status":"closed","ping_status":"closed","sticky":false,"template":"","format":"standard","meta":{"footnotes":""},"categories":[22],"tags":[],"class_list":["post-637756","post","type-post","status-publish","format-standard","has-post-thumbnail","hentry","category-ballina"],"gt_translate_keys":[{"key":"link","format":"url"}],"_links":{"self":[{"href":"https:\/\/www.hashtag.al\/index.php\/wp-json\/wp\/v2\/posts\/637756","targetHints":{"allow":["GET"]}}],"collection":[{"href":"https:\/\/www.hashtag.al\/index.php\/wp-json\/wp\/v2\/posts"}],"about":[{"href":"https:\/\/www.hashtag.al\/index.php\/wp-json\/wp\/v2\/types\/post"}],"author":[{"embeddable":true,"href":"https:\/\/www.hashtag.al\/index.php\/wp-json\/wp\/v2\/users\/51"}],"replies":[{"embeddable":true,"href":"https:\/\/www.hashtag.al\/index.php\/wp-json\/wp\/v2\/comments?post=637756"}],"version-history":[{"count":0,"href":"https:\/\/www.hashtag.al\/index.php\/wp-json\/wp\/v2\/posts\/637756\/revisions"}],"wp:featuredmedia":[{"embeddable":true,"href":"https:\/\/www.hashtag.al\/index.php\/wp-json\/wp\/v2\/media\/637757"}],"wp:attachment":[{"href":"https:\/\/www.hashtag.al\/index.php\/wp-json\/wp\/v2\/media?parent=637756"}],"wp:term":[{"taxonomy":"category","embeddable":true,"href":"https:\/\/www.hashtag.al\/index.php\/wp-json\/wp\/v2\/categories?post=637756"},{"taxonomy":"post_tag","embeddable":true,"href":"https:\/\/www.hashtag.al\/index.php\/wp-json\/wp\/v2\/tags?post=637756"}],"curies":[{"name":"wp","href":"https:\/\/api.w.org\/{rel}","templated":true}]}}