{"id":637741,"date":"2023-12-07T23:36:28","date_gmt":"2023-12-07T22:36:28","guid":{"rendered":"https:\/\/www.hashtag.al\/?p=637741"},"modified":"2023-12-07T23:37:18","modified_gmt":"2023-12-07T22:37:18","slug":"erdogan-nuk-ka-asnje-ceshtje-qe-nuk-zgjidhet-mes-turqise-dhe-greqise","status":"publish","type":"post","link":"https:\/\/www.hashtag.al\/index.php\/2023\/12\/07\/erdogan-nuk-ka-asnje-ceshtje-qe-nuk-zgjidhet-mes-turqise-dhe-greqise\/","title":{"rendered":"Erdogan: Nuk ka asnj\u00eb \u00e7\u00ebshtje q\u00eb nuk zgjidhet mes Turqis\u00eb dhe Greqis\u00eb","gt_translate_keys":[{"key":"rendered","format":"text"}]},"content":{"rendered":"<p><a href=\"https:\/\/www.hashtag.al\/wp-content\/uploads\/2023\/12\/erdogan-mitsotakis.jpg\"><img loading=\"lazy\" decoding=\"async\" class=\"aligncenter size-full wp-image-637742\" src=\"https:\/\/www.hashtag.al\/wp-content\/uploads\/2023\/12\/erdogan-mitsotakis.jpg\" alt=\"\" width=\"864\" height=\"485\" \/><\/a><\/p>\n<p><span style=\"color: #000000;\">Pas takimit n\u00eb Athin\u00eb me kryeministrin grek, Kyriakos Mitsotakis, presidenti turk, Rexhep Taip Erdogan ka deklaruar se nuk ka asnj\u00eb \u00e7\u00ebshtje midis Turqis\u00eb dhe Greqis\u00eb q\u00eb nuk mund t\u00eb zgjidhet.<\/span><\/p>\n<p><span style=\"color: #000000;\">&#8220;\u00cbsht\u00eb shpresa jon\u00eb p\u00ebr t\u00eb zgjidhur \u00e7\u00ebshtjet tona n\u00ebp\u00ebrmjet dialogut konstruktiv dhe marr\u00ebdh\u00ebnieve t\u00eb fqinj\u00ebsis\u00eb s\u00eb mir\u00eb n\u00eb kuad\u00ebr t\u00eb korniz\u00ebs s\u00eb ligjit nd\u00ebrkomb\u00ebtar&#8221;, tha presidenti Erdogan n\u00eb konferenc\u00ebn e p\u00ebrbashk\u00ebt p\u00ebr media me kryeministrin Mitsotakis.<\/span><\/p>\n<p><span style=\"color: #000000;\">&#8220;Do t\u00eb jet\u00eb n\u00eb interes t\u00eb t\u00eb gjith\u00eb rajonit q\u00eb t\u00eb arrihet nj\u00eb zgjidhje e drejt\u00eb, e p\u00ebrhershme dhe e q\u00ebndrueshme p\u00ebr \u00e7\u00ebshtjen e Qipros mbi baz\u00ebn e realiteteve n\u00eb ishull&#8221;, theksoi presidenti turk.<\/span><\/p>\n<p><span style=\"color: #000000;\">M\u00eb tej, presidenti turk tha se duan t\u00eb kthejn\u00eb Egjeun n\u00eb nj\u00eb det paqeje dhe bashk\u00ebpunimi.<\/span><\/p>\n<p><span style=\"color: #000000;\">&#8220;Ne aspirojm\u00eb t\u00eb japim shembull p\u00ebr bot\u00ebn me hapat e p\u00ebrbashk\u00ebta q\u00eb do t\u00eb b\u00ebjm\u00eb si Turqi dhe Greqi&#8221;, tha ai.<\/span><\/p>\n<p><span style=\"color: #000000;\">Lidhur me takimin me kryeministrin grek, Erdogan tha se t\u00eb dyja pal\u00ebt shk\u00ebmbyen mendime p\u00ebr q\u00ebndrimet e tyre n\u00eb lidhje me Egjeun dhe Mesdheun Lindor.<\/span><\/p>\n<p><span style=\"color: #000000;\">&#8220;Ne u kemi k\u00ebrkuar ministrave tan\u00eb t\u00eb jasht\u00ebm t\u00eb diskutojn\u00eb \u00e7\u00ebshtjet e lidhura (me k\u00ebt\u00eb)&#8221;, shtoi ai.<\/span><\/p>\n<p><span style=\"color: #000000;\">Erdogan foli edhe p\u00ebr luft\u00ebn e Izraelit n\u00eb Rripin e Gaz\u00ebs, ku nga sulmet e pam\u00ebshirshme izraelite q\u00eb nga 7 tetori jan\u00eb vrar\u00eb t\u00eb pakt\u00ebn 16.248 palestinez\u00eb dhe m\u00eb shum\u00eb se 43.616 t\u00eb tjer\u00eb jan\u00eb plagosur.<\/span><\/p>\n<p><span style=\"color: #000000;\">&#8220;Shnd\u00ebrrimi i asaj q\u00eb ndodhi n\u00eb nj\u00eb nd\u00ebshkim kolektiv t\u00eb popullit t\u00eb Gaz\u00ebs, masakrimi i 17 mij\u00eb civil\u00ebve palestinez\u00eb t\u00eb pafajsh\u00ebm, prek nd\u00ebrgjegjen&#8221;, tha presidenti Erdogan.<\/span><\/p>\n","protected":false,"gt_translate_keys":[{"key":"rendered","format":"html"}]},"excerpt":{"rendered":"<p>Pas takimit n\u00eb Athin\u00eb me kryeministrin grek, Kyriakos Mitsotakis, presidenti turk, Rexhep Taip Erdogan ka deklaruar se nuk ka asnj\u00eb \u00e7\u00ebshtje midis Turqis\u00eb dhe Greqis\u00eb q\u00eb nuk mund t\u00eb zgjidhet. &#8220;\u00cbsht\u00eb shpresa jon\u00eb p\u00ebr t\u00eb zgjidhur \u00e7\u00ebshtjet tona n\u00ebp\u00ebrmjet dialogut konstruktiv dhe marr\u00ebdh\u00ebnieve t\u00eb fqinj\u00ebsis\u00eb s\u00eb mir\u00eb n\u00eb kuad\u00ebr t\u00eb korniz\u00ebs s\u00eb ligjit nd\u00ebrkomb\u00ebtar&#8221;, tha [&hellip;]<\/p>\n","protected":false,"gt_translate_keys":[{"key":"rendered","format":"html"}]},"author":32,"featured_media":637742,"comment_status":"closed","ping_status":"closed","sticky":false,"template":"","format":"standard","meta":{"footnotes":""},"categories":[149,13],"tags":[],"class_list":["post-637741","post","type-post","status-publish","format-standard","has-post-thumbnail","hentry","category-kosoverajon","category-te-fundit"],"gt_translate_keys":[{"key":"link","format":"url"}],"_links":{"self":[{"href":"https:\/\/www.hashtag.al\/index.php\/wp-json\/wp\/v2\/posts\/637741","targetHints":{"allow":["GET"]}}],"collection":[{"href":"https:\/\/www.hashtag.al\/index.php\/wp-json\/wp\/v2\/posts"}],"about":[{"href":"https:\/\/www.hashtag.al\/index.php\/wp-json\/wp\/v2\/types\/post"}],"author":[{"embeddable":true,"href":"https:\/\/www.hashtag.al\/index.php\/wp-json\/wp\/v2\/users\/32"}],"replies":[{"embeddable":true,"href":"https:\/\/www.hashtag.al\/index.php\/wp-json\/wp\/v2\/comments?post=637741"}],"version-history":[{"count":0,"href":"https:\/\/www.hashtag.al\/index.php\/wp-json\/wp\/v2\/posts\/637741\/revisions"}],"wp:featuredmedia":[{"embeddable":true,"href":"https:\/\/www.hashtag.al\/index.php\/wp-json\/wp\/v2\/media\/637742"}],"wp:attachment":[{"href":"https:\/\/www.hashtag.al\/index.php\/wp-json\/wp\/v2\/media?parent=637741"}],"wp:term":[{"taxonomy":"category","embeddable":true,"href":"https:\/\/www.hashtag.al\/index.php\/wp-json\/wp\/v2\/categories?post=637741"},{"taxonomy":"post_tag","embeddable":true,"href":"https:\/\/www.hashtag.al\/index.php\/wp-json\/wp\/v2\/tags?post=637741"}],"curies":[{"name":"wp","href":"https:\/\/api.w.org\/{rel}","templated":true}]}}