{"id":637591,"date":"2023-12-07T13:38:53","date_gmt":"2023-12-07T12:38:53","guid":{"rendered":"https:\/\/www.hashtag.al\/?p=637591"},"modified":"2023-12-07T13:38:53","modified_gmt":"2023-12-07T12:38:53","slug":"privatizimi-i-shoqerise-buka-spak-mbyll-hetimet-per-arben-ahmetajn","status":"publish","type":"post","link":"https:\/\/www.hashtag.al\/index.php\/2023\/12\/07\/privatizimi-i-shoqerise-buka-spak-mbyll-hetimet-per-arben-ahmetajn\/","title":{"rendered":"Privatizimi i shoq\u00ebris\u00eb \u201cBuka\u201d, SPAK mbyll hetimet p\u00ebr Arben Ahmetajn","gt_translate_keys":[{"key":"rendered","format":"text"}]},"content":{"rendered":"<p><img loading=\"lazy\" decoding=\"async\" class=\"size-full wp-image-637592 aligncenter\" src=\"https:\/\/www.hashtag.al\/wp-content\/uploads\/2023\/12\/1697022879_AhmetajSPAK.jpg\" alt=\"\" width=\"780\" height=\"440\" srcset=\"https:\/\/www.hashtag.al\/wp-content\/uploads\/2023\/12\/1697022879_AhmetajSPAK.jpg 780w, https:\/\/www.hashtag.al\/wp-content\/uploads\/2023\/12\/1697022879_AhmetajSPAK-300x169.jpg 300w, https:\/\/www.hashtag.al\/wp-content\/uploads\/2023\/12\/1697022879_AhmetajSPAK-768x433.jpg 768w\" sizes=\"auto, (max-width: 780px) 100vw, 780px\" \/><\/p>\n<p><span style=\"font-weight: 400; color: #000000;\">Prokuroria e Posa\u00e7me ka p\u00ebrfunduar hetimet duke \u00e7uar n\u00eb GJKKO dosjen n\u00eb ngarkim t\u00eb Arben Ahmetajt lidhur me privatizimin e ish-furr\u00ebs s\u00eb buk\u00ebs. Ndaj Ahmetajt \u00ebsht\u00eb ngritur akuza p\u00ebr vepr\u00ebn penale t\u00eb shp\u00ebrdorimit t\u00eb detyr\u00ebs n\u00eb vler\u00eb d\u00ebmi rreth 7 miliard lek\u00eb, teksa ish-numri dy i qeveris\u00eb ndodhet prej muajsh n\u00eb k\u00ebrkim nd\u00ebrkomb\u00ebtar p\u00ebr inceneratorin e Elbasanit dhe pasurin\u00eb e pajistifikuar.<\/span><\/p>\n<p><span style=\"font-weight: 400; color: #000000;\">Prokuroria e Posa\u00e7me vijon hetimin p\u00ebr 7 persona t\u00eb tjer\u00eb, p\u00ebrfaq\u00ebsues t\u00eb Ministris\u00eb s\u00eb Financave dhe ndaj biznesmenit Lirim Fezollari, i cili sipas SPAK, edhe p\u00ebrfitoi nga privatizimi n\u00eb koh\u00ebn kur Ahmetaj ishte minist\u00ebr i Financave. Por vet\u00ebm k\u00ebtij t\u00eb fundit i \u00ebsht\u00eb komunikuar akuza p\u00ebrmes avokatit t\u00eb tij.<\/span><\/p>\n<p><span style=\"font-weight: 400; color: #000000;\">Dyshohet se mes Ahmetajt dhe biznesmenit ka pasur mar\u00ebdh\u00ebnie p\u00ebrtej komunikimit institucional, nga e cila ka arritur t\u00eb privatizoj\u00eb aksionet e shoq\u00ebris\u00eb \u201cBuka Sh.a\u201d. e ndodhur n\u00eb nj\u00eb nga pikat m\u00eb t\u00eb lakmuara t\u00eb Tiran\u00ebs.\u00a0<\/span><\/p>\n<p><span style=\"font-weight: 400; color: #000000;\">Lidhur me k\u00ebt\u00eb procedur\u00eb paraardh\u00ebsi i Ahmetajt Shk\u00eblqim Cani e kishte refuzuar, teksa ky i fundit \u00ebsht\u00eb pyetur nga SPAK lidhur me k\u00ebt\u00eb \u00e7\u00ebshtje muaj m\u00eb par\u00eb. Prona prej mij\u00ebra metrash katror i \u00ebsht\u00eb njohur prej vitit 1994 nga Agjencia e Kthimit dhe Kompensimit, familjes Myderzi.<\/span><\/p>\n<p><span style=\"font-weight: 400; color: #000000;\">P\u00ebrmes nj\u00eb procedure ankandi t\u00eb hapur n\u00eb 2014 dhe q\u00eb kan\u00eb vijuar m\u00eb pas ankande e procedura t\u00eb tjera deri n\u00eb 2022, p\u00ebrfitues i aksioneve shtet\u00ebrore t\u00eb kompanis\u00eb \u00ebsht\u00eb b\u00ebr\u00eb biznesmeni Lirim Fezollari.\u00a0<\/span><\/p>\n<p><span style=\"font-weight: 400; color: #000000;\">Ish-zv.kryeministri, ndodhet n\u00eb k\u00ebrkim nd\u00ebrkomb\u00ebtar n\u00eb kuad\u00ebr t\u00eb dy procedimeve t\u00eb m\u00ebparshme t\u00eb bashkuar n\u00eb nj\u00eb t\u00eb vet\u00ebm, p\u00ebr \u201cFshehje t\u00eb pasuris\u00eb&#8221;,\u00a0 \u201cKorrupsion pasiv&#8221; dhe \u201cPastrim parash\u201d.\u00a0<\/span><\/p>\n<p><span style=\"font-weight: 400; color: #000000;\">Atij i jan\u00eb sekuestruar disa pasuri dhe prona dhe nj\u00eb pjes\u00eb e tyre dyshohet t\u00eb jen\u00eb v\u00ebn\u00eb fal\u00eb marr\u00ebdh\u00ebnies me pronar\u00ebt e incenerator\u00ebve Klodian Zoto e Mirel M\u00ebrtiri q\u00eb ndodhen po ashtu n\u00eb k\u00ebrkim.<\/span><\/p>\n","protected":false,"gt_translate_keys":[{"key":"rendered","format":"html"}]},"excerpt":{"rendered":"<p>Prokuroria e Posa\u00e7me ka p\u00ebrfunduar hetimet duke \u00e7uar n\u00eb GJKKO dosjen n\u00eb ngarkim t\u00eb Arben Ahmetajt lidhur me privatizimin e ish-furr\u00ebs s\u00eb buk\u00ebs. Ndaj Ahmetajt \u00ebsht\u00eb ngritur akuza p\u00ebr vepr\u00ebn penale t\u00eb shp\u00ebrdorimit t\u00eb detyr\u00ebs n\u00eb vler\u00eb d\u00ebmi rreth 7 miliard lek\u00eb, teksa ish-numri dy i qeveris\u00eb ndodhet prej muajsh n\u00eb k\u00ebrkim nd\u00ebrkomb\u00ebtar p\u00ebr inceneratorin [&hellip;]<\/p>\n","protected":false,"gt_translate_keys":[{"key":"rendered","format":"html"}]},"author":4,"featured_media":637592,"comment_status":"closed","ping_status":"closed","sticky":false,"template":"","format":"standard","meta":{"footnotes":""},"categories":[65],"tags":[],"class_list":["post-637591","post","type-post","status-publish","format-standard","has-post-thumbnail","hentry","category-lajme"],"gt_translate_keys":[{"key":"link","format":"url"}],"_links":{"self":[{"href":"https:\/\/www.hashtag.al\/index.php\/wp-json\/wp\/v2\/posts\/637591","targetHints":{"allow":["GET"]}}],"collection":[{"href":"https:\/\/www.hashtag.al\/index.php\/wp-json\/wp\/v2\/posts"}],"about":[{"href":"https:\/\/www.hashtag.al\/index.php\/wp-json\/wp\/v2\/types\/post"}],"author":[{"embeddable":true,"href":"https:\/\/www.hashtag.al\/index.php\/wp-json\/wp\/v2\/users\/4"}],"replies":[{"embeddable":true,"href":"https:\/\/www.hashtag.al\/index.php\/wp-json\/wp\/v2\/comments?post=637591"}],"version-history":[{"count":0,"href":"https:\/\/www.hashtag.al\/index.php\/wp-json\/wp\/v2\/posts\/637591\/revisions"}],"wp:featuredmedia":[{"embeddable":true,"href":"https:\/\/www.hashtag.al\/index.php\/wp-json\/wp\/v2\/media\/637592"}],"wp:attachment":[{"href":"https:\/\/www.hashtag.al\/index.php\/wp-json\/wp\/v2\/media?parent=637591"}],"wp:term":[{"taxonomy":"category","embeddable":true,"href":"https:\/\/www.hashtag.al\/index.php\/wp-json\/wp\/v2\/categories?post=637591"},{"taxonomy":"post_tag","embeddable":true,"href":"https:\/\/www.hashtag.al\/index.php\/wp-json\/wp\/v2\/tags?post=637591"}],"curies":[{"name":"wp","href":"https:\/\/api.w.org\/{rel}","templated":true}]}}