{"id":637442,"date":"2023-12-06T23:24:11","date_gmt":"2023-12-06T22:24:11","guid":{"rendered":"https:\/\/www.hashtag.al\/?p=637442"},"modified":"2023-12-06T23:24:11","modified_gmt":"2023-12-06T22:24:11","slug":"franca-miraton-ligjin-qe-mbron-te-drejten-e-gjelave-te-kendojne-si-te-duan-ne-fshat","status":"publish","type":"post","link":"https:\/\/www.hashtag.al\/index.php\/2023\/12\/06\/franca-miraton-ligjin-qe-mbron-te-drejten-e-gjelave-te-kendojne-si-te-duan-ne-fshat\/","title":{"rendered":"Franca miraton ligjin q\u00eb mbron t\u00eb drejt\u00ebn e gjelave t\u00eb k\u00ebndojn\u00eb si t\u00eb duan n\u00eb fshat","gt_translate_keys":[{"key":"rendered","format":"text"}]},"content":{"rendered":"<p><span style=\"color: #000000;\"><a style=\"color: #000000;\" href=\"https:\/\/www.hashtag.al\/wp-content\/uploads\/2023\/12\/gjela.png\"><img loading=\"lazy\" decoding=\"async\" class=\"aligncenter size-full wp-image-637443\" src=\"https:\/\/www.hashtag.al\/wp-content\/uploads\/2023\/12\/gjela.png\" alt=\"\" width=\"799\" height=\"465\" srcset=\"https:\/\/www.hashtag.al\/wp-content\/uploads\/2023\/12\/gjela.png 799w, https:\/\/www.hashtag.al\/wp-content\/uploads\/2023\/12\/gjela-300x175.png 300w, https:\/\/www.hashtag.al\/wp-content\/uploads\/2023\/12\/gjela-768x447.png 768w, https:\/\/www.hashtag.al\/wp-content\/uploads\/2023\/12\/gjela-250x145.png 250w\" sizes=\"auto, (max-width: 799px) 100vw, 799px\" \/><\/a><\/span><\/p>\n<p><span style=\"color: #000000;\">Ligji i ri p\u00ebr &#8220;tingujt dhe er\u00ebrat e fshatit&#8221; synon t&#8217;u jap\u00eb m\u00eb shum\u00eb mbrojtje fermave ekzistuese nga banor\u00ebt e sapoardhur n\u00eb zon\u00eb.<\/span><\/p>\n<p><span style=\"color: #000000;\">T\u00eb rinjt\u00eb e qytetit q\u00eb shp\u00ebrngulen n\u00eb fshatrat franceze, vet\u00ebm p\u00ebr t\u00eb gjetur zhurm\u00ebn e k\u00ebndimit t\u00eb gjelave, lehjen e qenve, makinerit\u00eb bujq\u00ebsore ose er\u00ebn e plehut organik q\u00eb nuk mund t\u00eb duroj\u00eb, nuk do ta ken\u00eb m\u00eb aq t\u00eb leht\u00eb t\u00eb b\u00ebjn\u00eb nj\u00eb ankes\u00eb.<\/span><\/p>\n<p><span style=\"color: #000000;\">Parlamenti francez ka miratuar nj\u00eb ligj q\u00eb synon t\u00eb kufizoj\u00eb konfliktet mes fqinj\u00ebve dhe t\u00eb shmang\u00eb padit\u00eb &#8220;abuzive&#8221; nga &#8220;banor\u00ebt neorural&#8221; kund\u00ebr fermer\u00ebve.<\/span><\/p>\n<p><span style=\"color: #000000;\">Projektligji, i paraqitur nga deputetja e shumic\u00ebs n\u00eb pushtet, Nicole Le Peih dhe i mb\u00ebshtetur nga qeveria qendrore e Presidentit Emmanuel Macron, u miratua me 78 vota kund\u00ebr 12 dhe tani do t\u00eb kaloj\u00eb n\u00eb Senat.<\/span><\/p>\n<p><span style=\"color: #000000;\">Ministri i Drejt\u00ebsis\u00eb Eric Dupond-Moretti tha n\u00eb platform\u00ebn e mediave sociale X: &#8220;Ky ligj do t&#8217;i jap\u00eb fund padive abuzive kund\u00ebr fermer\u00ebve q\u00eb nuk b\u00ebjn\u00eb gj\u00eb tjet\u00ebr ve\u00e7 pun\u00ebs s\u00eb tyre: na ushqejn\u00eb. \u00cbsht\u00eb nj\u00eb propozim me sens t\u00eb p\u00ebrbashk\u00ebt, sens t\u00eb p\u00ebrbashk\u00ebt p\u00ebr vendin&#8221;.<\/span><\/p>\n<p><span style=\"color: #000000;\">Franca dhe vendet e tjera alpine kan\u00eb pasur nj\u00eb histori t\u00eb gjat\u00eb konfliktesh midis ish-banor\u00ebve t\u00eb qyteteve dhe fqinj\u00ebve t\u00eb tyre t\u00eb rinj n\u00eb fshat.<\/span><\/p>\n<p><span style=\"color: #000000;\">N\u00eb vitin 2021, Franca prezantoi legjislacionin p\u00ebr t\u00eb mbrojtur &#8220;trash\u00ebgimin\u00eb shqisore t\u00eb fshatit francez&#8221;.<\/span><\/p>\n<p><span style=\"color: #000000;\">Por &#8220;ligji Maurice the Rooster&#8221; ka rezultuar i v\u00ebshtir\u00eb p\u00ebr t&#8217;u zbatuar me ankesat e paraqitura p\u00ebr &#8220;trazira anormale t\u00eb lagjeve&#8221; q\u00eb &#8211; deri tani &#8211; jan\u00eb l\u00ebn\u00eb n\u00eb diskrecionin e gjyqtar\u00ebve.<\/span><\/p>\n<p><span style=\"color: #000000;\">Gati 500 fermer\u00eb aktualisht po p\u00ebrballen me padi nga fqinj\u00ebt q\u00eb kan\u00eb probleme me zhurm\u00ebn ose aromat q\u00eb dalin nga fermat e tyre, sipas BFM TV.<\/span><\/p>\n<p><span style=\"color: #000000;\">N\u00eb vitin 2019, Maurice q\u00eb jetonte n\u00eb ishullin bregdetar t\u00eb Saint-Pierre-d&#8217;Ol\u00e9ron n\u00eb New Aquitaine, u lejua t\u00eb vazhdonte t\u00eb k\u00ebndonte pasi kund\u00ebrshtar\u00ebt humb\u00ebn padin\u00eb kund\u00ebr pronarit t\u00eb tij.<\/span><\/p>\n<p><span style=\"color: #000000;\">Ligji i ri \u00ebsht\u00eb m\u00eb i gjer\u00eb, ku parashikohet se asnj\u00eb banor nuk mund t\u00eb p\u00ebrdor\u00eb ligjin p\u00ebr t\u00eb sfiduar veprimtarin\u00eb e fermer\u00ebve q\u00eb operonin aty p\u00ebrpara se t\u00eb vinin.<\/span><\/p>\n<p><span style=\"color: #000000;\">K\u00ebshtu, n\u00ebse nj\u00eb fqinj shqet\u00ebsohet nga nj\u00eb subjekt kryer aktivitet p\u00ebrpara mb\u00ebrritjes s\u00eb tyre, ai nuk do t\u00eb jet\u00eb n\u00eb gjendje t\u00eb b\u00ebj\u00eb ankes\u00eb.<\/span><\/p>\n<p><span style=\"color: #000000;\">&#8220;\u00cbsht\u00eb gjithashtu m\u00ebnyra p\u00ebr t\u00eb garantuar aplikimin uniform n\u00eb t\u00eb gjith\u00eb territorin komb\u00ebtar,&#8221; tha Nicole Le Peih.<\/span><\/p>\n<p><span style=\"color: #000000;\">Megjithat\u00eb, ajo nuk &#8220;u jep nj\u00eb \u00e7ek bosh&#8221; atyre q\u00eb jan\u00eb p\u00ebrgjegj\u00ebs p\u00ebr &#8220;trazira anormale&#8221; n\u00eb lagje, theksoi ajo.<\/span><\/p>\n<p><span style=\"color: #000000;\">N\u00ebse aktiviteti nuk \u00ebsht\u00eb n\u00eb p\u00ebrputhje me legjislacionin ose rregulloret, ve\u00e7an\u00ebrisht n\u00eb \u00e7\u00ebshtjet mjedisore, personi p\u00ebrgjegj\u00ebs do t\u00eb mbahet p\u00ebrgjegj\u00ebs.<\/span><\/p>\n<p><span style=\"color: #000000;\">&#8220;Krenar q\u00eb mb\u00ebshtes ata q\u00eb punojn\u00eb n\u00eb fushat tona. Tani n\u00eb Senat,&#8221; tha z\u00ebvend\u00ebskryetari i sindikat\u00ebs s\u00eb fermer\u00ebve FNSEA, Luc Smessaert n\u00eb X.<\/span><\/p>\n","protected":false,"gt_translate_keys":[{"key":"rendered","format":"html"}]},"excerpt":{"rendered":"<p>Ligji i ri p\u00ebr &#8220;tingujt dhe er\u00ebrat e fshatit&#8221; synon t&#8217;u jap\u00eb m\u00eb shum\u00eb mbrojtje fermave ekzistuese nga banor\u00ebt e sapoardhur n\u00eb zon\u00eb. T\u00eb rinjt\u00eb e qytetit q\u00eb shp\u00ebrngulen n\u00eb fshatrat franceze, vet\u00ebm p\u00ebr t\u00eb gjetur zhurm\u00ebn e k\u00ebndimit t\u00eb gjelave, lehjen e qenve, makinerit\u00eb bujq\u00ebsore ose er\u00ebn e plehut organik q\u00eb nuk mund t\u00eb [&hellip;]<\/p>\n","protected":false,"gt_translate_keys":[{"key":"rendered","format":"html"}]},"author":32,"featured_media":637443,"comment_status":"closed","ping_status":"closed","sticky":false,"template":"","format":"standard","meta":{"footnotes":""},"categories":[6,13],"tags":[],"class_list":["post-637442","post","type-post","status-publish","format-standard","has-post-thumbnail","hentry","category-nderkombetare","category-te-fundit"],"gt_translate_keys":[{"key":"link","format":"url"}],"_links":{"self":[{"href":"https:\/\/www.hashtag.al\/index.php\/wp-json\/wp\/v2\/posts\/637442","targetHints":{"allow":["GET"]}}],"collection":[{"href":"https:\/\/www.hashtag.al\/index.php\/wp-json\/wp\/v2\/posts"}],"about":[{"href":"https:\/\/www.hashtag.al\/index.php\/wp-json\/wp\/v2\/types\/post"}],"author":[{"embeddable":true,"href":"https:\/\/www.hashtag.al\/index.php\/wp-json\/wp\/v2\/users\/32"}],"replies":[{"embeddable":true,"href":"https:\/\/www.hashtag.al\/index.php\/wp-json\/wp\/v2\/comments?post=637442"}],"version-history":[{"count":0,"href":"https:\/\/www.hashtag.al\/index.php\/wp-json\/wp\/v2\/posts\/637442\/revisions"}],"wp:featuredmedia":[{"embeddable":true,"href":"https:\/\/www.hashtag.al\/index.php\/wp-json\/wp\/v2\/media\/637443"}],"wp:attachment":[{"href":"https:\/\/www.hashtag.al\/index.php\/wp-json\/wp\/v2\/media?parent=637442"}],"wp:term":[{"taxonomy":"category","embeddable":true,"href":"https:\/\/www.hashtag.al\/index.php\/wp-json\/wp\/v2\/categories?post=637442"},{"taxonomy":"post_tag","embeddable":true,"href":"https:\/\/www.hashtag.al\/index.php\/wp-json\/wp\/v2\/tags?post=637442"}],"curies":[{"name":"wp","href":"https:\/\/api.w.org\/{rel}","templated":true}]}}