{"id":637424,"date":"2023-12-06T22:32:18","date_gmt":"2023-12-06T21:32:18","guid":{"rendered":"https:\/\/www.hashtag.al\/?p=637424"},"modified":"2023-12-06T22:32:18","modified_gmt":"2023-12-06T21:32:18","slug":"ministri-i-emigracionit-ne-britanine-e-madhe-jep-doreheqjen-nuk-jam-dakord-me-politiken-e-qeverise-per-dergimin-e-emigranteve","status":"publish","type":"post","link":"https:\/\/www.hashtag.al\/index.php\/2023\/12\/06\/ministri-i-emigracionit-ne-britanine-e-madhe-jep-doreheqjen-nuk-jam-dakord-me-politiken-e-qeverise-per-dergimin-e-emigranteve\/","title":{"rendered":"Ministri i Emigracionit n\u00eb Britanin\u00eb e Madhe jep dor\u00ebheqjen: Nuk jam dakord me politik\u00ebn e qeveris\u00eb p\u00ebr d\u00ebrgimin e emigrant\u00ebve","gt_translate_keys":[{"key":"rendered","format":"text"}]},"content":{"rendered":"<p style=\"text-align: left;\"><span style=\"color: #000000;\"><img loading=\"lazy\" decoding=\"async\" class=\"size-full wp-image-637427 aligncenter\" src=\"https:\/\/www.hashtag.al\/wp-content\/uploads\/2023\/12\/ministri-i-emigracionit-sunak-1.jpg\" alt=\"\" width=\"621\" height=\"396\" srcset=\"https:\/\/www.hashtag.al\/wp-content\/uploads\/2023\/12\/ministri-i-emigracionit-sunak-1.jpg 621w, https:\/\/www.hashtag.al\/wp-content\/uploads\/2023\/12\/ministri-i-emigracionit-sunak-1-300x191.jpg 300w\" sizes=\"auto, (max-width: 621px) 100vw, 621px\" \/><\/span><\/p>\n<p style=\"text-align: left;\"><span style=\"color: #000000;\">Ministri i Emigracionit n\u00eb Britanin\u00eb e Madhe,\u00a0Robert Jenrick\u00a0ka dh\u00ebn\u00eb dor\u00ebheqjen. Lajmin e ka konfirmuar vet\u00eb Jenrick, i cili ka th\u00ebn\u00eb se ka mosmarr\u00ebveshje t\u00eb m\u00ebdha me qeverin\u00eb e Rishi Sunak n\u00eb lidhje me drejtimin e politik\u00ebs p\u00ebr emigracionin.<\/span><\/p>\n<p style=\"text-align: left;\"><span style=\"color: #000000;\">Vendimi i dor\u00ebheqjes erdhi pasi qeveria publikoi legjislacionin q\u00eb synon t\u00eb mb\u00ebshtes\u00eb politik\u00ebn e azilit n\u00eb Ruand\u00eb, e cila \u00ebsht\u00eb shpallur e paligjshme nga Gjykata e Lart\u00eb.<\/span><\/p>\n<p style=\"text-align: left;\"><span style=\"color: #000000;\">Ministrat thon\u00eb se legjislacioni do t\u00eb parandaloj\u00eb sfida t\u00eb m\u00ebtejshme ligjore p\u00ebr emigrant\u00ebt, por Jenrick tha n\u00eb letr\u00ebn e tij t\u00eb dor\u00ebheqjes se projektligji \u201cnuk shkon aq larg sa duhet\u201d.<\/span><\/p>\n<p style=\"text-align: left;\"><span style=\"color: #000000;\">Jenrick ka sugjeruar m\u00eb par\u00eb se qeveria mund t\u00eb largohet nga Konventa Evropiane p\u00ebr t\u00eb Drejtat e Njeriut dhe n\u00eb k\u00ebt\u00eb m\u00ebnyr\u00eb projektligji p\u00ebr d\u00ebrgimin e emigrant\u00ebve n\u00eb Ruand\u00eb lejon ministrat t\u00eb shp\u00ebrfillin pjes\u00eb t\u00eb ligjit t\u00eb t\u00eb drejtave t\u00eb njeriut n\u00eb Mbret\u00ebrin\u00eb e Bashkuar.<\/span><\/p>\n<p style=\"text-align: left;\"><span style=\"color: #000000;\">Sipas planit t\u00eb qeveris\u00eb, i shpallur p\u00ebr her\u00eb t\u00eb par\u00eb n\u00eb vitin 2022, disa azilk\u00ebrkues q\u00eb mb\u00ebrrijn\u00eb n\u00eb Mbret\u00ebrin\u00eb e Bashkuar, do t\u00eb d\u00ebrgohen n\u00eb Ruand\u00eb.\u00a0Kjo \u00ebsht\u00eb pjes\u00eb e p\u00ebrpjekjeve t\u00eb qeveris\u00eb p\u00ebr t\u00eb penguar emigrant\u00ebt q\u00eb t\u00eb kalojn\u00eb Kanalin Anglez me varka t\u00eb vogla.<\/span><\/p>\n","protected":false,"gt_translate_keys":[{"key":"rendered","format":"html"}]},"excerpt":{"rendered":"<p>Ministri i Emigracionit n\u00eb Britanin\u00eb e Madhe,\u00a0Robert Jenrick\u00a0ka dh\u00ebn\u00eb dor\u00ebheqjen. Lajmin e ka konfirmuar vet\u00eb Jenrick, i cili ka th\u00ebn\u00eb se ka mosmarr\u00ebveshje t\u00eb m\u00ebdha me qeverin\u00eb e Rishi Sunak n\u00eb lidhje me drejtimin e politik\u00ebs p\u00ebr emigracionin. Vendimi i dor\u00ebheqjes erdhi pasi qeveria publikoi legjislacionin q\u00eb synon t\u00eb mb\u00ebshtes\u00eb politik\u00ebn e azilit n\u00eb Ruand\u00eb, [&hellip;]<\/p>\n","protected":false,"gt_translate_keys":[{"key":"rendered","format":"html"}]},"author":4,"featured_media":637427,"comment_status":"closed","ping_status":"closed","sticky":false,"template":"","format":"standard","meta":{"footnotes":""},"categories":[6],"tags":[],"class_list":["post-637424","post","type-post","status-publish","format-standard","has-post-thumbnail","hentry","category-nderkombetare"],"gt_translate_keys":[{"key":"link","format":"url"}],"_links":{"self":[{"href":"https:\/\/www.hashtag.al\/index.php\/wp-json\/wp\/v2\/posts\/637424","targetHints":{"allow":["GET"]}}],"collection":[{"href":"https:\/\/www.hashtag.al\/index.php\/wp-json\/wp\/v2\/posts"}],"about":[{"href":"https:\/\/www.hashtag.al\/index.php\/wp-json\/wp\/v2\/types\/post"}],"author":[{"embeddable":true,"href":"https:\/\/www.hashtag.al\/index.php\/wp-json\/wp\/v2\/users\/4"}],"replies":[{"embeddable":true,"href":"https:\/\/www.hashtag.al\/index.php\/wp-json\/wp\/v2\/comments?post=637424"}],"version-history":[{"count":0,"href":"https:\/\/www.hashtag.al\/index.php\/wp-json\/wp\/v2\/posts\/637424\/revisions"}],"wp:featuredmedia":[{"embeddable":true,"href":"https:\/\/www.hashtag.al\/index.php\/wp-json\/wp\/v2\/media\/637427"}],"wp:attachment":[{"href":"https:\/\/www.hashtag.al\/index.php\/wp-json\/wp\/v2\/media?parent=637424"}],"wp:term":[{"taxonomy":"category","embeddable":true,"href":"https:\/\/www.hashtag.al\/index.php\/wp-json\/wp\/v2\/categories?post=637424"},{"taxonomy":"post_tag","embeddable":true,"href":"https:\/\/www.hashtag.al\/index.php\/wp-json\/wp\/v2\/tags?post=637424"}],"curies":[{"name":"wp","href":"https:\/\/api.w.org\/{rel}","templated":true}]}}