{"id":637413,"date":"2023-12-06T21:03:11","date_gmt":"2023-12-06T20:03:11","guid":{"rendered":"https:\/\/www.hashtag.al\/?p=637413"},"modified":"2023-12-06T21:03:11","modified_gmt":"2023-12-06T20:03:11","slug":"rama-nuk-ka-shqetesim-nga-nderkombetaret-per-refuzimin-e-ngritjes-se-komisioneve-hetimore","status":"publish","type":"post","link":"https:\/\/www.hashtag.al\/index.php\/2023\/12\/06\/rama-nuk-ka-shqetesim-nga-nderkombetaret-per-refuzimin-e-ngritjes-se-komisioneve-hetimore\/","title":{"rendered":"Rama: Nuk ka shqet\u00ebsim nga nd\u00ebrkomb\u00ebtar\u00ebt p\u00ebr refuzimin e ngritjes s\u00eb komisioneve hetimore","gt_translate_keys":[{"key":"rendered","format":"text"}]},"content":{"rendered":"<p><span style=\"color: #000000;\"><a href=\"https:\/\/www.hashtag.al\/wp-content\/uploads\/2023\/12\/rama-a2.jpg\"><img loading=\"lazy\" decoding=\"async\" class=\"aligncenter size-full wp-image-637414\" src=\"https:\/\/www.hashtag.al\/wp-content\/uploads\/2023\/12\/rama-a2.jpg\" alt=\"\" width=\"900\" height=\"506\" srcset=\"https:\/\/www.hashtag.al\/wp-content\/uploads\/2023\/12\/rama-a2.jpg 900w, https:\/\/www.hashtag.al\/wp-content\/uploads\/2023\/12\/rama-a2-300x169.jpg 300w, https:\/\/www.hashtag.al\/wp-content\/uploads\/2023\/12\/rama-a2-768x432.jpg 768w\" sizes=\"auto, (max-width: 900px) 100vw, 900px\" \/><\/a><\/span><\/p>\n<p><span style=\"color: #000000;\">Kryeministri Edi Rama n\u00eb emisionin Debat n\u00eb A2 CNN mohoi t\u00eb ket\u00eb nj\u00eb shqet\u00ebsim nga nd\u00ebrkomb\u00ebtar\u00ebt p\u00ebr refuzimin e ngritjes s\u00eb komisioneve hetimore n\u00eb kuvend q\u00eb k\u00ebrkon opozita.<\/span><\/p>\n<p><span style=\"color: #000000;\">Kreu i qeveris\u00eb u shpreh se edhe n\u00eb progres raport \u00ebsht\u00eb prekur \u00e7\u00ebshtja e komisioneve hetimore, por nuk thuhet n\u00ebse duhen ngritur apo jo.<\/span><\/p>\n<p><span style=\"color: #000000;\">\u201c<em>Nuk m\u00eb ka ardhur asnj\u00eb shqet\u00ebsim nga nd\u00ebrkomb\u00ebtar\u00ebt. Pr\/raporti e konstaton si fakt, por nuk thot\u00eb q\u00eb duhen ngritur apo jo. Komisionet jan\u00eb nj\u00eb instrument i opozit\u00ebs, por n\u00eb respekt t\u00eb Kushtetut\u00ebs dhe ligjit. Nuk po i mohojm\u00eb t\u00eb drejt\u00ebn kushtetuese askujt. Ky \u00ebsht\u00eb nj\u00eb refuzim me abuzimin me t\u00eb drejt\u00ebn<\/em>\u201d, tha Rama.<\/span><\/p>\n","protected":false,"gt_translate_keys":[{"key":"rendered","format":"html"}]},"excerpt":{"rendered":"<p>Kryeministri Edi Rama n\u00eb emisionin Debat n\u00eb A2 CNN mohoi t\u00eb ket\u00eb nj\u00eb shqet\u00ebsim nga nd\u00ebrkomb\u00ebtar\u00ebt p\u00ebr refuzimin e ngritjes s\u00eb komisioneve hetimore n\u00eb kuvend q\u00eb k\u00ebrkon opozita. Kreu i qeveris\u00eb u shpreh se edhe n\u00eb progres raport \u00ebsht\u00eb prekur \u00e7\u00ebshtja e komisioneve hetimore, por nuk thuhet n\u00ebse duhen ngritur apo jo. \u201cNuk m\u00eb ka [&hellip;]<\/p>\n","protected":false,"gt_translate_keys":[{"key":"rendered","format":"html"}]},"author":32,"featured_media":637414,"comment_status":"closed","ping_status":"closed","sticky":false,"template":"","format":"standard","meta":{"footnotes":""},"categories":[65,13],"tags":[],"class_list":["post-637413","post","type-post","status-publish","format-standard","has-post-thumbnail","hentry","category-lajme","category-te-fundit"],"gt_translate_keys":[{"key":"link","format":"url"}],"_links":{"self":[{"href":"https:\/\/www.hashtag.al\/index.php\/wp-json\/wp\/v2\/posts\/637413","targetHints":{"allow":["GET"]}}],"collection":[{"href":"https:\/\/www.hashtag.al\/index.php\/wp-json\/wp\/v2\/posts"}],"about":[{"href":"https:\/\/www.hashtag.al\/index.php\/wp-json\/wp\/v2\/types\/post"}],"author":[{"embeddable":true,"href":"https:\/\/www.hashtag.al\/index.php\/wp-json\/wp\/v2\/users\/32"}],"replies":[{"embeddable":true,"href":"https:\/\/www.hashtag.al\/index.php\/wp-json\/wp\/v2\/comments?post=637413"}],"version-history":[{"count":0,"href":"https:\/\/www.hashtag.al\/index.php\/wp-json\/wp\/v2\/posts\/637413\/revisions"}],"wp:featuredmedia":[{"embeddable":true,"href":"https:\/\/www.hashtag.al\/index.php\/wp-json\/wp\/v2\/media\/637414"}],"wp:attachment":[{"href":"https:\/\/www.hashtag.al\/index.php\/wp-json\/wp\/v2\/media?parent=637413"}],"wp:term":[{"taxonomy":"category","embeddable":true,"href":"https:\/\/www.hashtag.al\/index.php\/wp-json\/wp\/v2\/categories?post=637413"},{"taxonomy":"post_tag","embeddable":true,"href":"https:\/\/www.hashtag.al\/index.php\/wp-json\/wp\/v2\/tags?post=637413"}],"curies":[{"name":"wp","href":"https:\/\/api.w.org\/{rel}","templated":true}]}}