{"id":637277,"date":"2023-12-06T14:02:56","date_gmt":"2023-12-06T13:02:56","guid":{"rendered":"https:\/\/www.hashtag.al\/?p=637277"},"modified":"2023-12-06T14:15:00","modified_gmt":"2023-12-06T13:15:00","slug":"qendra-e-pritjes-se-emigranteve-7-ha-jane-brenda-bazes-ajrore-te-gjadrit-ministri-peleshi-pas-5-vitesh-infrastrukturen-doe-perdorim-ne","status":"publish","type":"post","link":"https:\/\/www.hashtag.al\/index.php\/2023\/12\/06\/qendra-e-pritjes-se-emigranteve-7-ha-jane-brenda-bazes-ajrore-te-gjadrit-ministri-peleshi-pas-5-vitesh-infrastrukturen-doe-perdorim-ne\/","title":{"rendered":"Qendra e pritjes s\u00eb emigrant\u00ebve, 7 hektar\u00eb jan\u00eb brenda baz\u00ebs ajrore t\u00eb Gjadrit, Ministri Peleshi: Pas 5 vitesh infrastruktur\u00ebn do e p\u00ebrdorim ne","gt_translate_keys":[{"key":"rendered","format":"text"}]},"content":{"rendered":"<p><img loading=\"lazy\" decoding=\"async\" class=\"size-full wp-image-637278 aligncenter\" src=\"https:\/\/www.hashtag.al\/wp-content\/uploads\/2023\/12\/1701865595_1701863265resul.jpg\" alt=\"\" width=\"780\" height=\"440\" srcset=\"https:\/\/www.hashtag.al\/wp-content\/uploads\/2023\/12\/1701865595_1701863265resul.jpg 780w, https:\/\/www.hashtag.al\/wp-content\/uploads\/2023\/12\/1701865595_1701863265resul-300x169.jpg 300w, https:\/\/www.hashtag.al\/wp-content\/uploads\/2023\/12\/1701865595_1701863265resul-768x433.jpg 768w\" sizes=\"auto, (max-width: 780px) 100vw, 780px\" \/><\/p>\n<p><span style=\"font-weight: 400; color: #000000;\">Vet\u00ebm 7 ha t\u00eb ish repartit t\u00eb baz\u00ebs ajrore t\u00eb Gjadrit \u00ebsht\u00eb v\u00ebn\u00eb n\u00eb dispozicion t\u00eb ngritjes s\u00eb struktur\u00ebs s\u00eb akomodimit dhe sh\u00ebrbimit p\u00ebr emigrant\u00ebt, tha ministri I Mbrojtjes Niko Peleshi n\u00eb mbledhjen online t\u00eb komisionit e siguris\u00eb.<\/span><\/p>\n<p><span style=\"font-weight: 400; color: #000000;\">Pjes\u00eb e protokollit \u00ebsht\u00eb dhe fakti q\u00eb kjo infrastruktur\u00eb q\u00eb do t\u00eb ngrihet, pasi t\u00eb mbaroj\u00eb efekti i protokollit 5 vje\u00e7ar do i ngelet pal\u00ebs shqiptare.<\/span><\/p>\n<p><span style=\"color: #000000;\"><i><span style=\"font-weight: 400;\">&#8220;\u00cbsht\u00eb brenda nj\u00eb ish reparti dhe kemi plane p\u00ebr t\u00eb zhvilluar n\u00eb t\u00eb ardhmen disa aktivitete n\u00eb funksion t\u00eb forcave t\u00eb armatosura, ministris\u00eb s\u00eb mbrojtjes dhe emergjencave civile&#8221;<\/span><\/i><span style=\"font-weight: 400;\"> tha Peleshi.<\/span><\/span><\/p>\n","protected":false,"gt_translate_keys":[{"key":"rendered","format":"html"}]},"excerpt":{"rendered":"<p>Vet\u00ebm 7 ha t\u00eb ish repartit t\u00eb baz\u00ebs ajrore t\u00eb Gjadrit \u00ebsht\u00eb v\u00ebn\u00eb n\u00eb dispozicion t\u00eb ngritjes s\u00eb struktur\u00ebs s\u00eb akomodimit dhe sh\u00ebrbimit p\u00ebr emigrant\u00ebt, tha ministri I Mbrojtjes Niko Peleshi n\u00eb mbledhjen online t\u00eb komisionit e siguris\u00eb. Pjes\u00eb e protokollit \u00ebsht\u00eb dhe fakti q\u00eb kjo infrastruktur\u00eb q\u00eb do t\u00eb ngrihet, pasi t\u00eb mbaroj\u00eb efekti [&hellip;]<\/p>\n","protected":false,"gt_translate_keys":[{"key":"rendered","format":"html"}]},"author":4,"featured_media":637278,"comment_status":"closed","ping_status":"closed","sticky":false,"template":"","format":"standard","meta":{"footnotes":""},"categories":[65],"tags":[],"class_list":["post-637277","post","type-post","status-publish","format-standard","has-post-thumbnail","hentry","category-lajme"],"gt_translate_keys":[{"key":"link","format":"url"}],"_links":{"self":[{"href":"https:\/\/www.hashtag.al\/index.php\/wp-json\/wp\/v2\/posts\/637277","targetHints":{"allow":["GET"]}}],"collection":[{"href":"https:\/\/www.hashtag.al\/index.php\/wp-json\/wp\/v2\/posts"}],"about":[{"href":"https:\/\/www.hashtag.al\/index.php\/wp-json\/wp\/v2\/types\/post"}],"author":[{"embeddable":true,"href":"https:\/\/www.hashtag.al\/index.php\/wp-json\/wp\/v2\/users\/4"}],"replies":[{"embeddable":true,"href":"https:\/\/www.hashtag.al\/index.php\/wp-json\/wp\/v2\/comments?post=637277"}],"version-history":[{"count":0,"href":"https:\/\/www.hashtag.al\/index.php\/wp-json\/wp\/v2\/posts\/637277\/revisions"}],"wp:featuredmedia":[{"embeddable":true,"href":"https:\/\/www.hashtag.al\/index.php\/wp-json\/wp\/v2\/media\/637278"}],"wp:attachment":[{"href":"https:\/\/www.hashtag.al\/index.php\/wp-json\/wp\/v2\/media?parent=637277"}],"wp:term":[{"taxonomy":"category","embeddable":true,"href":"https:\/\/www.hashtag.al\/index.php\/wp-json\/wp\/v2\/categories?post=637277"},{"taxonomy":"post_tag","embeddable":true,"href":"https:\/\/www.hashtag.al\/index.php\/wp-json\/wp\/v2\/tags?post=637277"}],"curies":[{"name":"wp","href":"https:\/\/api.w.org\/{rel}","templated":true}]}}