{"id":637195,"date":"2023-12-06T10:59:33","date_gmt":"2023-12-06T09:59:33","guid":{"rendered":"https:\/\/www.hashtag.al\/?p=637195"},"modified":"2023-12-06T10:59:33","modified_gmt":"2023-12-06T09:59:33","slug":"nentori-eshte-muaji-i-gjashte-rresht-qe-vendos-rekord-te-nxehtesise-thone-shkencetaret","status":"publish","type":"post","link":"https:\/\/www.hashtag.al\/index.php\/2023\/12\/06\/nentori-eshte-muaji-i-gjashte-rresht-qe-vendos-rekord-te-nxehtesise-thone-shkencetaret\/","title":{"rendered":"N\u00ebntori \u00ebsht\u00eb muaji i gjasht\u00eb rresht q\u00eb vendos rekord t\u00eb nxeht\u00ebsis\u00eb, thon\u00eb shkenc\u00ebtar\u00ebt","gt_translate_keys":[{"key":"rendered","format":"text"}]},"content":{"rendered":"<p><span style=\"color: #000000;\"><a href=\"https:\/\/www.hashtag.al\/wp-content\/uploads\/2023\/12\/Screenshot-2023-12-06-102411.png\"><img loading=\"lazy\" decoding=\"async\" class=\"aligncenter size-full wp-image-637196\" src=\"https:\/\/www.hashtag.al\/wp-content\/uploads\/2023\/12\/Screenshot-2023-12-06-102411.png\" alt=\"\" width=\"1191\" height=\"688\" srcset=\"https:\/\/www.hashtag.al\/wp-content\/uploads\/2023\/12\/Screenshot-2023-12-06-102411.png 1191w, https:\/\/www.hashtag.al\/wp-content\/uploads\/2023\/12\/Screenshot-2023-12-06-102411-300x173.png 300w, https:\/\/www.hashtag.al\/wp-content\/uploads\/2023\/12\/Screenshot-2023-12-06-102411-1024x592.png 1024w, https:\/\/www.hashtag.al\/wp-content\/uploads\/2023\/12\/Screenshot-2023-12-06-102411-768x444.png 768w, https:\/\/www.hashtag.al\/wp-content\/uploads\/2023\/12\/Screenshot-2023-12-06-102411-250x145.png 250w\" sizes=\"auto, (max-width: 1191px) 100vw, 1191px\" \/><\/a><\/span><\/p>\n<p><span style=\"color: #000000;\">N\u00ebntori \u00ebsht\u00eb muaji i gjasht\u00eb radhazi i k\u00ebtij viti q\u00eb vendos rekord p\u00ebr nxeht\u00ebsin\u00eb, nd\u00ebrsa kjo vjesht\u00eb ishte po ashtu m\u00eb e nxehta, sipas Agjencis\u00eb evropiane t\u00eb Klim\u00ebs.<\/span><\/p>\n<p><span style=\"color: #000000;\">Kur ka mbetur vet\u00ebm edhe nj\u00eb muaj deri n\u00eb p\u00ebrfundim t\u00eb k\u00ebtij viti, 2023-ta \u00ebsht\u00eb n\u00eb binar\u00eb p\u00ebr ta thyer rekordin p\u00ebr vitin m\u00eb t\u00eb nxeht\u00eb deri m\u00eb tani.<\/span><\/p>\n<p><span style=\"color: #000000;\">N\u00ebntori ishte gati nj\u00eb e treta e grad\u00ebs m\u00eb i nxeht\u00eb se n\u00ebntori m\u00eb i nxeht\u00eb i deritanish\u00ebm, njoftoi t\u00eb m\u00ebrkur\u00ebn Sh\u00ebrbimi i Ndryshimeve Klimatike t\u00eb Kopernikut. N\u00ebntori ishte 1.75 grad\u00eb m\u00eb i nxeht\u00eb se koh\u00ebrat paraindustriale, duke l\u00ebn\u00eb mbrapa tetorin dhe shtatorin, p\u00ebr muajin m\u00eb t\u00eb nxeht\u00eb mbi mesatare, sipas shkenc\u00ebtar\u00ebve.<\/span><\/p>\n<p><span style=\"color: #000000;\"><em>\u00a0\u201cGjysma e dyt\u00eb e k\u00ebtij viti ka qen\u00eb v\u00ebrtet trondit\u00ebse\u201d,<\/em> tha z\u00ebvend\u00ebsdrejtoresha e Kopernikut, Samantha Burgess.<\/span><\/p>\n<p><span style=\"color: #000000;\"><em>\u201cShkenc\u00ebtar\u00ebt nuk po kan\u00eb fjal\u00eb m\u00eb p\u00ebr ta p\u00ebrshkruar k\u00ebt\u00eb\u201d,<\/em> shtoi ajo.<\/span><\/p>\n<p><span style=\"color: #000000;\">Temperatura mesatare gjat\u00eb k\u00ebtij n\u00ebntori ishte 14.22 grad\u00eb, pra 0.85 grand\u00eb m\u00eb nxeht\u00eb se mesatarja n\u00eb 30 vjet\u00ebt e fundit. Dy dit\u00eb gjat\u00eb k\u00ebtij muaji ishin 2 grad\u00eb m\u00eb t\u00eb nxehta se koh\u00ebt paraindustriale. Kjo nuk ka ndodhur kurr\u00eb m\u00eb par\u00eb, sipas Burgess.<\/span><\/p>\n<p><span style=\"color: #000000;\">Deri tani, ky vit \u00ebsht\u00eb 1.46 grad\u00eb m\u00eb i nxeht\u00eb se koh\u00ebt paraindustriale, rreth nj\u00eb e shtata e grad\u00ebs m\u00eb i nxeht\u00eb se viti m\u00eb i nxeht\u00eb deri tani, q\u00eb ishte 2016-ta, sipas shkenc\u00ebtar\u00ebve t\u00eb Kopernikut.<\/span><\/p>\n<p><span style=\"color: #000000;\">Shkenc\u00ebtar\u00ebt thon\u00eb se jan\u00eb dy shkaktar\u00eb t\u00eb rekordit t\u00eb nxeht\u00ebsis\u00eb sivjet. Nj\u00ebri \u00ebsht\u00eb ndryshimet klimatike t\u00eb shkaktuara nga dora e njeriut, si djegia e th\u00ebngjillit, naft\u00ebs apo gazit, nd\u00ebrsa tjetri cikloni natyror El Ninjo.<\/span><\/p>\n<p><span style=\"color: #000000;\">Toka do t\u00eb vazhdoj\u00eb t\u00eb ngrohet edhe m\u00eb shum\u00eb p\u00ebrderisa bota vazhdon t\u00eb hedh\u00eb gazra ser\u00eb n\u00eb atmosfer\u00eb, tha Burgess.<\/span><\/p>\n<p><span style=\"color: #000000;\">Ajo tha se kjo n\u00ebnkupton se \u201cdo t\u00eb vazhdojn\u00eb v\u00ebrshimet, zjarret, val\u00ebt e nxehta dhe that\u00ebsira katastrofike\u201d.<\/span><\/p>\n<p><span style=\"color: #000000;\"><em>\u201cKa shum\u00eb gjasa q\u00eb 2023 t\u00eb mbetet nj\u00eb vit i fresk\u00ebt n\u00eb t\u00eb ardhmen, n\u00ebse ne nuk b\u00ebjm\u00eb di\u00e7ka p\u00ebr t\u00eb luftuar var\u00ebsin\u00eb ton\u00eb ndaj l\u00ebnd\u00ebve djeg\u00ebse fosile\u201d,<\/em> theksoi ajo.\/ <span style=\"color: #0000ff;\"><a style=\"color: #0000ff;\" href=\"https:\/\/www.evropaelire.org\/a\/nentori-muaji-gjashte-per-rekord-te-nxehtesise\/32716551.html\">REL<\/a><\/span><\/span><\/p>\n","protected":false,"gt_translate_keys":[{"key":"rendered","format":"html"}]},"excerpt":{"rendered":"<p>N\u00ebntori \u00ebsht\u00eb muaji i gjasht\u00eb radhazi i k\u00ebtij viti q\u00eb vendos rekord p\u00ebr nxeht\u00ebsin\u00eb, nd\u00ebrsa kjo vjesht\u00eb ishte po ashtu m\u00eb e nxehta, sipas Agjencis\u00eb evropiane t\u00eb Klim\u00ebs. Kur ka mbetur vet\u00ebm edhe nj\u00eb muaj deri n\u00eb p\u00ebrfundim t\u00eb k\u00ebtij viti, 2023-ta \u00ebsht\u00eb n\u00eb binar\u00eb p\u00ebr ta thyer rekordin p\u00ebr vitin m\u00eb t\u00eb nxeht\u00eb deri [&hellip;]<\/p>\n","protected":false,"gt_translate_keys":[{"key":"rendered","format":"html"}]},"author":30,"featured_media":637196,"comment_status":"closed","ping_status":"closed","sticky":false,"template":"","format":"standard","meta":{"footnotes":""},"categories":[53],"tags":[],"class_list":["post-637195","post","type-post","status-publish","format-standard","has-post-thumbnail","hentry","category-fast-foodi"],"gt_translate_keys":[{"key":"link","format":"url"}],"_links":{"self":[{"href":"https:\/\/www.hashtag.al\/index.php\/wp-json\/wp\/v2\/posts\/637195","targetHints":{"allow":["GET"]}}],"collection":[{"href":"https:\/\/www.hashtag.al\/index.php\/wp-json\/wp\/v2\/posts"}],"about":[{"href":"https:\/\/www.hashtag.al\/index.php\/wp-json\/wp\/v2\/types\/post"}],"author":[{"embeddable":true,"href":"https:\/\/www.hashtag.al\/index.php\/wp-json\/wp\/v2\/users\/30"}],"replies":[{"embeddable":true,"href":"https:\/\/www.hashtag.al\/index.php\/wp-json\/wp\/v2\/comments?post=637195"}],"version-history":[{"count":0,"href":"https:\/\/www.hashtag.al\/index.php\/wp-json\/wp\/v2\/posts\/637195\/revisions"}],"wp:featuredmedia":[{"embeddable":true,"href":"https:\/\/www.hashtag.al\/index.php\/wp-json\/wp\/v2\/media\/637196"}],"wp:attachment":[{"href":"https:\/\/www.hashtag.al\/index.php\/wp-json\/wp\/v2\/media?parent=637195"}],"wp:term":[{"taxonomy":"category","embeddable":true,"href":"https:\/\/www.hashtag.al\/index.php\/wp-json\/wp\/v2\/categories?post=637195"},{"taxonomy":"post_tag","embeddable":true,"href":"https:\/\/www.hashtag.al\/index.php\/wp-json\/wp\/v2\/tags?post=637195"}],"curies":[{"name":"wp","href":"https:\/\/api.w.org\/{rel}","templated":true}]}}