{"id":637180,"date":"2023-12-06T10:07:10","date_gmt":"2023-12-06T09:07:10","guid":{"rendered":"https:\/\/www.hashtag.al\/?p=637180"},"modified":"2023-12-06T10:07:10","modified_gmt":"2023-12-06T09:07:10","slug":"perndoqi-ish-te-dashuren-dhe-e-kercenoi-qe-te-hiqte-denoncimin-arrestohet-33-vjecari-ne-tirane","status":"publish","type":"post","link":"https:\/\/www.hashtag.al\/index.php\/2023\/12\/06\/perndoqi-ish-te-dashuren-dhe-e-kercenoi-qe-te-hiqte-denoncimin-arrestohet-33-vjecari-ne-tirane\/","title":{"rendered":"P\u00ebrndoqi ish-t\u00eb dashur\u00ebn dhe e k\u00ebrc\u00ebnoi q\u00eb t\u00eb hiqte denoncimin, arrestohet 33 vje\u00e7ari n\u00eb Tiran\u00eb","gt_translate_keys":[{"key":"rendered","format":"text"}]},"content":{"rendered":"<p><span style=\"color: #000000;\"><a href=\"https:\/\/www.hashtag.al\/wp-content\/uploads\/2023\/12\/policia-e-Tiraneds-1.jpg\"><img loading=\"lazy\" decoding=\"async\" class=\"aligncenter size-full wp-image-637009\" src=\"https:\/\/www.hashtag.al\/wp-content\/uploads\/2023\/12\/policia-e-Tiraneds-1.jpg\" alt=\"\" width=\"768\" height=\"447\" srcset=\"https:\/\/www.hashtag.al\/wp-content\/uploads\/2023\/12\/policia-e-Tiraneds-1.jpg 768w, https:\/\/www.hashtag.al\/wp-content\/uploads\/2023\/12\/policia-e-Tiraneds-1-300x175.jpg 300w, https:\/\/www.hashtag.al\/wp-content\/uploads\/2023\/12\/policia-e-Tiraneds-1-250x145.jpg 250w\" sizes=\"auto, (max-width: 768px) 100vw, 768px\" \/><\/a><\/span><\/p>\n<p><span style=\"color: #000000;\">Nj\u00eb 33 vje\u00e7ar \u00ebsht\u00eb arrestuar nga policia e Tiran\u00ebs p\u00ebr p\u00ebrndjekjen dhe kanosjen e ish t\u00eb dashur\u00ebs s\u00eb tij. N\u00eb pranga ka r\u00ebn\u00eb Ermal Cane, banues n\u00eb Lushnj\u00eb.<\/span><\/p>\n<p><span style=\"color: #000000;\">M\u00ebsohet se ka qen\u00eb ish- e dashura e tij 24 vje\u00e7are ajo q\u00eb ka b\u00ebr\u00eb kall\u00ebzimin se Ermal Cena e p\u00ebrndiqte. M\u00eb pas ai e ka dhunuar dhe e ka k\u00ebrc\u00ebnuar q\u00eb t\u00eb t\u00ebrhiqte kall\u00ebzimin e b\u00ebr\u00eb ndaj tij.<\/span><\/p>\n<p><span style=\"color: #000000;\">Materialet procedurale i kaluan Prokuroris\u00eb pran\u00eb Gjykat\u00ebs s\u00eb Shkall\u00ebs s\u00eb Par\u00eb t\u00eb Juridiksionit t\u00eb P\u00ebrgjithsh\u00ebm Tiran\u00eb, p\u00ebr veprime t\u00eb m\u00ebtejshme.<\/span><\/p>\n","protected":false,"gt_translate_keys":[{"key":"rendered","format":"html"}]},"excerpt":{"rendered":"<p>Nj\u00eb 33 vje\u00e7ar \u00ebsht\u00eb arrestuar nga policia e Tiran\u00ebs p\u00ebr p\u00ebrndjekjen dhe kanosjen e ish t\u00eb dashur\u00ebs s\u00eb tij. N\u00eb pranga ka r\u00ebn\u00eb Ermal Cane, banues n\u00eb Lushnj\u00eb. M\u00ebsohet se ka qen\u00eb ish- e dashura e tij 24 vje\u00e7are ajo q\u00eb ka b\u00ebr\u00eb kall\u00ebzimin se Ermal Cena e p\u00ebrndiqte. M\u00eb pas ai e ka dhunuar [&hellip;]<\/p>\n","protected":false,"gt_translate_keys":[{"key":"rendered","format":"html"}]},"author":30,"featured_media":637009,"comment_status":"closed","ping_status":"closed","sticky":false,"template":"","format":"standard","meta":{"footnotes":""},"categories":[65],"tags":[],"class_list":["post-637180","post","type-post","status-publish","format-standard","has-post-thumbnail","hentry","category-lajme"],"gt_translate_keys":[{"key":"link","format":"url"}],"_links":{"self":[{"href":"https:\/\/www.hashtag.al\/index.php\/wp-json\/wp\/v2\/posts\/637180","targetHints":{"allow":["GET"]}}],"collection":[{"href":"https:\/\/www.hashtag.al\/index.php\/wp-json\/wp\/v2\/posts"}],"about":[{"href":"https:\/\/www.hashtag.al\/index.php\/wp-json\/wp\/v2\/types\/post"}],"author":[{"embeddable":true,"href":"https:\/\/www.hashtag.al\/index.php\/wp-json\/wp\/v2\/users\/30"}],"replies":[{"embeddable":true,"href":"https:\/\/www.hashtag.al\/index.php\/wp-json\/wp\/v2\/comments?post=637180"}],"version-history":[{"count":0,"href":"https:\/\/www.hashtag.al\/index.php\/wp-json\/wp\/v2\/posts\/637180\/revisions"}],"wp:featuredmedia":[{"embeddable":true,"href":"https:\/\/www.hashtag.al\/index.php\/wp-json\/wp\/v2\/media\/637009"}],"wp:attachment":[{"href":"https:\/\/www.hashtag.al\/index.php\/wp-json\/wp\/v2\/media?parent=637180"}],"wp:term":[{"taxonomy":"category","embeddable":true,"href":"https:\/\/www.hashtag.al\/index.php\/wp-json\/wp\/v2\/categories?post=637180"},{"taxonomy":"post_tag","embeddable":true,"href":"https:\/\/www.hashtag.al\/index.php\/wp-json\/wp\/v2\/tags?post=637180"}],"curies":[{"name":"wp","href":"https:\/\/api.w.org\/{rel}","templated":true}]}}