{"id":637102,"date":"2023-12-05T20:23:47","date_gmt":"2023-12-05T19:23:47","guid":{"rendered":"https:\/\/www.hashtag.al\/?p=637102"},"modified":"2023-12-05T20:23:47","modified_gmt":"2023-12-05T19:23:47","slug":"perla-e-edmond-spahos-berisha-erdhi-ne-kuvend-si-elektorat-gri","status":"publish","type":"post","link":"https:\/\/www.hashtag.al\/index.php\/2023\/12\/05\/perla-e-edmond-spahos-berisha-erdhi-ne-kuvend-si-elektorat-gri\/","title":{"rendered":"Perla e Edmond Spahos: Berisha erdhi n\u00eb Kuvend si elektorat gri","gt_translate_keys":[{"key":"rendered","format":"text"}]},"content":{"rendered":"<p><span style=\"color: #000000;\"><a href=\"https:\/\/www.hashtag.al\/wp-content\/uploads\/2023\/12\/WhatsApp-Image-2023-12-05-at-19.55.32_db08b33b.jpg\"><img loading=\"lazy\" decoding=\"async\" class=\"aligncenter size-full wp-image-637104\" src=\"https:\/\/www.hashtag.al\/wp-content\/uploads\/2023\/12\/WhatsApp-Image-2023-12-05-at-19.55.32_db08b33b.jpg\" alt=\"\" width=\"1600\" height=\"762\" srcset=\"https:\/\/www.hashtag.al\/wp-content\/uploads\/2023\/12\/WhatsApp-Image-2023-12-05-at-19.55.32_db08b33b.jpg 1600w, https:\/\/www.hashtag.al\/wp-content\/uploads\/2023\/12\/WhatsApp-Image-2023-12-05-at-19.55.32_db08b33b-300x143.jpg 300w, https:\/\/www.hashtag.al\/wp-content\/uploads\/2023\/12\/WhatsApp-Image-2023-12-05-at-19.55.32_db08b33b-1024x488.jpg 1024w, https:\/\/www.hashtag.al\/wp-content\/uploads\/2023\/12\/WhatsApp-Image-2023-12-05-at-19.55.32_db08b33b-768x366.jpg 768w, https:\/\/www.hashtag.al\/wp-content\/uploads\/2023\/12\/WhatsApp-Image-2023-12-05-at-19.55.32_db08b33b-1536x732.jpg 1536w\" sizes=\"auto, (max-width: 1600px) 100vw, 1600px\" \/><\/a><\/span><\/p>\n<p><span style=\"color: #000000;\">Deputeti i Edmond Spaho nga radh\u00ebt e Rithemelimit, i ftuar n\u00eb emisionin \u2018Studio Live\u2019 n\u00eb Report Tv, foli p\u00ebr fjalimin e Argita Berish\u00ebs n\u00eb Kuvendin Komb\u00ebtar t\u00eb mbledhur nga Sali Berisha.<\/span><\/p>\n<p><span style=\"color: #000000;\">P\u00ebrgjat\u00eb diskutimit, Spaho vler\u00ebsoi fjalimin e Argit\u00ebs, teksa shtoi se ajo iu drejtua elektoratit gri nga pjesa ku vjen dhe ajo vet, duke mos kujtuar se ajo vjen nga nj\u00eb familje politike.<\/span><\/p>\n<p><span style=\"color: #000000;\">Nd\u00ebrsa n\u00eb lidhje n\u00ebse Argita Malltezi ka synim t\u00eb marr\u00eb partin\u00eb, Spaho u shpreh se Malltezi dhe Berisha shpreh\u00ebn publikisht se nuk synohet kjo gj\u00eb.<\/span><\/p>\n<p>&nbsp;<\/p>\n<p><span style=\"color: #000000;\">\u201c<em>Shum\u00eb mir\u00eb b\u00ebri q\u00eb foli dhe me thj\u00ebn\u00eb t\u00eb drejt\u00ebn m\u00eb ka p\u00eblqyer fjala e saj.<\/em><\/span><\/p>\n<p><em><span style=\"color: #000000;\"><strong>Drejtimi i ardhsh\u00ebm i partis\u00eb nga Malltezi? <\/strong><\/span><\/em><\/p>\n<p><em><span style=\"color: #000000;\">Spaho: Skup, s&#8217;ka asnj\u00eb baz\u00eb. Ajo e tha vet\u00eb e tha edhe zoti Berisha. Ajo \u00ebsht\u00eb an\u00ebtare e PD ka t\u00eb drejt\u00eb t\u00eb ushtroj\u00eb funksionet e saj p\u00ebr t\u00eb kontribuar n\u00eb k\u00ebt\u00eb forc\u00eb politike, sikurse bashk\u00ebshorti i saj q\u00eb \u00ebsht\u00eb edhe m\u00eb i vjet\u00ebr, ka shkuar deri n\u00eb an\u00ebtar i K\u00ebshillit Komb\u00ebtar, por nuk e kam par\u00eb p\u00ebr t\u00eb shkuar m\u00eb lart.<\/span><\/em><\/p>\n<p><em><span style=\"color: #000000;\">\u00a0Zonja Malltezi iu drejtua nj\u00eb segmenti t\u00eb caktuar t\u00eb shoq\u00ebris\u00eb, , iu drejtua pjes\u00ebs indiferente, elektoratit gri nga e cila vjen edhe ajo vet\u00eb. T\u00eb themi profesoratit, iu drejtua medias. Po ta shikoni gjuh\u00ebn, ajo tha, ne po t\u00ebrhiqemi nga t\u00eb mirat materiale dhe po harrojnm\u00eb q\u00eb kemi humbur demokracin\u00eb. \u00a0Pak nga pak e keqja na ka hyr\u00eb thell\u00eb dhe do t\u00eb shkoj\u00eb atje ku nuk do ta korrigjojm\u00eb dot m\u00eb, kurse zoti Berisha flet nga tjet\u00ebr pozicion, flet nga pozocioni i kryetarit t\u00eb bashkis\u00eb grupi parlamentar i t\u00eb cilit ka hyr\u00eb n\u00eb nj\u00eb aksion radikal politik, k\u00ebshtuq\u00eb edhe gjuha e tij do t\u00eb ishte krejt tjet\u00ebr.<\/span><\/em><\/p>\n<p><em><span style=\"color: #000000;\">Shqet\u00ebsimi pastaj q\u00eb a do t\u00eb zgjidhet zonja Malltezi, a do t\u00eb marr\u00eb partin\u00eb apo jo m\u00eb duket nj\u00eb q\u00ebndrim me dy standarde sepse jo pak koh\u00eb m\u00eb par\u00eb kam par\u00eb zonj\u00ebn Linda Rama ka folur n\u00eb asamblen\u00eb e partis\u00eb, bile ne mos gaboj ka folur vet\u00ebm Edi Rama dhe ajo, dhe nuk u shpreh njeri q\u00eb po merr PS.<\/span><\/em><\/p>\n<p><em><span style=\"color: #000000;\">Madje nuk u shpreh\u00ebn as q\u00eb nuk kemi synime, kurse zoti Berisha dhe ajo vet\u00eb u shpreh\u00ebn q\u00eb se kam pasur dhe nuk e ka. K\u00ebtu b\u00ebhet nj\u00eb loj\u00eb, p\u00ebrpiqen t\u00eb krijohen skupe p\u00ebr t\u00eb larguar v\u00ebmendjen nga mesazhi qe fjala e zonj\u00ebs Malltezi mbart.<\/span><\/em><\/p>\n<p><em><span style=\"color: #000000;\">Gazetari: Zoti Shehu ish-deputeti i PD, Agron Shehu deklaroi q\u00eb do t\u00eb filloj\u00eb hapjen e nj\u00eb partie t\u00eb re t\u00eb djatht\u00eb, ju si ju duket kjo iniciativ\u00eb? Ka hap\u00ebsir\u00eb n\u00eb tregun politik edhe p\u00ebr nj\u00eb tjet\u00ebr parti t\u00eb djatht\u00eb?<\/span><\/em><\/p>\n<p><span style=\"color: #000000;\"><em>Un\u00eb e respektoj, cdonj\u00ebri ka t\u00eb drejt\u00eb t\u00eb ndjeki bindjen e tij, ai ka at\u00eb bindje un\u00eb i uroj suksese.<\/em>\u201d shprehet Spaho.<\/span><\/p>\n<p><span style=\"color: #000000;\">Deputeti i Edmond Spaho thot\u00eb se opozita do t\u00eb shkoj\u00eb drejt mosbindjes civile dhe do t\u00eb radikalizojn\u00eb aksionin e tyre, por &#8216;k\u00ebt\u00eb revolucion&#8217; kan\u00eb nd\u00ebrmend q\u00eb ta shtyjn\u00eb edhe nj\u00eb muaj tjet\u00ebr.<\/span><\/p>\n<p><span style=\"color: #000000;\">\u2018<em>Q\u00ebndrimi q\u00eb mbajm\u00eb ne n\u00eb Kuvend \u00ebsht\u00eb n\u00eb mbrojtje t\u00eb t\u00eb drejtave kushtetuese t\u00eb opozit\u00ebs. Reforma elektorale. Jemi 43 deputet\u00eb. \u00cbsht\u00eb shumic\u00eb matematikore. Le t\u00eb mos flasim p\u00ebr ideologji. Mazhoranca nuk po reflekton me gjith\u00eb thirrjet e komunitetit nd\u00ebrkomb\u00ebtar. Ne do t\u00eb vazhdojm\u00eb sa koh\u00eb q\u00eb mazhoranca nuk reflekton. Edhe protesta do t\u00eb organizojm\u00eb! Ky muaj nuk \u00ebsht\u00eb i p\u00ebrshtatsh\u00ebm p\u00ebr protesta, jan\u00eb festat do t\u00eb vazhdojm\u00eb festat&#8230;. pastaj. Ajo q\u00eb ndodhi n\u00eb Kuvend ishte form\u00eb e mosbindjes civile.<\/em>\u2019- tha Spaho.<\/span><\/p>\n","protected":false,"gt_translate_keys":[{"key":"rendered","format":"html"}]},"excerpt":{"rendered":"<p>Deputeti i Edmond Spaho nga radh\u00ebt e Rithemelimit, i ftuar n\u00eb emisionin \u2018Studio Live\u2019 n\u00eb Report Tv, foli p\u00ebr fjalimin e Argita Berish\u00ebs n\u00eb Kuvendin Komb\u00ebtar t\u00eb mbledhur nga Sali Berisha. P\u00ebrgjat\u00eb diskutimit, Spaho vler\u00ebsoi fjalimin e Argit\u00ebs, teksa shtoi se ajo iu drejtua elektoratit gri nga pjesa ku vjen dhe ajo vet, duke mos [&hellip;]<\/p>\n","protected":false,"gt_translate_keys":[{"key":"rendered","format":"html"}]},"author":30,"featured_media":637104,"comment_status":"closed","ping_status":"closed","sticky":false,"template":"","format":"standard","meta":{"footnotes":""},"categories":[22],"tags":[],"class_list":["post-637102","post","type-post","status-publish","format-standard","has-post-thumbnail","hentry","category-ballina"],"gt_translate_keys":[{"key":"link","format":"url"}],"_links":{"self":[{"href":"https:\/\/www.hashtag.al\/index.php\/wp-json\/wp\/v2\/posts\/637102","targetHints":{"allow":["GET"]}}],"collection":[{"href":"https:\/\/www.hashtag.al\/index.php\/wp-json\/wp\/v2\/posts"}],"about":[{"href":"https:\/\/www.hashtag.al\/index.php\/wp-json\/wp\/v2\/types\/post"}],"author":[{"embeddable":true,"href":"https:\/\/www.hashtag.al\/index.php\/wp-json\/wp\/v2\/users\/30"}],"replies":[{"embeddable":true,"href":"https:\/\/www.hashtag.al\/index.php\/wp-json\/wp\/v2\/comments?post=637102"}],"version-history":[{"count":0,"href":"https:\/\/www.hashtag.al\/index.php\/wp-json\/wp\/v2\/posts\/637102\/revisions"}],"wp:featuredmedia":[{"embeddable":true,"href":"https:\/\/www.hashtag.al\/index.php\/wp-json\/wp\/v2\/media\/637104"}],"wp:attachment":[{"href":"https:\/\/www.hashtag.al\/index.php\/wp-json\/wp\/v2\/media?parent=637102"}],"wp:term":[{"taxonomy":"category","embeddable":true,"href":"https:\/\/www.hashtag.al\/index.php\/wp-json\/wp\/v2\/categories?post=637102"},{"taxonomy":"post_tag","embeddable":true,"href":"https:\/\/www.hashtag.al\/index.php\/wp-json\/wp\/v2\/tags?post=637102"}],"curies":[{"name":"wp","href":"https:\/\/api.w.org\/{rel}","templated":true}]}}