{"id":637031,"date":"2023-12-05T14:20:11","date_gmt":"2023-12-05T13:20:11","guid":{"rendered":"https:\/\/www.hashtag.al\/?p=637031"},"modified":"2023-12-05T14:20:11","modified_gmt":"2023-12-05T13:20:11","slug":"keshilli-i-be-se-do-ti-kerkoje-kosoves-te-beje-me-shume-per-heqjen-e-masave","status":"publish","type":"post","link":"https:\/\/www.hashtag.al\/index.php\/2023\/12\/05\/keshilli-i-be-se-do-ti-kerkoje-kosoves-te-beje-me-shume-per-heqjen-e-masave\/","title":{"rendered":"K\u00ebshilli i BE-s\u00eb do t\u2019i k\u00ebrkoj\u00eb Kosov\u00ebs t\u00eb b\u00ebj\u00eb m\u00eb shum\u00eb p\u00ebr heqjen e masave","gt_translate_keys":[{"key":"rendered","format":"text"}]},"content":{"rendered":"<p><img loading=\"lazy\" decoding=\"async\" class=\"size-full wp-image-637032 aligncenter\" src=\"https:\/\/www.hashtag.al\/wp-content\/uploads\/2023\/12\/67.webp\" alt=\"\" width=\"780\" height=\"439\" srcset=\"https:\/\/www.hashtag.al\/wp-content\/uploads\/2023\/12\/67.webp 780w, https:\/\/www.hashtag.al\/wp-content\/uploads\/2023\/12\/67-300x169.webp 300w, https:\/\/www.hashtag.al\/wp-content\/uploads\/2023\/12\/67-768x432.webp 768w\" sizes=\"auto, (max-width: 780px) 100vw, 780px\" \/><\/p>\n<p><span style=\"font-weight: 400; color: #000000;\">K\u00ebshilli i Bashkimit Evropian do t\u2019i b\u00ebj\u00eb thirrje Kosov\u00ebs q\u00eb t\u00eb b\u00ebj\u00eb m\u00eb shum\u00eb n\u00eb fush\u00ebn e sundimit t\u00eb ligjit, si dhe n\u00eb luft\u00ebn kund\u00ebr korrupsionit dhe krimit t\u00eb organizuar, nd\u00ebrsa do t\u00eb mir\u00ebpres\u00eb hyrjen n\u00eb fuqi t\u00eb liberalizimit t\u00eb vizave p\u00ebr qytetar\u00ebt e Kosov\u00ebs nga 1 janari i vitit q\u00eb po vjen.<\/span><\/p>\n<p><span style=\"font-weight: 400; color: #000000;\">Kjo porosi \u00ebsht\u00eb n\u00eb draftin e konkluzioneve q\u00eb pritet t\u00eb miratohen nga vendet an\u00ebtare t\u00eb BE-s\u00eb n\u00eb takimin e K\u00ebshillit t\u00eb \u00c7\u00ebshtjeve t\u00eb P\u00ebrgjithshme, m\u00eb 12 dhjetor, n\u00eb nivel t\u00eb ministrave, e t\u00eb cilat pastaj pritet t\u00eb konfirmohen edhe nga udh\u00ebheq\u00ebsit e BE-s\u00eb, n\u00eb nj\u00eb samit t\u00eb parapar\u00eb p\u00ebr t\u2019u mbajtur m\u00eb 14 dhe 15 dhjetor.<\/span><\/p>\n<p><span style=\"font-weight: 400; color: #000000;\">Radio Evropa e Lir\u00eb ka pasur qasje n\u00eb draftin e k\u00ebtij dokumenti. Aty thuhet se K\u00ebshilli \u201cka marr\u00eb parasysh progresin e kufizuar t\u00eb Kosov\u00ebs n\u00eb fush\u00ebn e sundimit t\u00eb ligjit\u201d.<\/span><\/p>\n<p><span style=\"font-weight: 400; color: #000000;\">Pjesa m\u00eb e madhe e konkluzioneve, q\u00eb i kushtohet Kosov\u00ebs, ka t\u00eb b\u00ebj\u00eb me situat\u00ebn e siguris\u00eb n\u00eb veri t\u00eb vendit, dhe me dialogun me Serbin\u00eb.<\/span><\/p>\n<p><span style=\"font-weight: 400; color: #000000;\">K\u00ebshilli pritet q\u00eb t\u00eb shpreh\u00eb \u201cshqet\u00ebsimin p\u00ebr shkak t\u00eb munges\u00ebs s\u00eb liris\u00eb s\u00eb shprehjes dhe kufizimin e pluralizmit n\u00eb veri t\u00eb Kosov\u00ebs\u201d.<\/span><\/p>\n<p><span style=\"color: #000000;\"><i><span style=\"font-weight: 400;\">\u201cK\u00ebshilli \u00ebsht\u00eb thell\u00ebsisht i shqet\u00ebsuar p\u00ebr situat\u00ebn n\u00eb veri t\u00eb Kosov\u00ebs, p\u00ebrfshir\u00eb edhe at\u00eb t\u00eb siguris\u00eb. Disa veprime t\u00eb nj\u00ebanshme nga Kosova dhe nga Serbia, sikur edhe dor\u00ebheqja kolektive e serb\u00ebve t\u00eb Kosov\u00ebs nga institucionet, dhe bojkoti i zgjedhjeve lokale n\u00eb veri t\u00eb Kosov\u00ebs, kan\u00eb shtuar edhe m\u00eb shum\u00eb tensionet\u201d, <\/span><\/i><span style=\"font-weight: 400;\">thuhet n\u00eb tekst.<\/span><\/span><\/p>\n<p><span style=\"font-weight: 400; color: #000000;\">K\u00ebshilli pritet t\u00eb d\u00ebnoj\u00eb ashp\u00ebr \u201csulmet e dhunshme t\u00eb protestuesve serb\u00eb t\u00eb Kosov\u00ebs ndaj trupave t\u00eb KFOR-it, organeve t\u00eb rendit dhe mediave, m\u00eb 29 maj 2023\u201d.<\/span><\/p>\n<p><span style=\"color: #000000;\"><i><span style=\"font-weight: 400;\">\u201cZgjedhjet e reja n\u00eb veri t\u00eb Kosov\u00ebs duhet t\u00eb zhvillohen sa m\u00eb par\u00eb q\u00eb t\u00eb jet\u00eb e mundur, dhe serb\u00ebt e Kosov\u00ebs duhet t\u00eb marrin pjes\u00eb n\u00eb to, pa asnj\u00eb parakusht. Serb\u00ebt e Kosov\u00ebs, po ashtu, duhet t\u00eb kthehen n\u00eb institucionet nga t\u00eb cilat jan\u00eb larguar. Kjo duhet t\u00eb leht\u00ebsohet nga Kosova dhe t\u00eb inkurajohet nga Serbia\u201d, thuhet n\u00eb draftin e konkluzioneve.<\/span><\/i><\/span><\/p>\n<p><span style=\"color: #000000;\"><i><span style=\"font-weight: 400;\">Sa i p\u00ebrket masave q\u00eb BE-ja i ka vendosur ndaj Kosov\u00ebs, t\u00eb cilat jan\u00eb arsyetuar me \u201cmunges\u00ebn e hapave p\u00ebr t\u00eb shtensionuar situat\u00ebn n\u00eb veri\u201d, shprehet gatishm\u00ebria q\u00eb ato masa t\u00eb hiqen, n\u00eb rast se do t\u00eb ket\u00eb progres n\u00eb p\u00ebrmbushjen e k\u00ebrkesave.<\/span><\/i><\/span><\/p>\n<p><span style=\"color: #000000;\"><i><span style=\"font-weight: 400;\">\u201cK\u00ebshilli mir\u00ebpret nd\u00ebrmarrjen e hapave drejt zbatimit t\u00eb disa k\u00ebrkesave t\u00eb BE-s\u00eb. K\u00ebshilli rikujton se BE-ja mbetet e gatshme q\u00eb t&#8217;i heq\u00eb masat, n\u00eb rast t\u00eb progresit t\u00eb m\u00ebtejm\u00eb n\u00eb p\u00ebrmbushjen e k\u00ebrkesave ekzistuese\u201d,<\/span><\/i><span style=\"font-weight: 400;\"> thuhet n\u00eb tekstin q\u00eb ka par\u00eb REL-i.<\/span><\/span><\/p>\n<p><span style=\"font-weight: 400; color: #000000;\">K\u00ebshilli, edhe p\u00ebrmes k\u00ebtyre konkluzioneve, pritet t\u00eb p\u00ebrs\u00ebris\u00eb se nuk ka justifikim p\u00ebr dhun\u00eb, si dhe t&#8217;i d\u00ebnoj\u00eb sulmet ndaj Policis\u00eb s\u00eb Kosov\u00ebs, n\u00eb fshatin Banjsk\u00eb t\u00eb Zve\u00e7anit, m\u00eb 24 shtator.<\/span><\/p>\n<p><span style=\"color: #000000;\"><i><span style=\"font-weight: 400;\">\u201cK\u00ebshilli n\u00ebnvizon p\u00ebrmir\u00ebsimin e bashk\u00ebpunimit mes Policis\u00eb s\u00eb Kosov\u00ebs dhe EULEX-it lidhur me k\u00ebt\u00eb sulm. K\u00ebshilli mir\u00ebpret forcimin e pranis\u00eb s\u00eb KFOR-it, posa\u00e7\u00ebrisht n\u00eb vij\u00ebn kufitare\/administrative mes Kosov\u00ebs dhe Serbis\u00eb\u201d, thuhet n\u00eb tekst, ku, po ashtu, u b\u00ebhet thirrje Kosov\u00ebs dhe Serbis\u00eb q\u00eb t\u00eb p\u00ebrmbahen nga retorika nxit\u00ebse.<\/span><\/i><\/span><\/p>\n<p><span style=\"color: #000000;\"><i><span style=\"font-weight: 400;\">BE-ja mund t\u00eb nd\u00ebrmarr\u00eb masa, si ndaj Kosov\u00ebs, ashtu edhe ndaj Serbis\u00eb, n\u00eb rast se nuk p\u00ebrmbahen nga nxitja e tensioneve.<\/span><\/i><\/span><\/p>\n<p><span style=\"color: #000000;\"><i><span style=\"font-weight: 400;\">\u201cK\u00ebshilli pret nga Kosova dhe Serbia q\u00eb t\u00eb gjejn\u00eb nj\u00eb zgjidhje t\u00eb q\u00ebndrueshme p\u00ebr situat\u00ebn n\u00eb veri t\u00eb Kosov\u00ebs, e cila do t\u00eb garantonte siguri dhe demokraci p\u00ebrfaq\u00ebsuese p\u00ebr t\u00eb gjith\u00eb qytetar\u00ebt\u201d, <\/span><\/i><span style=\"font-weight: 400;\">thuhet n\u00eb tekst.<\/span><\/span><\/p>\n<p><span style=\"color: #000000;\"><i><span style=\"font-weight: 400;\">\u201cK\u00ebshilli k\u00ebrkon nga Kosova q\u00eb t\u00eb angazhohet n\u00eb dialogun e leht\u00ebsuar nga BE-ja me vullnet t\u00eb mir\u00eb dhe n\u00eb frym\u00ebn e kompromisit, p\u00ebr t\u00eb arritur marr\u00ebveshjen gjith\u00ebp\u00ebrfshir\u00ebse, ligj\u00ebrisht obliguese me Kosov\u00ebn, p\u00ebr normalizimin e raporteve, n\u00eb p\u00ebrputhje me t\u00eb drejt\u00ebn nd\u00ebrkomb\u00ebtare dhe me ligjet e BE-s\u00eb, pa vonesa tjera. Kjo Marr\u00ebveshje duhet t\u00eb adresoj\u00eb t\u00eb gjitha \u00e7\u00ebshtjet ky\u00e7e t\u00eb hapura, dhe n\u00eb k\u00ebt\u00eb m\u00ebnyr\u00eb t\u00eb kontribuoj\u00eb n\u00eb stabilitetin e rajonit\u201c, thuhet n\u00eb k\u00ebt\u00eb dokument, ku rikujtohet se t\u00eb dyja pal\u00ebt do t\u00eb rrezikojn\u00eb rrug\u00ebtimin e tyre evropian, n\u00eb rast se nuk e shfryt\u00ebzojn\u00eb k\u00ebt\u00eb rast.<\/span><\/i><\/span><\/p>\n<p><span style=\"color: #000000;\"><i><span style=\"font-weight: 400;\">K\u00ebshilli pritet t\u00eb shpreh\u00eb keqardhje p\u00ebr munges\u00ebn e zbatimit nga t\u00eb dyja pal\u00ebt t\u00eb Marr\u00ebveshjes baz\u00eb p\u00ebr normalizimin e raporteve dhe t\u00eb aneksit, sikur edhe \u00e7\u00ebshtjeve tjera t\u00eb arritura n\u00eb dialog.<\/span><\/i><\/span><\/p>\n<p><span style=\"color: #000000;\"><i><span style=\"font-weight: 400;\">\u201cK\u00ebrkojm\u00eb nga Kosova q\u00eb, n\u00eb t\u00ebr\u00ebsi dhe pa vonesa tjera, t\u2019i zbatoj\u00eb ato. Kjo p\u00ebrfshin edhe themelimin e Asociacionit\/Bashk\u00ebsis\u00eb s\u00eb Komunave me shumic\u00eb serbe. K\u00ebshilli mir\u00ebpret gatishm\u00ebrin\u00eb e Kosov\u00ebs dhe t\u00eb Serbis\u00eb p\u00ebr t\u00eb pranuar draftin e paraqitur nga leht\u00ebsuesi i BE-s\u00eb, duke kuptuar se pun\u00eb e m\u00ebtejme duhet t\u00eb b\u00ebhet n\u00eb baz\u00eb t\u00eb tij\u201d,<\/span><\/i><span style=\"font-weight: 400;\"> thuhet n\u00eb tekst.<\/span><\/span><\/p>\n<p><span style=\"font-weight: 400; color: #000000;\">K\u00ebshilli pritet t\u00eb ftoj\u00eb p\u00ebrfaq\u00ebsuesin e posa\u00e7\u00ebm t\u00eb BE-s\u00eb p\u00ebr dialog mes Kosov\u00ebs dhe Serbis\u00eb q\u00eb t\u00eb plot\u00ebsoj\u00eb agjend\u00ebn p\u00ebr takimin e radh\u00ebs t\u00eb Grupit Special p\u00ebr Normalizim, p\u00ebr t\u00eb marr\u00eb parasysh obligimet e Kosov\u00ebs q\u00eb dalin nga Marr\u00ebveshja dhe aneksi i zbatimit t\u00eb saj.<\/span><\/p>\n<p><span style=\"font-weight: 400; color: #000000;\">Kosova pritet t\u00eb ftohet urgjentisht dhe n\u00eb m\u00ebnyr\u00eb konstruktive t\u00eb angazhohet n\u00eb aktivitetet e bashk\u00ebpunimit rajonal dhe t\u00eb respektoj\u00eb obligimet nga Marr\u00ebveshja p\u00ebr Tregti t\u00eb Lir\u00eb &#8211; CEFTA dhe nga Marr\u00ebveshja e Stabilizim-Asociimit, p\u00ebrfshir\u00eb edhe duke hequr vendimin p\u00ebr ndalimin e importit t\u00eb mallrave nga Serbia.<\/span><\/p>\n<p><span style=\"font-weight: 400; color: #000000;\">K\u00ebshilli i BE-s\u00eb pritet t\u00eb p\u00ebrsh\u00ebndes\u00eb orientimin e qart\u00eb gjeostrategjik t\u00eb Kosov\u00ebs, q\u00eb \u00ebsht\u00eb d\u00ebshmuar edhe p\u00ebrmes d\u00ebnimit t\u00eb ashp\u00ebr t\u00eb agresionit t\u00eb Rusis\u00eb ndaj Ukrain\u00ebs, dhe p\u00ebrmes p\u00ebrshtatjes vullnetare t\u00eb q\u00ebndrimeve t\u00eb saj n\u00eb politiken e jashtme me ato t\u00eb Bashkimit Evropian.<\/span><\/p>\n<p><span style=\"color: #000000;\"><span style=\"font-weight: 400;\"><span style=\"color: #ff0000;\">VINI RE:<\/span> Ky material \u00ebsht\u00eb pron\u00ebsi intelektuale e<\/span><span style=\"color: #0000ff;\"><a style=\"color: #0000ff;\" href=\"https:\/\/www.evropaelire.org\/a\/keshilli-be-kerkesa-kosoves-heqja-e-masave\/32714564.html\"><span style=\"font-weight: 400;\"> REL.<\/span><\/a><\/span><\/span><\/p>\n","protected":false,"gt_translate_keys":[{"key":"rendered","format":"html"}]},"excerpt":{"rendered":"<p>K\u00ebshilli i Bashkimit Evropian do t\u2019i b\u00ebj\u00eb thirrje Kosov\u00ebs q\u00eb t\u00eb b\u00ebj\u00eb m\u00eb shum\u00eb n\u00eb fush\u00ebn e sundimit t\u00eb ligjit, si dhe n\u00eb luft\u00ebn kund\u00ebr korrupsionit dhe krimit t\u00eb organizuar, nd\u00ebrsa do t\u00eb mir\u00ebpres\u00eb hyrjen n\u00eb fuqi t\u00eb liberalizimit t\u00eb vizave p\u00ebr qytetar\u00ebt e Kosov\u00ebs nga 1 janari i vitit q\u00eb po vjen. Kjo porosi [&hellip;]<\/p>\n","protected":false,"gt_translate_keys":[{"key":"rendered","format":"html"}]},"author":4,"featured_media":637032,"comment_status":"closed","ping_status":"closed","sticky":false,"template":"","format":"standard","meta":{"footnotes":""},"categories":[65],"tags":[],"class_list":["post-637031","post","type-post","status-publish","format-standard","has-post-thumbnail","hentry","category-lajme"],"gt_translate_keys":[{"key":"link","format":"url"}],"_links":{"self":[{"href":"https:\/\/www.hashtag.al\/index.php\/wp-json\/wp\/v2\/posts\/637031","targetHints":{"allow":["GET"]}}],"collection":[{"href":"https:\/\/www.hashtag.al\/index.php\/wp-json\/wp\/v2\/posts"}],"about":[{"href":"https:\/\/www.hashtag.al\/index.php\/wp-json\/wp\/v2\/types\/post"}],"author":[{"embeddable":true,"href":"https:\/\/www.hashtag.al\/index.php\/wp-json\/wp\/v2\/users\/4"}],"replies":[{"embeddable":true,"href":"https:\/\/www.hashtag.al\/index.php\/wp-json\/wp\/v2\/comments?post=637031"}],"version-history":[{"count":0,"href":"https:\/\/www.hashtag.al\/index.php\/wp-json\/wp\/v2\/posts\/637031\/revisions"}],"wp:featuredmedia":[{"embeddable":true,"href":"https:\/\/www.hashtag.al\/index.php\/wp-json\/wp\/v2\/media\/637032"}],"wp:attachment":[{"href":"https:\/\/www.hashtag.al\/index.php\/wp-json\/wp\/v2\/media?parent=637031"}],"wp:term":[{"taxonomy":"category","embeddable":true,"href":"https:\/\/www.hashtag.al\/index.php\/wp-json\/wp\/v2\/categories?post=637031"},{"taxonomy":"post_tag","embeddable":true,"href":"https:\/\/www.hashtag.al\/index.php\/wp-json\/wp\/v2\/tags?post=637031"}],"curies":[{"name":"wp","href":"https:\/\/api.w.org\/{rel}","templated":true}]}}