{"id":637027,"date":"2023-12-05T14:03:24","date_gmt":"2023-12-05T13:03:24","guid":{"rendered":"https:\/\/www.hashtag.al\/?p=637027"},"modified":"2023-12-05T14:03:24","modified_gmt":"2023-12-05T13:03:24","slug":"shkon-ne-22-numri-i-viktimave-nga-shperthimi-i-vullkanit-ne-indonezi","status":"publish","type":"post","link":"https:\/\/www.hashtag.al\/index.php\/2023\/12\/05\/shkon-ne-22-numri-i-viktimave-nga-shperthimi-i-vullkanit-ne-indonezi\/","title":{"rendered":"Shkon n\u00eb 22 numri i viktimave nga shp\u00ebrthimi i vullkanit n\u00eb Indonezi","gt_translate_keys":[{"key":"rendered","format":"text"}]},"content":{"rendered":"<p><span style=\"color: #000000;\"><a style=\"color: #000000;\" href=\"https:\/\/www.hashtag.al\/wp-content\/uploads\/2023\/12\/indonezi.png\"><img loading=\"lazy\" decoding=\"async\" class=\"aligncenter size-full wp-image-637028\" src=\"https:\/\/www.hashtag.al\/wp-content\/uploads\/2023\/12\/indonezi.png\" alt=\"\" width=\"989\" height=\"553\" srcset=\"https:\/\/www.hashtag.al\/wp-content\/uploads\/2023\/12\/indonezi.png 989w, https:\/\/www.hashtag.al\/wp-content\/uploads\/2023\/12\/indonezi-300x168.png 300w, https:\/\/www.hashtag.al\/wp-content\/uploads\/2023\/12\/indonezi-768x429.png 768w\" sizes=\"auto, (max-width: 989px) 100vw, 989px\" \/><\/a><\/span><\/p>\n<p><span style=\"color: #000000;\">Numri i viktimave nga nj\u00eb shp\u00ebrthim vullkanik n\u00eb Indonezi ka shkuar n\u00eb 22, pasi ekipet e shp\u00ebtimit gjet\u00ebn n\u00ebnt\u00eb trupa t\u00eb tjer\u00eb.<\/span><\/p>\n<p><span style=\"color: #000000;\">K\u00ebrkimet p\u00ebr 10 alpinist\u00ebt e zhdukur n\u00eb malin Marapi rifilluan t\u00eb mart\u00ebn pasi u nd\u00ebrpren\u00eb p\u00ebr shkak t\u00eb shqet\u00ebsimeve t\u00eb siguris\u00eb.<\/span><\/p>\n<p><span style=\"color: #000000;\">Zyrtar\u00ebt than\u00eb se n\u00ebnt\u00eb trupa ishin nxjerr\u00eb pasdite, me nj\u00eb prej tyre ende t\u00eb zhdukur. Dymb\u00ebdhjet\u00eb viktima t\u00eb tjera t\u00eb plagosur jan\u00eb duke u trajtuar n\u00eb spital.<\/span><\/p>\n<p><span style=\"color: #000000;\">Shp\u00ebrthimet e shpeshta vullkanike kan\u00eb penguar p\u00ebrpjekjet e shp\u00ebtimit p\u00ebr dit\u00eb t\u00eb t\u00ebra.<\/span><\/p>\n<p><span style=\"color: #000000;\">Ahmad Rifandi, kreu i postit t\u00eb monitorimit t\u00eb Marapi, i tha agjencis\u00eb s\u00eb lajmeve AFP se pes\u00eb shp\u00ebrthime ishin regjistruar vet\u00ebm t\u00eb mart\u00ebn.<\/span><\/p>\n<p><span style=\"color: #000000;\">&#8220;Marapi \u00ebsht\u00eb ende shum\u00eb aktiv. Ne nuk mund t\u00eb shohim lart\u00ebsin\u00eb e kolon\u00ebs sepse \u00ebsht\u00eb e mbuluar nga reja,&#8221; tha ai.<\/span><\/p>\n<p><span style=\"color: #000000;\">Ekipet e shp\u00ebtimit i than\u00eb BBC News Indonesia se ata kan\u00eb p\u00ebrfituar nga dritaret e qet\u00ebsis\u00eb relative p\u00ebr t\u00eb k\u00ebrkuar t\u00eb zhdukurit dhe p\u00ebrpjekjet p\u00ebr t\u00eb k\u00ebrkuar p\u00ebr alpinistin e fundit t\u00eb zhdukur do t\u00eb rifillojn\u00eb t\u00eb m\u00ebrkur\u00ebn.<\/span><\/p>\n<p><span style=\"color: #000000;\">Vullkani hodhi nj\u00eb re hiri 3 km n\u00eb aj\u00ebr t\u00eb diel\u00ebn, duke mbuluar me hi fshatrat p\u00ebrreth.<\/span><\/p>\n<p><span style=\"color: #000000;\">Gjat\u00eb shp\u00ebrthimit ndodheshin 75 alpinist\u00eb n\u00eb zon\u00eb, shumica e t\u00eb cil\u00ebve jan\u00eb evakuuar dhe kan\u00eb marr\u00eb trajtim p\u00ebr djegie.<\/span><\/p>\n<p><span style=\"color: #000000;\">Mali Marapi, q\u00eb do t\u00eb thot\u00eb &#8220;Mali i Zjarrit&#8221;, \u00ebsht\u00eb nd\u00ebr m\u00eb aktiv\u00ebt nga 127 vullkanet e Indonezis\u00eb dhe \u00ebsht\u00eb gjithashtu i popullarizuar n\u00eb mesin e alpinist\u00ebve. Disa shtigje u rihap\u00ebn vet\u00ebm qershorin e kaluar p\u00ebr shkak t\u00eb shp\u00ebrthimeve t\u00eb hirit nga janari n\u00eb shkurt. Shp\u00ebrthimi m\u00eb vdekjeprur\u00ebs i Marapit ndodhi n\u00eb vitin 1979, kur vdiq\u00ebn 60 njer\u00ebz.<\/span><\/p>\n","protected":false,"gt_translate_keys":[{"key":"rendered","format":"html"}]},"excerpt":{"rendered":"<p>Numri i viktimave nga nj\u00eb shp\u00ebrthim vullkanik n\u00eb Indonezi ka shkuar n\u00eb 22, pasi ekipet e shp\u00ebtimit gjet\u00ebn n\u00ebnt\u00eb trupa t\u00eb tjer\u00eb. K\u00ebrkimet p\u00ebr 10 alpinist\u00ebt e zhdukur n\u00eb malin Marapi rifilluan t\u00eb mart\u00ebn pasi u nd\u00ebrpren\u00eb p\u00ebr shkak t\u00eb shqet\u00ebsimeve t\u00eb siguris\u00eb. Zyrtar\u00ebt than\u00eb se n\u00ebnt\u00eb trupa ishin nxjerr\u00eb pasdite, me nj\u00eb prej tyre [&hellip;]<\/p>\n","protected":false,"gt_translate_keys":[{"key":"rendered","format":"html"}]},"author":32,"featured_media":637028,"comment_status":"closed","ping_status":"closed","sticky":false,"template":"","format":"standard","meta":{"footnotes":""},"categories":[6,13],"tags":[],"class_list":["post-637027","post","type-post","status-publish","format-standard","has-post-thumbnail","hentry","category-nderkombetare","category-te-fundit"],"gt_translate_keys":[{"key":"link","format":"url"}],"_links":{"self":[{"href":"https:\/\/www.hashtag.al\/index.php\/wp-json\/wp\/v2\/posts\/637027","targetHints":{"allow":["GET"]}}],"collection":[{"href":"https:\/\/www.hashtag.al\/index.php\/wp-json\/wp\/v2\/posts"}],"about":[{"href":"https:\/\/www.hashtag.al\/index.php\/wp-json\/wp\/v2\/types\/post"}],"author":[{"embeddable":true,"href":"https:\/\/www.hashtag.al\/index.php\/wp-json\/wp\/v2\/users\/32"}],"replies":[{"embeddable":true,"href":"https:\/\/www.hashtag.al\/index.php\/wp-json\/wp\/v2\/comments?post=637027"}],"version-history":[{"count":0,"href":"https:\/\/www.hashtag.al\/index.php\/wp-json\/wp\/v2\/posts\/637027\/revisions"}],"wp:featuredmedia":[{"embeddable":true,"href":"https:\/\/www.hashtag.al\/index.php\/wp-json\/wp\/v2\/media\/637028"}],"wp:attachment":[{"href":"https:\/\/www.hashtag.al\/index.php\/wp-json\/wp\/v2\/media?parent=637027"}],"wp:term":[{"taxonomy":"category","embeddable":true,"href":"https:\/\/www.hashtag.al\/index.php\/wp-json\/wp\/v2\/categories?post=637027"},{"taxonomy":"post_tag","embeddable":true,"href":"https:\/\/www.hashtag.al\/index.php\/wp-json\/wp\/v2\/tags?post=637027"}],"curies":[{"name":"wp","href":"https:\/\/api.w.org\/{rel}","templated":true}]}}