{"id":637017,"date":"2023-12-05T13:08:52","date_gmt":"2023-12-05T12:08:52","guid":{"rendered":"https:\/\/www.hashtag.al\/?p=637017"},"modified":"2023-12-05T13:08:52","modified_gmt":"2023-12-05T12:08:52","slug":"vrasjet-e-liridona-ademjat-dhe-14-vjecares-ne-shkup-albin-kurti-spo-mjafton-vetem-arrestimi-duhen-denime","status":"publish","type":"post","link":"https:\/\/www.hashtag.al\/index.php\/2023\/12\/05\/vrasjet-e-liridona-ademjat-dhe-14-vjecares-ne-shkup-albin-kurti-spo-mjafton-vetem-arrestimi-duhen-denime\/","title":{"rendered":"Vrasjet e Liridona Ademjat dhe 14-vje\u00e7ares n\u00eb Shkup, Albin Kurti: S\u2019po mjafton vet\u00ebm arrestimi, duhen d\u00ebnime","gt_translate_keys":[{"key":"rendered","format":"text"}]},"content":{"rendered":"<p><img loading=\"lazy\" decoding=\"async\" class=\" wp-image-637018 aligncenter\" src=\"https:\/\/www.hashtag.al\/wp-content\/uploads\/2023\/12\/kurti-10.jpg\" alt=\"\" width=\"735\" height=\"443\" srcset=\"https:\/\/www.hashtag.al\/wp-content\/uploads\/2023\/12\/kurti-10.jpg 639w, https:\/\/www.hashtag.al\/wp-content\/uploads\/2023\/12\/kurti-10-300x181.jpg 300w\" sizes=\"auto, (max-width: 735px) 100vw, 735px\" \/><\/p>\n<p><span style=\"font-weight: 400; color: #000000;\">Kryeministri i Kosov\u00ebs, Albin Kurt n\u00eb nj\u00eb konferenc\u00ebn \u201cT\u00eb bashkuar kund\u00ebr dhun\u00ebs \u2013 Mjaft!\u201d, ka folur mbi rastin e vrasjes s\u00eb Liridona Ademajt, dhe p\u00ebr vrasjen e 14-vje\u00e7ares n\u00eb Shkup.<\/span><\/p>\n<p><span style=\"font-weight: 400; color: #000000;\">Kurti ka th\u00ebn\u00eb se \u201cvrasja e porositur e Liridona Ademajt nga burri i saj\u201d dhe \u201crr\u00ebmbimi i 14 vje\u00e7ares\u201d n\u00eb Shkup kan\u00eb r\u00ebnduar mendjet dhe zemrat e t\u00eb gjith\u00ebve, shkruajn\u00eb mediat kosovare.<\/span><\/p>\n<p><span style=\"font-weight: 400; color: #000000;\">Nd\u00ebrkaq kreu i qeveris\u00eb s\u00eb Kosov\u00ebs ka th\u00ebn\u00eb se porosit\u00ebsit dhe kryer\u00ebsit e rastit t\u00eb Liridona Ademajt jan\u00eb kapur e v\u00ebn\u00eb prapa hekurave, por thot\u00eb se vet\u00ebm arrestimi nuk mjafton.<\/span><\/p>\n<p><span style=\"font-weight: 400; color: #000000;\">Kurti ka th\u00ebn\u00eb se Gjykatat duhet t\u2019i trajtojn\u00eb me prioritet rastet e dhun\u00ebs ndaj grave dhe vajzave dhe se duhet d\u00ebnim meritor.<\/span><\/p>\n<p><span style=\"color: #000000;\"><i><span style=\"font-weight: 400;\">\u201cVrasjet e fundit, vrasja e porositur e Liridona Ademajt nga burri i saj dhe kidnapimi dhe vrasja e 14 vjecare ne Shkup, na ka r\u00ebnduar mendjet dhe zemrat tona. Porosit\u00ebsit dhe kryer\u00ebsit e rastit t\u00eb Liridon\u00ebs jan\u00eb z\u00ebn\u00eb e jan\u00eb v\u00ebn\u00eb prapa grilave. Policia sy\u00e7el\u00eb si kurr\u00eb nj\u00ebher\u00eb po vepron shpejt e me efikasitet t\u00eb lart\u00eb.\u00a0<\/span><\/i><\/span><\/p>\n<p><span style=\"color: #000000;\"><i><span style=\"font-weight: 400;\">Por s\u2019po mjafton vet\u00ebm arrestimi. Sepse ata po e din\u00eb q\u00eb ka raste t\u00eb t\u00eb ngjashme e jo t\u00eb pakta, kur kriminel\u00ebt lirohen e veprat po p\u00ebrs\u00ebriten edhe m\u00eb r\u00ebnd\u00eb se her\u00ebn e par\u00eb. Kemi nevoje q\u00eb krejt sistemi i Drejt\u00ebsis\u00eb t\u2019i b\u00ebj\u00eb prioritet rasteve t\u00eb dhun\u00ebs ndaj vajzave dhe grave.\u00a0<\/span><\/i><\/span><\/p>\n<p><span style=\"color: #000000;\"><i><span style=\"font-weight: 400;\">Nuk kemi si ta themi q\u00eb duhet d\u00ebnim meritor. But\u00ebsia e d\u00ebnimit po shkakton p\u00ebrs\u00ebritjen e krimit. V\u00ebnia e drejt\u00ebsis\u00eb \u00ebsht\u00eb kusht i domosdosh\u00ebm p\u00ebr nj\u00eb shoq\u00ebri t\u00eb lir\u00eb e demokratike e \u00e7far\u00eb aspirojm\u00eb t\u00eb mbesim p\u00ebrher\u00eb\u201d,<\/span><\/i><span style=\"font-weight: 400;\"> ka th\u00ebn\u00eb Kurti.<\/span><\/span><\/p>\n","protected":false,"gt_translate_keys":[{"key":"rendered","format":"html"}]},"excerpt":{"rendered":"<p>Kryeministri i Kosov\u00ebs, Albin Kurt n\u00eb nj\u00eb konferenc\u00ebn \u201cT\u00eb bashkuar kund\u00ebr dhun\u00ebs \u2013 Mjaft!\u201d, ka folur mbi rastin e vrasjes s\u00eb Liridona Ademajt, dhe p\u00ebr vrasjen e 14-vje\u00e7ares n\u00eb Shkup. Kurti ka th\u00ebn\u00eb se \u201cvrasja e porositur e Liridona Ademajt nga burri i saj\u201d dhe \u201crr\u00ebmbimi i 14 vje\u00e7ares\u201d n\u00eb Shkup kan\u00eb r\u00ebnduar mendjet dhe [&hellip;]<\/p>\n","protected":false,"gt_translate_keys":[{"key":"rendered","format":"html"}]},"author":4,"featured_media":637018,"comment_status":"closed","ping_status":"closed","sticky":false,"template":"","format":"standard","meta":{"footnotes":""},"categories":[149],"tags":[],"class_list":["post-637017","post","type-post","status-publish","format-standard","has-post-thumbnail","hentry","category-kosoverajon"],"gt_translate_keys":[{"key":"link","format":"url"}],"_links":{"self":[{"href":"https:\/\/www.hashtag.al\/index.php\/wp-json\/wp\/v2\/posts\/637017","targetHints":{"allow":["GET"]}}],"collection":[{"href":"https:\/\/www.hashtag.al\/index.php\/wp-json\/wp\/v2\/posts"}],"about":[{"href":"https:\/\/www.hashtag.al\/index.php\/wp-json\/wp\/v2\/types\/post"}],"author":[{"embeddable":true,"href":"https:\/\/www.hashtag.al\/index.php\/wp-json\/wp\/v2\/users\/4"}],"replies":[{"embeddable":true,"href":"https:\/\/www.hashtag.al\/index.php\/wp-json\/wp\/v2\/comments?post=637017"}],"version-history":[{"count":0,"href":"https:\/\/www.hashtag.al\/index.php\/wp-json\/wp\/v2\/posts\/637017\/revisions"}],"wp:featuredmedia":[{"embeddable":true,"href":"https:\/\/www.hashtag.al\/index.php\/wp-json\/wp\/v2\/media\/637018"}],"wp:attachment":[{"href":"https:\/\/www.hashtag.al\/index.php\/wp-json\/wp\/v2\/media?parent=637017"}],"wp:term":[{"taxonomy":"category","embeddable":true,"href":"https:\/\/www.hashtag.al\/index.php\/wp-json\/wp\/v2\/categories?post=637017"},{"taxonomy":"post_tag","embeddable":true,"href":"https:\/\/www.hashtag.al\/index.php\/wp-json\/wp\/v2\/tags?post=637017"}],"curies":[{"name":"wp","href":"https:\/\/api.w.org\/{rel}","templated":true}]}}