{"id":636353,"date":"2023-12-02T16:47:41","date_gmt":"2023-12-02T15:47:41","guid":{"rendered":"https:\/\/www.hashtag.al\/?p=636353"},"modified":"2023-12-02T16:47:41","modified_gmt":"2023-12-02T15:47:41","slug":"papa-francesku-te-mos-perdoren-me-lendet-djegese-te-paperpunuara","status":"publish","type":"post","link":"https:\/\/www.hashtag.al\/index.php\/2023\/12\/02\/papa-francesku-te-mos-perdoren-me-lendet-djegese-te-paperpunuara\/","title":{"rendered":"Papa Fran\u00e7esku: T\u00eb mos p\u00ebrdoren m\u00eb l\u00ebnd\u00ebt djeg\u00ebse t\u00eb pap\u00ebrpunuara","gt_translate_keys":[{"key":"rendered","format":"text"}]},"content":{"rendered":"<p><img loading=\"lazy\" decoding=\"async\" class=\"size-full wp-image-636354 aligncenter\" src=\"https:\/\/www.hashtag.al\/wp-content\/uploads\/2023\/12\/hgf.jpg\" alt=\"\" width=\"844\" height=\"471\" srcset=\"https:\/\/www.hashtag.al\/wp-content\/uploads\/2023\/12\/hgf.jpg 844w, https:\/\/www.hashtag.al\/wp-content\/uploads\/2023\/12\/hgf-300x167.jpg 300w, https:\/\/www.hashtag.al\/wp-content\/uploads\/2023\/12\/hgf-768x429.jpg 768w\" sizes=\"auto, (max-width: 844px) 100vw, 844px\" \/><\/p>\n<p><span style=\"font-weight: 400; color: #000000;\">Papa Fran\u00e7esku i ka b\u00ebr\u00eb thirrje t\u00eb shtun\u00ebn bot\u00ebs q\u00eb t\u00eb mos p\u00ebrdor\u00eb l\u00ebnd\u00eb djeg\u00ebse t\u00eb pap\u00ebrpunuara.<\/span><\/p>\n<p><span style=\"font-weight: 400; color: #000000;\">Ai i ka b\u00ebr\u00eb k\u00ebto deklarata para nj\u00eb samiti p\u00ebr klim\u00ebn q\u00eb po mbahet n\u00eb Dubai, por jo me prezenc\u00eb fizike, p\u00ebr shkak t\u00eb nj\u00eb s\u00ebmundjeje.<\/span><\/p>\n<p><span style=\"font-weight: 400; color: #000000;\">Kreu i Selis\u00eb s\u00eb Shenjt\u00eb, e ka p\u00ebrmendur n\u00eb ve\u00e7anti dh\u00ebnien fund n\u00eb p\u00ebrdorim t\u00eb th\u00ebngjillit, naft\u00ebs dhe gazit, si dhe nevoj\u00ebn p\u00ebr ndryshim t\u00eb m\u00ebnyr\u00ebs s\u00eb jetes\u00ebs, p\u00ebr ta ruajtur planetin.<\/span><\/p>\n<p><span style=\"font-weight: 400; color: #000000;\">Mes tjerash, Papa ka k\u00ebrkuar edhe q\u00eb t\u2019iu falen borxhet vendeve t\u00eb varfra, t\u00eb goditura prej ndryshimeve klimatike.<\/span><\/p>\n<p><span style=\"font-weight: 400; color: #000000;\">Fran\u00e7esku \u00ebsht\u00eb papa i par\u00eb n\u00eb histori q\u00eb i drejtohet nj\u00eb samiti t\u00eb till\u00eb.<\/span><\/p>\n<p><span style=\"font-weight: 400; color: #000000;\">S\u00eb fundi jan\u00eb shtuar thirrjet q\u00eb lider\u00ebt pjes\u00ebmarr\u00ebs ta p\u00ebrdorin k\u00ebt\u00eb samit p\u00ebr t\u00eb vendosur p\u00ebr t\u00eb ardhmen e th\u00ebngjillit, naft\u00ebs dhe gazit, burimeve kryesore q\u00eb nxitin ngrohjen e planetit.<\/span><\/p>\n<p><span style=\"font-weight: 400; color: #000000;\">Presidenti i samtit p\u00ebr klim\u00ebn, Sultan Al-Jaber, ka th\u00ebn\u00eb se heqja dor\u00eb nga kjo l\u00ebnd\u00eb \u00ebsht\u00eb e \u201cpashmangshme\u201d, ndon\u00ebse kompania e naft\u00ebs q\u00eb zot\u00ebron vendi i tij, Emiratet e Bashkuara Arabe, ka th\u00ebn\u00eb se do t\u00eb rris\u00eb duksh\u00ebm prodhimin.<\/span><\/p>\n<p><span style=\"color: #000000;\"><span style=\"font-weight: 400;\"><span style=\"color: #ff0000;\">VINI RE:<\/span> Ky material \u00ebsht\u00eb pron\u00ebsi intelektuale e <\/span><span style=\"color: #0000ff;\"><a style=\"color: #0000ff;\" href=\"https:\/\/www.evropaelire.org\/a\/papa-ben-thirrje-qe-te-mos-perdoren-me-lendet-djegese-te-paperpunuara\/32711081.html\"><span style=\"font-weight: 400;\">REL<\/span><\/a><\/span><\/span><\/p>\n","protected":false,"gt_translate_keys":[{"key":"rendered","format":"html"}]},"excerpt":{"rendered":"<p>Papa Fran\u00e7esku i ka b\u00ebr\u00eb thirrje t\u00eb shtun\u00ebn bot\u00ebs q\u00eb t\u00eb mos p\u00ebrdor\u00eb l\u00ebnd\u00eb djeg\u00ebse t\u00eb pap\u00ebrpunuara. Ai i ka b\u00ebr\u00eb k\u00ebto deklarata para nj\u00eb samiti p\u00ebr klim\u00ebn q\u00eb po mbahet n\u00eb Dubai, por jo me prezenc\u00eb fizike, p\u00ebr shkak t\u00eb nj\u00eb s\u00ebmundjeje. Kreu i Selis\u00eb s\u00eb Shenjt\u00eb, e ka p\u00ebrmendur n\u00eb ve\u00e7anti dh\u00ebnien fund [&hellip;]<\/p>\n","protected":false,"gt_translate_keys":[{"key":"rendered","format":"html"}]},"author":4,"featured_media":636354,"comment_status":"closed","ping_status":"closed","sticky":false,"template":"","format":"standard","meta":{"footnotes":""},"categories":[6],"tags":[],"class_list":["post-636353","post","type-post","status-publish","format-standard","has-post-thumbnail","hentry","category-nderkombetare"],"gt_translate_keys":[{"key":"link","format":"url"}],"_links":{"self":[{"href":"https:\/\/www.hashtag.al\/index.php\/wp-json\/wp\/v2\/posts\/636353","targetHints":{"allow":["GET"]}}],"collection":[{"href":"https:\/\/www.hashtag.al\/index.php\/wp-json\/wp\/v2\/posts"}],"about":[{"href":"https:\/\/www.hashtag.al\/index.php\/wp-json\/wp\/v2\/types\/post"}],"author":[{"embeddable":true,"href":"https:\/\/www.hashtag.al\/index.php\/wp-json\/wp\/v2\/users\/4"}],"replies":[{"embeddable":true,"href":"https:\/\/www.hashtag.al\/index.php\/wp-json\/wp\/v2\/comments?post=636353"}],"version-history":[{"count":0,"href":"https:\/\/www.hashtag.al\/index.php\/wp-json\/wp\/v2\/posts\/636353\/revisions"}],"wp:featuredmedia":[{"embeddable":true,"href":"https:\/\/www.hashtag.al\/index.php\/wp-json\/wp\/v2\/media\/636354"}],"wp:attachment":[{"href":"https:\/\/www.hashtag.al\/index.php\/wp-json\/wp\/v2\/media?parent=636353"}],"wp:term":[{"taxonomy":"category","embeddable":true,"href":"https:\/\/www.hashtag.al\/index.php\/wp-json\/wp\/v2\/categories?post=636353"},{"taxonomy":"post_tag","embeddable":true,"href":"https:\/\/www.hashtag.al\/index.php\/wp-json\/wp\/v2\/tags?post=636353"}],"curies":[{"name":"wp","href":"https:\/\/api.w.org\/{rel}","templated":true}]}}