{"id":636179,"date":"2023-12-01T22:10:57","date_gmt":"2023-12-01T21:10:57","guid":{"rendered":"https:\/\/www.hashtag.al\/?p=636179"},"modified":"2023-12-01T23:57:11","modified_gmt":"2023-12-01T22:57:11","slug":"arrestohet-edhe-personi-i-trete-ne-lidhje-me-vrasjen-e-liridona-murselit","status":"publish","type":"post","link":"https:\/\/www.hashtag.al\/index.php\/2023\/12\/01\/arrestohet-edhe-personi-i-trete-ne-lidhje-me-vrasjen-e-liridona-murselit\/","title":{"rendered":"Arrestohet edhe personi i tret\u00eb n\u00eb lidhje me vrasjen e Liridona Murselit","gt_translate_keys":[{"key":"rendered","format":"text"}]},"content":{"rendered":"<p><span style=\"color: #000000;\"><a style=\"color: #000000;\" href=\"https:\/\/www.hashtag.al\/wp-content\/uploads\/2023\/12\/liridona-murselit.jpg\"><img loading=\"lazy\" decoding=\"async\" class=\"aligncenter size-full wp-image-636180\" src=\"https:\/\/www.hashtag.al\/wp-content\/uploads\/2023\/12\/liridona-murselit.jpg\" alt=\"\" width=\"630\" height=\"394\" srcset=\"https:\/\/www.hashtag.al\/wp-content\/uploads\/2023\/12\/liridona-murselit.jpg 630w, https:\/\/www.hashtag.al\/wp-content\/uploads\/2023\/12\/liridona-murselit-300x188.jpg 300w\" sizes=\"auto, (max-width: 630px) 100vw, 630px\" \/><\/a><\/span><\/p>\n<p><span style=\"color: #000000;\">Nj\u00eb person i tret\u00eb \u00ebsht\u00eb arrestuar n\u00eb lidhje me rastin e vrasjes s\u00eb Liridona Murselit, q\u00eb ndodhi or\u00ebt e vona t\u00eb s\u00eb m\u00ebrkur\u00ebs.<\/span><\/p>\n<p><span style=\"color: #000000;\">Lajmi \u00ebsht\u00eb konfirmuar nga Policia e Kosov\u00ebs.\u00a0<\/span><\/p>\n<p><span style=\"color: #000000;\">Sipas medieve n\u00eb Kosov\u00eb\u00a0personi i tret\u00eb i arrestuar \u00ebsht\u00eb Kushtrim Kokalla<strong>\u00a0<\/strong>pjes\u00ebtar i Forc\u00ebs s\u00eb Siguris\u00eb s\u00eb Kosov\u00ebs. Ai \u00ebsht\u00eb dhe v\u00ebllai i nj\u00eb polici n\u00eb Kosov\u00eb.<\/span><\/p>\n<p><span style=\"color: #000000;\">Prokuroria Themelore n\u00eb Prishtin\u00eb sot ka njoftuar p\u00ebr arrestimin e dy t\u00eb dyshuarve p\u00ebr vrasjen e Liridona Ademaj-Murseli, bashk\u00ebshortin e viktim\u00ebs \u2013 Naim Murseli dhe dorasin e saj G.P (Granit Plava).<\/span><\/p>\n<p><span style=\"color: #000000;\">Sipas njoftimit, Prokuroria Themelore n\u00eb Prishtin\u00eb n\u00eb koordinim me Policin\u00eb e Kosov\u00ebs, n\u00eb vazhd\u00ebn e veprimeve hetimore t\u00eb nd\u00ebrmarra n\u00eb m\u00ebnyr\u00eb intensive, lidhur me rastin e dt. 29.11.2023, i cili \u00ebsht\u00eb vler\u00ebsuar fillimisht si \u201cgrabitje me pasoja t\u00eb vrasjes\u201d, ku ka mbetur e vdekur nj\u00eb grua, ka rezultuar me arrestimin e dy t\u00eb dyshuarve t\u00eb p\u00ebrfshir\u00eb n\u00eb k\u00ebt\u00eb rast.<\/span><\/p>\n<p><span style=\"color: #000000;\">\u00a0\u201c<em>Sipas urdh\u00ebres\u00ebs s\u00eb Prokurorit t\u00eb Shtetit dhe me aprovim t\u00eb gjyqtarit t\u00eb procedur\u00ebs paraprake, Nj\u00ebsiti i Hetimeve t\u00eb P\u00ebrgjithshme t\u00eb Prishtin\u00ebs, n\u00eb kuad\u00ebr t\u00eb Policis\u00eb s\u00eb Kosov\u00ebs, kan\u00eb realizuar bastisje n\u00eb dy lokacione n\u00eb Gjakov\u00eb, me \u00e7\u2019 rast nga ky aksion jan\u00eb arrestuar personat G.P. (dorasi) dhe N.M. (bashk\u00ebshorti i viktim\u00ebs), t\u00eb dyshuar n\u00eb vrasjen e viktim\u00ebs, si dhe \u00ebsht\u00eb sekuestruar arma e cila dyshohet t\u00eb jet\u00eb p\u00ebrdorur n\u00eb k\u00ebt\u00eb rast\u201d,<\/em> thuhet n\u00eb njoftim.<\/span><\/p>\n<p><span style=\"color: #000000;\">Sipas Prokuroris\u00eb, aktualisht, t\u00eb dyshuarit jan\u00eb duke u intervistuar n\u00eb stacionin policor, derisa ndaj t\u00eb nj\u00ebjt\u00ebve prokuroria do t\u2019i nd\u00ebrmerr veprimet e m\u00ebtejme ligjore.<\/span><\/p>\n<p><span style=\"color: #000000;\">Prokuroria n\u00eb koordinim me policin\u00eb po vazhdon me nd\u00ebrmarrjen e veprimeve hetimore lidhur me k\u00ebt\u00eb rast, thuhet n\u00eb njoftim.<\/span><\/p>\n<p><span style=\"color: #000000;\">Burime t\u00eb Telegrafit b\u00ebjn\u00eb t\u00eb ditur se autori, q\u00eb dyshohet se ka kryer vrasjen, e ka pranuar n\u00eb Polici vepr\u00ebn dhe ka th\u00ebn\u00eb se \u00ebsht\u00eb paguar 30 mij\u00eb euro nga Naim Murseli p\u00ebr t\u00eb kryer krimin.<\/span><\/p>\n<p><span style=\"color: #000000;\">Liridona Murseli, rreth 30-vje\u00e7are, u vra t\u00eb m\u00ebrkur\u00ebn mbr\u00ebma gjat\u00eb nj\u00eb grabitjeje t\u00eb armatosur, nd\u00ebrsa bashk\u00ebshorti i saj me f\u00ebmij\u00ebt kan\u00eb arritur q\u00eb t\u00eb ikin nga vetura. Ajo \u00ebsht\u00eb varrosur sot n\u00eb C\u00ebrmjan t\u00eb Gjakov\u00ebs.\/<a style=\"color: #000000;\" href=\"https:\/\/telegrafi.com\/arrestohet-edhe-nje-person-trete-ne-rastin-e-vrasjes-se-liridona-murselit\/\">Telegrafi<\/a><\/span><\/p>\n","protected":false,"gt_translate_keys":[{"key":"rendered","format":"html"}]},"excerpt":{"rendered":"<p>Nj\u00eb person i tret\u00eb \u00ebsht\u00eb arrestuar n\u00eb lidhje me rastin e vrasjes s\u00eb Liridona Murselit, q\u00eb ndodhi or\u00ebt e vona t\u00eb s\u00eb m\u00ebrkur\u00ebs. Lajmi \u00ebsht\u00eb konfirmuar nga Policia e Kosov\u00ebs.\u00a0 Sipas medieve n\u00eb Kosov\u00eb\u00a0personi i tret\u00eb i arrestuar \u00ebsht\u00eb Kushtrim Kokalla\u00a0pjes\u00ebtar i Forc\u00ebs s\u00eb Siguris\u00eb s\u00eb Kosov\u00ebs. Ai \u00ebsht\u00eb dhe v\u00ebllai i nj\u00eb polici n\u00eb [&hellip;]<\/p>\n","protected":false,"gt_translate_keys":[{"key":"rendered","format":"html"}]},"author":30,"featured_media":636180,"comment_status":"closed","ping_status":"closed","sticky":false,"template":"","format":"standard","meta":{"footnotes":""},"categories":[149],"tags":[],"class_list":["post-636179","post","type-post","status-publish","format-standard","has-post-thumbnail","hentry","category-kosoverajon"],"gt_translate_keys":[{"key":"link","format":"url"}],"_links":{"self":[{"href":"https:\/\/www.hashtag.al\/index.php\/wp-json\/wp\/v2\/posts\/636179","targetHints":{"allow":["GET"]}}],"collection":[{"href":"https:\/\/www.hashtag.al\/index.php\/wp-json\/wp\/v2\/posts"}],"about":[{"href":"https:\/\/www.hashtag.al\/index.php\/wp-json\/wp\/v2\/types\/post"}],"author":[{"embeddable":true,"href":"https:\/\/www.hashtag.al\/index.php\/wp-json\/wp\/v2\/users\/30"}],"replies":[{"embeddable":true,"href":"https:\/\/www.hashtag.al\/index.php\/wp-json\/wp\/v2\/comments?post=636179"}],"version-history":[{"count":0,"href":"https:\/\/www.hashtag.al\/index.php\/wp-json\/wp\/v2\/posts\/636179\/revisions"}],"wp:featuredmedia":[{"embeddable":true,"href":"https:\/\/www.hashtag.al\/index.php\/wp-json\/wp\/v2\/media\/636180"}],"wp:attachment":[{"href":"https:\/\/www.hashtag.al\/index.php\/wp-json\/wp\/v2\/media?parent=636179"}],"wp:term":[{"taxonomy":"category","embeddable":true,"href":"https:\/\/www.hashtag.al\/index.php\/wp-json\/wp\/v2\/categories?post=636179"},{"taxonomy":"post_tag","embeddable":true,"href":"https:\/\/www.hashtag.al\/index.php\/wp-json\/wp\/v2\/tags?post=636179"}],"curies":[{"name":"wp","href":"https:\/\/api.w.org\/{rel}","templated":true}]}}