{"id":635780,"date":"2023-11-30T15:26:46","date_gmt":"2023-11-30T14:26:46","guid":{"rendered":"https:\/\/www.hashtag.al\/?p=635780"},"modified":"2023-11-30T15:26:46","modified_gmt":"2023-11-30T14:26:46","slug":"kerkohet-serish-shtyrja-e-afatit-per-riregjistrimin-e-makinave-ne-veri","status":"publish","type":"post","link":"https:\/\/www.hashtag.al\/index.php\/2023\/11\/30\/kerkohet-serish-shtyrja-e-afatit-per-riregjistrimin-e-makinave-ne-veri\/","title":{"rendered":"K\u00ebrkohet s\u00ebrish shtyrja e afatit p\u00ebr riregjistrimin e makinave n\u00eb veri","gt_translate_keys":[{"key":"rendered","format":"text"}]},"content":{"rendered":"<p><span style=\"color: #000000;\"><a href=\"https:\/\/www.hashtag.al\/wp-content\/uploads\/2023\/11\/Screenshot-2023-11-30-150036.png\"><img loading=\"lazy\" decoding=\"async\" class=\"aligncenter size-full wp-image-635781\" src=\"https:\/\/www.hashtag.al\/wp-content\/uploads\/2023\/11\/Screenshot-2023-11-30-150036.png\" alt=\"\" width=\"1217\" height=\"647\" srcset=\"https:\/\/www.hashtag.al\/wp-content\/uploads\/2023\/11\/Screenshot-2023-11-30-150036.png 1217w, https:\/\/www.hashtag.al\/wp-content\/uploads\/2023\/11\/Screenshot-2023-11-30-150036-300x159.png 300w, https:\/\/www.hashtag.al\/wp-content\/uploads\/2023\/11\/Screenshot-2023-11-30-150036-1024x544.png 1024w, https:\/\/www.hashtag.al\/wp-content\/uploads\/2023\/11\/Screenshot-2023-11-30-150036-768x408.png 768w\" sizes=\"auto, (max-width: 1217px) 100vw, 1217px\" \/><\/a><\/span><\/p>\n<p><span style=\"color: #000000;\">Drejtoria e Policis\u00eb s\u00eb Kosov\u00ebs p\u00ebr rajonin e Veriut ka k\u00ebrkuar s\u00ebrish nga Ministria e Pun\u00ebve t\u00eb Brendshme e Kosov\u00ebs q\u00eb t\u00eb shtyj\u00eb edhe p\u00ebr 15 dit\u00eb afatin p\u00ebr riregjistrimin e makinave me targa serbe n\u00eb ato RKS &#8211; Republika e Kosov\u00ebs.<\/span><\/p>\n<p><span style=\"color: #000000;\">Z\u00ebvend\u00ebsdrejtori i Policis\u00eb s\u00eb Kosov\u00ebs p\u00ebr rajonin e veriut, Veton Elshani, n\u00eb nj\u00eb prononcim p\u00ebr Radion Evropa e Lir\u00eb sqaroi se nj\u00eb k\u00ebrkes\u00eb e till\u00eb \u00ebsht\u00eb d\u00ebrguar tek autoritetet qendrore p\u00ebr shkak se \u00ebsht\u00eb v\u00ebrejtur radh\u00eb t\u00eb gjata para qendrave p\u00ebr riregjistrim.<\/span><\/p>\n<p><span style=\"color: #000000;\">\u00a0\u201cKa disa vetura me probleme teknike. N\u00ebse makinat kan\u00eb probleme teknike, qytetar\u00ebt nuk mund t\u00eb marrin konfirmimin brenda dit\u00ebs q\u00eb vetura punon dhe nuk mund t\u00eb marrin sigurimin. Ne kemi v\u00ebrejtur nj\u00eb problem teknik dhe p\u00ebr k\u00ebt\u00eb kemi k\u00ebrkuar nga Ministria [e Brendshme] q\u00eb t\u00eb shtyhet afati, por kjo nuk do t\u00eb thot\u00eb se do t\u00eb ndodh\u00eb k\u00ebshtu\u201d, tha ai.<\/span><\/p>\n<p><span style=\"color: #000000;\">Q\u00eb nga 1 n\u00ebntori 2023, qytetar\u00ebve t\u00eb kat\u00ebr komunave veriore me shumic\u00eb serbe, Mitrovic\u00eb e Veriut, Leposaviq, Zve\u00e7an e Zubin Potok u \u00ebsht\u00eb dh\u00ebn\u00eb afati i fundit, nj\u00ebmujor, p\u00ebr riregjistrim t\u00eb automjeteve t\u00eb tyre nga targat KM (Mitrovica e Kosov\u00ebs) n\u00eb RKS.<\/span><\/p>\n<p><span style=\"color: #000000;\">Targat KM, dhe me akronime t\u00eb tjera serbe p\u00ebr qytetet e Kosov\u00ebs jan\u00eb l\u00ebshuar nga autoritetet serbe dhe konsiderohen t\u00eb paligjshme nga autoritetet n\u00eb Kosov\u00eb.<\/span><\/p>\n<p><span style=\"color: #000000;\">Megjithat\u00eb, qarkullimi i makinave me targa t\u00eb tilla \u00ebsht\u00eb toleruar deri m\u00eb tani n\u00eb veri, nd\u00ebrsa n\u00eb zonat e banuara nga serb\u00ebt n\u00eb jug t\u00eb Ibrit, ato ishin larguar nga p\u00ebrdorimi m\u00eb shum\u00eb se dhjet\u00eb vjet m\u00eb par\u00eb.<\/span><\/p>\n<p><span style=\"color: #000000;\">Sipas p\u00ebrllogaritjeve t\u00eb sektorit civil serb, n\u00eb komunat n\u00eb veri t\u00eb Kosov\u00ebs, t\u00eb banuara me shumic\u00eb serbe, ka pasur rreth 10.000 vetura me targa KM. Nd\u00ebrkaq, sipas t\u00eb dh\u00ebnave t\u00eb Ministris\u00eb s\u00eb Pun\u00ebve t\u00eb Brendshme t\u00eb Kosov\u00ebs, muajin e fundit jan\u00eb riregjistruar n\u00eb targa RKS af\u00ebr 4.000 makina.<\/span><\/p>\n<p><span style=\"color: #000000;\">Elshani tha se n\u00ebse MPB-ja nuk miraton k\u00ebrkes\u00ebn p\u00ebr zgjatjen e afatit p\u00ebr riregjistrim, Policia e Kosov\u00ebs nga 1 dhjetori nuk do t\u00eb lejoj\u00eb l\u00ebvizjen e makinave me targa KM.<\/span><\/p>\n<p><span style=\"color: #000000;\"><em>\u201cDo t\u00eb ndalen nga policia e rregullt [jo nga nj\u00ebsit\u00eb speciale t\u00eb policis\u00eb q\u00eb jan\u00eb prezent\u00eb n\u00eb veri t\u00eb Kosov\u00ebs]. Do t\u00eb merren targat, do t\u2019i shqiptohet gjoba prej 150 euro. N\u00ebse qytetar\u00ebt vozisin pa targa, makinat e tyre do t\u00eb sekuestrohen\u201d,<\/em> tha Elshani.<\/span><\/p>\n<p><span style=\"color: #000000;\">\u00c7\u00ebshtja e targave KM \u00ebsht\u00eb aktualizuar q\u00eb nga viti i kaluar dhe ka shkaktuar nj\u00eb s\u00ebr\u00eb krizash n\u00eb veri t\u00eb Kosov\u00ebs, daljen e serb\u00ebve nga institucionet e Kosov\u00ebs, protesta e vendosje t\u00eb barrikadave.\/<span style=\"color: #0000ff;\"><a style=\"color: #0000ff;\" href=\"https:\/\/www.evropaelire.org\/a\/policia-e-kosoves-riregjistrimi-i-makinave-ne-veri-\/32708384.html\">REL<\/a><\/span><\/span><\/p>\n","protected":false,"gt_translate_keys":[{"key":"rendered","format":"html"}]},"excerpt":{"rendered":"<p>Drejtoria e Policis\u00eb s\u00eb Kosov\u00ebs p\u00ebr rajonin e Veriut ka k\u00ebrkuar s\u00ebrish nga Ministria e Pun\u00ebve t\u00eb Brendshme e Kosov\u00ebs q\u00eb t\u00eb shtyj\u00eb edhe p\u00ebr 15 dit\u00eb afatin p\u00ebr riregjistrimin e makinave me targa serbe n\u00eb ato RKS &#8211; Republika e Kosov\u00ebs. Z\u00ebvend\u00ebsdrejtori i Policis\u00eb s\u00eb Kosov\u00ebs p\u00ebr rajonin e veriut, Veton Elshani, n\u00eb nj\u00eb [&hellip;]<\/p>\n","protected":false,"gt_translate_keys":[{"key":"rendered","format":"html"}]},"author":30,"featured_media":635781,"comment_status":"closed","ping_status":"closed","sticky":false,"template":"","format":"standard","meta":{"footnotes":""},"categories":[149],"tags":[],"class_list":["post-635780","post","type-post","status-publish","format-standard","has-post-thumbnail","hentry","category-kosoverajon"],"gt_translate_keys":[{"key":"link","format":"url"}],"_links":{"self":[{"href":"https:\/\/www.hashtag.al\/index.php\/wp-json\/wp\/v2\/posts\/635780","targetHints":{"allow":["GET"]}}],"collection":[{"href":"https:\/\/www.hashtag.al\/index.php\/wp-json\/wp\/v2\/posts"}],"about":[{"href":"https:\/\/www.hashtag.al\/index.php\/wp-json\/wp\/v2\/types\/post"}],"author":[{"embeddable":true,"href":"https:\/\/www.hashtag.al\/index.php\/wp-json\/wp\/v2\/users\/30"}],"replies":[{"embeddable":true,"href":"https:\/\/www.hashtag.al\/index.php\/wp-json\/wp\/v2\/comments?post=635780"}],"version-history":[{"count":0,"href":"https:\/\/www.hashtag.al\/index.php\/wp-json\/wp\/v2\/posts\/635780\/revisions"}],"wp:featuredmedia":[{"embeddable":true,"href":"https:\/\/www.hashtag.al\/index.php\/wp-json\/wp\/v2\/media\/635781"}],"wp:attachment":[{"href":"https:\/\/www.hashtag.al\/index.php\/wp-json\/wp\/v2\/media?parent=635780"}],"wp:term":[{"taxonomy":"category","embeddable":true,"href":"https:\/\/www.hashtag.al\/index.php\/wp-json\/wp\/v2\/categories?post=635780"},{"taxonomy":"post_tag","embeddable":true,"href":"https:\/\/www.hashtag.al\/index.php\/wp-json\/wp\/v2\/tags?post=635780"}],"curies":[{"name":"wp","href":"https:\/\/api.w.org\/{rel}","templated":true}]}}