{"id":635612,"date":"2023-11-29T15:53:09","date_gmt":"2023-11-29T14:53:09","guid":{"rendered":"https:\/\/www.hashtag.al\/?p=635612"},"modified":"2023-11-29T15:53:09","modified_gmt":"2023-11-29T14:53:09","slug":"kosove-arrestime-ne-protesten-kunder-kryetares-se-speciales","status":"publish","type":"post","link":"https:\/\/www.hashtag.al\/index.php\/2023\/11\/29\/kosove-arrestime-ne-protesten-kunder-kryetares-se-speciales\/","title":{"rendered":"Kosov\u00eb, arrestime n\u00eb protest\u00ebn kund\u00ebr kryetares s\u00eb Speciales","gt_translate_keys":[{"key":"rendered","format":"text"}]},"content":{"rendered":"<p><a href=\"https:\/\/www.hashtag.al\/wp-content\/uploads\/2023\/11\/Screenshot-2023-11-29-154501.png\"><img loading=\"lazy\" decoding=\"async\" class=\"aligncenter size-full wp-image-635613\" src=\"https:\/\/www.hashtag.al\/wp-content\/uploads\/2023\/11\/Screenshot-2023-11-29-154501.png\" alt=\"\" width=\"1183\" height=\"657\" srcset=\"https:\/\/www.hashtag.al\/wp-content\/uploads\/2023\/11\/Screenshot-2023-11-29-154501.png 1183w, https:\/\/www.hashtag.al\/wp-content\/uploads\/2023\/11\/Screenshot-2023-11-29-154501-300x167.png 300w, https:\/\/www.hashtag.al\/wp-content\/uploads\/2023\/11\/Screenshot-2023-11-29-154501-1024x569.png 1024w, https:\/\/www.hashtag.al\/wp-content\/uploads\/2023\/11\/Screenshot-2023-11-29-154501-768x427.png 768w, https:\/\/www.hashtag.al\/wp-content\/uploads\/2023\/11\/Screenshot-2023-11-29-154501-1170x650.png 1170w\" sizes=\"auto, (max-width: 1183px) 100vw, 1183px\" \/><\/a><\/p>\n<p><span style=\"color: #000000;\">Partia Socialdemokrate (PSD) protestoi t\u00eb m\u00ebrkur\u00ebn kund\u00ebr kryetares s\u00eb Dhomave t\u00eb Specializuara, Ekaterina Trendafilova, duke hedhur bomba tymuese q\u00eb krijuan tym t\u00eb madh t\u00eb zi pran\u00eb nj\u00eb hoteli n\u00eb Prishtin\u00eb, ku ajo po mbante takim me shoq\u00ebrin\u00eb civile.<\/span><\/p>\n<p><span style=\"color: #000000;\">Sipas PSD-s\u00eb, Policia e Kosov\u00ebs gjat\u00eb protest\u00ebs i arrestoi gjasht\u00eb an\u00ebtar\u00eb t\u00eb saj, e cila nuk p\u00ebrfaq\u00ebsohet n\u00eb Kuvendin e Kosov\u00ebs, p\u00ebrfshir\u00eb edhe kreytarin e saj, Dardan Molliqaj.<\/span><\/p>\n<p><span style=\"color: #000000;\"><em>&#8220;Kjo \u00ebsht\u00eb p\u00ebrpjekje p\u00ebr disiplinim dhe p\u00ebrmir\u00ebsim imazhi p\u00ebr gjykat\u00ebn e padrejt\u00eb speciale<\/em>&#8220;, shkroi PSD-ja n\u00eb Facebook.<\/span><\/p>\n<p><span style=\"color: #000000;\">Protestuesit mbajt\u00ebn n\u00eb dor\u00eb pankarta me mbishkrimin \u201cU\u00c7K-ja nuk mund t\u00eb gjykohet\u201d, \u201cU\u00c7K-ja \u00ebsht\u00eb p\u00ebrpjekja p\u00ebr liri\u201d, dhe \u201cTrendafilova out\u201d, si dhe brohorit\u00ebn \u201cPosht\u00eb Gjykata Speciale\u201d.<\/span><\/p>\n<p><span style=\"color: #000000;\">Duke folur para se protesta t\u00eb p\u00ebrshkall\u00ebzonte, kryetari i PSD-s\u00eb, Dardan Molliqaj, tha se u mblodh\u00ebn p\u00ebrball\u00eb hotelit p\u00ebr ta kund\u00ebrshtuar vizit\u00ebn e Trendafilov\u00ebs n\u00eb Kosov\u00eb.<\/span><\/p>\n<p><span style=\"color: #000000;\"><em>\u201cSa her\u00eb q\u00eb kemi qen\u00eb m\u00eb af\u00ebr Serbis\u00eb dhe marr\u00ebveshjeve t\u00eb k\u00ebqija me Serbin\u00eb, ka pasur p\u00ebrndjekje t\u00eb U\u00c7K-s\u00eb. Gjykata e ka n\u00eb mandat ta ndjek\u00eb vet\u00ebm U\u00c7K-n\u00eb, \u00ebsht\u00eb m\u00eb e keqe se nj\u00ebetnike. Ne duhet dhe do ta pengojm\u00eb k\u00ebt\u00eb takim. Takimi ka filluar nd\u00ebrsa ne e vazhdojm\u00eb protest\u00ebn\u201d,<\/em> tha Molliqaj.<\/span><\/p>\n<p><span style=\"color: #000000;\">Partia Socialdemokrate ka protestuar kund\u00ebr Trendafilov\u00ebs edhe n\u00eb t\u00eb kaluar\u00ebn.<\/span><\/p>\n<p><span style=\"color: #000000;\">Gjykata Speciale apo Dhomat e Specializuara dhe Zyra e Prokurorit t\u00eb Specializuar hetojn\u00eb krimet e pretenduara t\u00eb pjes\u00ebtar\u00ebve t\u00eb Ushtris\u00eb \u00c7lirimtare t\u00eb Kosov\u00ebs, t\u00eb kryera kund\u00ebr pakicave etnike dhe rival\u00ebve politik\u00eb q\u00eb nga janari i vitit 1998 deri n\u00eb dhjetor t\u00eb vitit 2000. Gjykata e ka selin\u00eb n\u00eb Hag\u00eb, por funksionon sipas ligjeve t\u00eb Kosov\u00ebs.<\/span><\/p>\n<p><span style=\"color: #000000;\">Aktualisht, pran\u00eb Dhomave t\u00eb Specializuara jan\u00eb duke u zhvilluar disa raste gjyq\u00ebsore, p\u00ebrfshir\u00eb edhe rasti ndaj ish-krer\u00ebve t\u00eb U\u00c7K-s\u00eb \u2013 Hashim Tha\u00e7i, Kadri Veseli, Jakup Krasniqi dhe Rexhep Selimi \u2013 q\u00eb akuzohen p\u00ebr krime lufte dhe krime kund\u00ebr njer\u00ebzimit.<\/span><\/p>\n<p><span style=\"color: #000000;\">Deri m\u00eb tani, Gjykata Speciale i ka d\u00ebnuar dy pjes\u00ebtar\u00eb t\u00eb OVL s\u00eb U\u00c7K-s\u00eb, Nasim Haradinajn dhe Hysni Gucatin n\u00eb maj t\u00eb vitit 2022 p\u00ebr pengim t\u00eb administrimit t\u00eb drejt\u00ebsis\u00eb.<\/span><\/p>\n<p><span style=\"color: #000000;\">D\u00ebnimi fillestar p\u00ebr secilin ka qen\u00eb 4 vjet e gjysm\u00eb burgim, nd\u00ebrsa pas ankes\u00ebs n\u00eb Apel, koha u \u00ebsht\u00eb zvog\u00ebluar n\u00eb 4 vjet e tre muaj burgim.\/<span style=\"color: #0000ff;\"><a style=\"color: #0000ff;\" href=\"https:\/\/www.evropaelire.org\/a\/psd-proteson-kunder-vizites-kreytares-dhomave-specializuara\/32706863.html\">REL<\/a><\/span><\/span><\/p>\n","protected":false,"gt_translate_keys":[{"key":"rendered","format":"html"}]},"excerpt":{"rendered":"<p>Partia Socialdemokrate (PSD) protestoi t\u00eb m\u00ebrkur\u00ebn kund\u00ebr kryetares s\u00eb Dhomave t\u00eb Specializuara, Ekaterina Trendafilova, duke hedhur bomba tymuese q\u00eb krijuan tym t\u00eb madh t\u00eb zi pran\u00eb nj\u00eb hoteli n\u00eb Prishtin\u00eb, ku ajo po mbante takim me shoq\u00ebrin\u00eb civile. Sipas PSD-s\u00eb, Policia e Kosov\u00ebs gjat\u00eb protest\u00ebs i arrestoi gjasht\u00eb an\u00ebtar\u00eb t\u00eb saj, e cila nuk p\u00ebrfaq\u00ebsohet [&hellip;]<\/p>\n","protected":false,"gt_translate_keys":[{"key":"rendered","format":"html"}]},"author":30,"featured_media":635613,"comment_status":"closed","ping_status":"closed","sticky":false,"template":"","format":"standard","meta":{"footnotes":""},"categories":[149],"tags":[],"class_list":["post-635612","post","type-post","status-publish","format-standard","has-post-thumbnail","hentry","category-kosoverajon"],"gt_translate_keys":[{"key":"link","format":"url"}],"_links":{"self":[{"href":"https:\/\/www.hashtag.al\/index.php\/wp-json\/wp\/v2\/posts\/635612","targetHints":{"allow":["GET"]}}],"collection":[{"href":"https:\/\/www.hashtag.al\/index.php\/wp-json\/wp\/v2\/posts"}],"about":[{"href":"https:\/\/www.hashtag.al\/index.php\/wp-json\/wp\/v2\/types\/post"}],"author":[{"embeddable":true,"href":"https:\/\/www.hashtag.al\/index.php\/wp-json\/wp\/v2\/users\/30"}],"replies":[{"embeddable":true,"href":"https:\/\/www.hashtag.al\/index.php\/wp-json\/wp\/v2\/comments?post=635612"}],"version-history":[{"count":0,"href":"https:\/\/www.hashtag.al\/index.php\/wp-json\/wp\/v2\/posts\/635612\/revisions"}],"wp:featuredmedia":[{"embeddable":true,"href":"https:\/\/www.hashtag.al\/index.php\/wp-json\/wp\/v2\/media\/635613"}],"wp:attachment":[{"href":"https:\/\/www.hashtag.al\/index.php\/wp-json\/wp\/v2\/media?parent=635612"}],"wp:term":[{"taxonomy":"category","embeddable":true,"href":"https:\/\/www.hashtag.al\/index.php\/wp-json\/wp\/v2\/categories?post=635612"},{"taxonomy":"post_tag","embeddable":true,"href":"https:\/\/www.hashtag.al\/index.php\/wp-json\/wp\/v2\/tags?post=635612"}],"curies":[{"name":"wp","href":"https:\/\/api.w.org\/{rel}","templated":true}]}}