{"id":635284,"date":"2023-11-28T10:29:09","date_gmt":"2023-11-28T09:29:09","guid":{"rendered":"https:\/\/www.hashtag.al\/?p=635284"},"modified":"2023-11-28T10:30:28","modified_gmt":"2023-11-28T09:30:28","slug":"bora-e-ererat-e-forta-pa-rryme-dhjetera-fshatra-ne-diber-e-bulqize-probleme-me-levizjen-e-mjeteve-ne-disa-zona","status":"publish","type":"post","link":"https:\/\/www.hashtag.al\/index.php\/2023\/11\/28\/bora-e-ererat-e-forta-pa-rryme-dhjetera-fshatra-ne-diber-e-bulqize-probleme-me-levizjen-e-mjeteve-ne-disa-zona\/","title":{"rendered":"Bora e er\u00ebra t\u00eb forta, pa rrym\u00eb dhjet\u00ebra fshatra n\u00eb Dib\u00ebr e Bulqiz\u00eb, probleme me l\u00ebvizjen e mjeteve n\u00eb disa zona","gt_translate_keys":[{"key":"rendered","format":"text"}]},"content":{"rendered":"<p><span style=\"color: #000000;\"><img loading=\"lazy\" decoding=\"async\" class=\"aligncenter size-full wp-image-635286\" src=\"https:\/\/www.hashtag.al\/wp-content\/uploads\/2023\/11\/bore-1.jpg\" alt=\"\" width=\"1280\" height=\"720\" srcset=\"https:\/\/www.hashtag.al\/wp-content\/uploads\/2023\/11\/bore-1.jpg 1280w, https:\/\/www.hashtag.al\/wp-content\/uploads\/2023\/11\/bore-1-300x169.jpg 300w, https:\/\/www.hashtag.al\/wp-content\/uploads\/2023\/11\/bore-1-1024x576.jpg 1024w, https:\/\/www.hashtag.al\/wp-content\/uploads\/2023\/11\/bore-1-768x432.jpg 768w\" sizes=\"auto, (max-width: 1280px) 100vw, 1280px\" \/><\/span><\/p>\n<p><span style=\"color: #000000;\">Disa fshatra n\u00eb Dib\u00ebr e Bulqiz\u00eb kan\u00eb pasur probleme p\u00ebr sa i p\u00ebrket furnizimit me rrym\u00eb elektrike pas er\u00ebrave t\u00eb forta e bor\u00ebs q\u00eb kan\u00eb prekur veriun e verilindjen e vendit. <\/span><\/p>\n<p><span style=\"color: #000000;\">Pa rrym\u00eb jan\u00eb 8 fshatra n\u00eb Kalan\u00eb e Dod\u00ebs n\u00eb bashkin\u00eb Dib\u00ebr si dhe 9 fshatra n\u00eb Bashkin\u00eb Bulqiz\u00eb n\u00eb Ostren, Zerqan, Shupenz\u00eb e Gjoric\u00eb. <\/span><\/p>\n<p><span style=\"color: #000000;\">Gjat\u00eb nat\u00ebs ka pasur nd\u00ebrprerje t\u00eb rrym\u00ebs edhe n\u00eb Xib\u00ebr n\u00eb Bashkin\u00eb e Klosit. <\/span><\/p>\n<p><span style=\"color: #000000;\">Reshjet e dendura t\u00eb bor\u00ebs kan\u00eb shkaktuar probleme edhe p\u00ebr sa i p\u00ebrket l\u00ebvizjes s\u00eb makinave me rrug\u00ebt q\u00eb jan\u00eb ende t\u00eb bllokuara n\u00eb disa fshatra n\u00eb Kala t\u00eb Dod\u00ebs, Selisht\u00eb e Zall Dardh\u00eb.<\/span><\/p>\n<p><span style=\"color: #000000;\">Rrug\u00ebt komb\u00ebtare jan\u00eb t\u00eb gjitha t\u00eb kalueshme.<\/span><\/p>\n","protected":false,"gt_translate_keys":[{"key":"rendered","format":"html"}]},"excerpt":{"rendered":"<p>Disa fshatra n\u00eb Dib\u00ebr e Bulqiz\u00eb kan\u00eb pasur probleme p\u00ebr sa i p\u00ebrket furnizimit me rrym\u00eb elektrike pas er\u00ebrave t\u00eb forta e bor\u00ebs q\u00eb kan\u00eb prekur veriun e verilindjen e vendit. Pa rrym\u00eb jan\u00eb 8 fshatra n\u00eb Kalan\u00eb e Dod\u00ebs n\u00eb bashkin\u00eb Dib\u00ebr si dhe 9 fshatra n\u00eb Bashkin\u00eb Bulqiz\u00eb n\u00eb Ostren, Zerqan, Shupenz\u00eb e [&hellip;]<\/p>\n","protected":false,"gt_translate_keys":[{"key":"rendered","format":"html"}]},"author":51,"featured_media":635286,"comment_status":"closed","ping_status":"closed","sticky":false,"template":"","format":"standard","meta":{"footnotes":""},"categories":[22],"tags":[],"class_list":["post-635284","post","type-post","status-publish","format-standard","has-post-thumbnail","hentry","category-ballina"],"gt_translate_keys":[{"key":"link","format":"url"}],"_links":{"self":[{"href":"https:\/\/www.hashtag.al\/index.php\/wp-json\/wp\/v2\/posts\/635284","targetHints":{"allow":["GET"]}}],"collection":[{"href":"https:\/\/www.hashtag.al\/index.php\/wp-json\/wp\/v2\/posts"}],"about":[{"href":"https:\/\/www.hashtag.al\/index.php\/wp-json\/wp\/v2\/types\/post"}],"author":[{"embeddable":true,"href":"https:\/\/www.hashtag.al\/index.php\/wp-json\/wp\/v2\/users\/51"}],"replies":[{"embeddable":true,"href":"https:\/\/www.hashtag.al\/index.php\/wp-json\/wp\/v2\/comments?post=635284"}],"version-history":[{"count":0,"href":"https:\/\/www.hashtag.al\/index.php\/wp-json\/wp\/v2\/posts\/635284\/revisions"}],"wp:featuredmedia":[{"embeddable":true,"href":"https:\/\/www.hashtag.al\/index.php\/wp-json\/wp\/v2\/media\/635286"}],"wp:attachment":[{"href":"https:\/\/www.hashtag.al\/index.php\/wp-json\/wp\/v2\/media?parent=635284"}],"wp:term":[{"taxonomy":"category","embeddable":true,"href":"https:\/\/www.hashtag.al\/index.php\/wp-json\/wp\/v2\/categories?post=635284"},{"taxonomy":"post_tag","embeddable":true,"href":"https:\/\/www.hashtag.al\/index.php\/wp-json\/wp\/v2\/tags?post=635284"}],"curies":[{"name":"wp","href":"https:\/\/api.w.org\/{rel}","templated":true}]}}