{"id":635186,"date":"2023-11-27T20:40:28","date_gmt":"2023-11-27T19:40:28","guid":{"rendered":"https:\/\/www.hashtag.al\/?p=635186"},"modified":"2023-11-27T20:40:28","modified_gmt":"2023-11-27T19:40:28","slug":"parada-e-shqiptareve-ne-tirane-atifete-jahjaga-shekullin-e-21-e-kemi-filluar-me-arritjen-me-te-madhe-krijimin-e-shtetit-te-kosoves","status":"publish","type":"post","link":"https:\/\/www.hashtag.al\/index.php\/2023\/11\/27\/parada-e-shqiptareve-ne-tirane-atifete-jahjaga-shekullin-e-21-e-kemi-filluar-me-arritjen-me-te-madhe-krijimin-e-shtetit-te-kosoves\/","title":{"rendered":"Parada e shqiptar\u00ebve n\u00eb Tiran\u00eb, Atifete Jahjaga: Shekullin e 21 e kemi filluar me arritjen m\u00eb t\u00eb madhe, krijimin e shtetit t\u00eb Kosov\u00ebs","gt_translate_keys":[{"key":"rendered","format":"text"}]},"content":{"rendered":"<p><img loading=\"lazy\" decoding=\"async\" class=\"size-full wp-image-635187 aligncenter\" src=\"https:\/\/www.hashtag.al\/wp-content\/uploads\/2023\/11\/1701113067_atifetejahjaga.jpg\" alt=\"\" width=\"780\" height=\"440\" srcset=\"https:\/\/www.hashtag.al\/wp-content\/uploads\/2023\/11\/1701113067_atifetejahjaga.jpg 780w, https:\/\/www.hashtag.al\/wp-content\/uploads\/2023\/11\/1701113067_atifetejahjaga-300x169.jpg 300w, https:\/\/www.hashtag.al\/wp-content\/uploads\/2023\/11\/1701113067_atifetejahjaga-768x433.jpg 768w\" sizes=\"auto, (max-width: 780px) 100vw, 780px\" \/><\/p>\n<p><span style=\"font-weight: 400; color: #000000;\">Tirana do t\u00eb pres\u00eb nes\u00ebr nj\u00eb parad\u00eb t\u00eb madhe, ku shqiptar\u00eb nga e gjith\u00eb bota do t\u00eb parakalojn\u00eb n\u00eb Bulevardin \u201cD\u00ebshmor\u00ebt e Kombit\u201d.<\/span><\/p>\n<p><span style=\"font-weight: 400; color: #000000;\">E pranishme do jet\u00eb dhe ish Presidentja e Kosoves. Atifete Jahjaga, e cila ka vler\u00ebsuar kryebshkiakun Erion Veliaj p\u00ebr idet\u00eb inovative dhe kreative q\u00eb sjell \u00e7do vit.<\/span><\/p>\n<p><span style=\"font-weight: 400; color: #000000;\">\u00a0Duke folur p\u00ebr arritjet e shqiptar\u00ebve, Jahjaga tha se shekulli 21 nisi me arritjen m\u00eb t\u00eb madhe t\u00eb krijimit t\u00eb shtetit t\u00eb pavarur t\u00eb Kosov\u00ebs.\u00a0<\/span><\/p>\n<p><span style=\"color: #000000;\"><i><span style=\"font-weight: 400;\">\u201cLali faleminderit shum\u00eb p\u00ebr ftes\u00ebn, \u00ebsht\u00eb nder dhe k\u00ebnaq\u00ebsi q\u00eb t\u00eb jem n\u00eb mesin tuaj p\u00ebr t\u00eb festuar. Ju vini me ide kreative dhe me di\u00e7ka shum\u00eb inovative q\u00eb t\u00eb sh\u00ebnojm\u00eb \u00e7do vit di\u00e7ka m\u00eb ndryshe dhe di\u00e7ka m\u00eb mir\u00eb.<\/span><\/i><\/span><\/p>\n<p><span style=\"color: #000000;\"><i><span style=\"font-weight: 400;\">Shekullin e kaluar e p\u00ebrmbyll\u00ebm me arritjen e liris\u00eb, nd\u00ebrsa shekulin e 21 e kemi filluar me arritjen m\u00eb t\u00eb madhe, krijimin e shtetit t\u00eb Kosov\u00ebs. T\u00eb pal\u00ebkundur n\u00eb an\u00ebn ton\u00eb t\u00eb drejt\u00ebm, n\u00eb an\u00ebn e per\u00ebndimit dhe t\u00eb drejt\u00eb t\u00eb historis\u00eb.\u00a0<\/span><\/i><\/span><\/p>\n<p><span style=\"color: #000000;\"><i><span style=\"font-weight: 400;\">N\u00eb k\u00ebt\u00eb nat\u00eb i dashur mik, Lali Eri, dua t\u00eb uroj secilin q\u00eb k\u00ebt\u00eb dekad\u00eb ta fillojm\u00eb duke iu p\u00ebrkushtuar rendit, drejt\u00ebsis\u00eb dhe hapur rrug\u00eb p\u00ebrparimit ton\u00eb t\u00eb p\u00ebrbashk\u00ebt. Urime k\u00ebt\u00eb p\u00ebrvjetor! Rroft\u00eb Shqip\u00ebria, rroft\u00eb Kosova, rroft\u00eb Kombi yn\u00eb\u201d,<\/span><\/i><span style=\"font-weight: 400;\"> tha Jahjaga n\u00eb ceremonin\u00eb e pritjes s\u00eb p\u00ebrfaq\u00ebsuesve nga Kosova, Maqedonia e Veriut dhe Mali i Zi, kryetar\u00ebt e komunave an\u00ebtare t\u00eb UBSHR-s\u00eb, bashkive t\u00eb Shqip\u00ebris\u00eb, komunat Arb\u00ebreshe, komuniteti shqiptar n\u00eb SHBA etj.q\u00eb do t\u00eb b\u00ebhen pjes\u00eb e Parad\u00ebs s\u00eb Shqiptar\u00ebve nes\u00ebr n\u00eb 28 N\u00ebntor.<\/span><\/span><\/p>\n","protected":false,"gt_translate_keys":[{"key":"rendered","format":"html"}]},"excerpt":{"rendered":"<p>Tirana do t\u00eb pres\u00eb nes\u00ebr nj\u00eb parad\u00eb t\u00eb madhe, ku shqiptar\u00eb nga e gjith\u00eb bota do t\u00eb parakalojn\u00eb n\u00eb Bulevardin \u201cD\u00ebshmor\u00ebt e Kombit\u201d. E pranishme do jet\u00eb dhe ish Presidentja e Kosoves. Atifete Jahjaga, e cila ka vler\u00ebsuar kryebshkiakun Erion Veliaj p\u00ebr idet\u00eb inovative dhe kreative q\u00eb sjell \u00e7do vit. \u00a0Duke folur p\u00ebr arritjet e [&hellip;]<\/p>\n","protected":false,"gt_translate_keys":[{"key":"rendered","format":"html"}]},"author":4,"featured_media":635187,"comment_status":"closed","ping_status":"closed","sticky":false,"template":"","format":"standard","meta":{"footnotes":""},"categories":[65],"tags":[],"class_list":["post-635186","post","type-post","status-publish","format-standard","has-post-thumbnail","hentry","category-lajme"],"gt_translate_keys":[{"key":"link","format":"url"}],"_links":{"self":[{"href":"https:\/\/www.hashtag.al\/index.php\/wp-json\/wp\/v2\/posts\/635186","targetHints":{"allow":["GET"]}}],"collection":[{"href":"https:\/\/www.hashtag.al\/index.php\/wp-json\/wp\/v2\/posts"}],"about":[{"href":"https:\/\/www.hashtag.al\/index.php\/wp-json\/wp\/v2\/types\/post"}],"author":[{"embeddable":true,"href":"https:\/\/www.hashtag.al\/index.php\/wp-json\/wp\/v2\/users\/4"}],"replies":[{"embeddable":true,"href":"https:\/\/www.hashtag.al\/index.php\/wp-json\/wp\/v2\/comments?post=635186"}],"version-history":[{"count":0,"href":"https:\/\/www.hashtag.al\/index.php\/wp-json\/wp\/v2\/posts\/635186\/revisions"}],"wp:featuredmedia":[{"embeddable":true,"href":"https:\/\/www.hashtag.al\/index.php\/wp-json\/wp\/v2\/media\/635187"}],"wp:attachment":[{"href":"https:\/\/www.hashtag.al\/index.php\/wp-json\/wp\/v2\/media?parent=635186"}],"wp:term":[{"taxonomy":"category","embeddable":true,"href":"https:\/\/www.hashtag.al\/index.php\/wp-json\/wp\/v2\/categories?post=635186"},{"taxonomy":"post_tag","embeddable":true,"href":"https:\/\/www.hashtag.al\/index.php\/wp-json\/wp\/v2\/tags?post=635186"}],"curies":[{"name":"wp","href":"https:\/\/api.w.org\/{rel}","templated":true}]}}