{"id":635120,"date":"2023-11-27T16:28:54","date_gmt":"2023-11-27T15:28:54","guid":{"rendered":"https:\/\/www.hashtag.al\/?p=635120"},"modified":"2023-11-27T16:28:54","modified_gmt":"2023-11-27T15:28:54","slug":"rama-ne-keshillin-e-atlantikut-kaosi-qe-sjell-hamasi-te-mos-ndikoje-ne-rajonin-tone","status":"publish","type":"post","link":"https:\/\/www.hashtag.al\/index.php\/2023\/11\/27\/rama-ne-keshillin-e-atlantikut-kaosi-qe-sjell-hamasi-te-mos-ndikoje-ne-rajonin-tone\/","title":{"rendered":"Rama n\u00eb K\u00ebshillin e Atlantikut: Kaosi q\u00eb sjell Hamasi t\u00eb mos ndikoj\u00eb n\u00eb rajonin ton\u00eb","gt_translate_keys":[{"key":"rendered","format":"text"}]},"content":{"rendered":"<p><span style=\"color: #000000;\"><a href=\"https:\/\/www.hashtag.al\/wp-content\/uploads\/2023\/11\/Screenshot-2023-11-27-162420.png\"><img loading=\"lazy\" decoding=\"async\" class=\"aligncenter size-full wp-image-635121\" src=\"https:\/\/www.hashtag.al\/wp-content\/uploads\/2023\/11\/Screenshot-2023-11-27-162420.png\" alt=\"\" width=\"616\" height=\"316\" srcset=\"https:\/\/www.hashtag.al\/wp-content\/uploads\/2023\/11\/Screenshot-2023-11-27-162420.png 616w, https:\/\/www.hashtag.al\/wp-content\/uploads\/2023\/11\/Screenshot-2023-11-27-162420-300x154.png 300w, https:\/\/www.hashtag.al\/wp-content\/uploads\/2023\/11\/Screenshot-2023-11-27-162420-614x316.png 614w, https:\/\/www.hashtag.al\/wp-content\/uploads\/2023\/11\/Screenshot-2023-11-27-162420-568x290.png 568w\" sizes=\"auto, (max-width: 616px) 100vw, 616px\" \/><\/a><\/span><\/p>\n<p><span style=\"color: #000000;\">Nga Vlora kryeministri Edi Rama zhvilloi nj\u00eb bashk\u00ebbisedim online n\u00eb K\u00ebshillin e Atlantikut mbi sfidat e rajonit dhe perspektiv\u00ebn Europiane.<\/span><\/p>\n<p><span style=\"color: #000000;\">Teksa foli mbi sfidat e rajonit, Rama n\u00ebnvizoi rrezikshm\u00ebrin\u00eb e luft\u00ebs mes Izraelit dhe Hamasit n\u00eb bot\u00eb.<\/span><\/p>\n<p><span style=\"color: #000000;\"><em>\u00a0\u201cLufta mes Izraelit dhe Hamasit \u00ebsht\u00eb v\u00ebrtet e rrezikshme, sepse Hamasi dhe ata q\u00eb e mb\u00ebshtesin jan\u00eb agjent\u00eb t\u00eb v\u00ebrtet\u00eb kaosi. Dhe ky kaos q\u00eb duan ta p\u00ebrhapin kudo jo vet\u00ebm n\u00eb Lindjen e Mesme mund t\u00eb ndikoj\u00eb dhe n\u00eb rajonin ton\u00eb n\u00ebse nuk jemi t\u00eb nd\u00ebrgjegjsh\u00ebm dhe nuk b\u00ebjm\u00eb gj\u00ebn\u00eb e duhur p\u00ebr ta mbajtur jasht\u00eb k\u00ebt\u00eb konflikt\u201d<\/em> tha Rama.<\/span><\/p>\n<p><span style=\"color: #000000;\"><em>\u201cDuhet t\u00eb mos biem pre e konfrontimeve dhe p\u00ebrshkall\u00ebzimeve por t\u00eb trefishojm\u00eb p\u00ebrpjekjet p\u00ebr t\u00eb normalizuar dhe b\u00ebr\u00eb paqe. Jam i inkurajuar nga ndryshimi n\u00eb qasje i autoriteteve t\u00eb Kosov\u00ebs duke pranuar n\u00eb parim asociacionin. Kryeministri dhe qeveria e Kosov\u00ebs d\u00ebshmuan vullnet t\u00eb r\u00ebnd\u00ebsish\u00ebm p\u00ebr t\u00eb ecur para dhe k\u00ebrkuar zgjidhje e jo alibi apo p\u00ebr t\u00eb k\u00ebrkuar t\u00eb shkuar\u00ebn n\u00eb vend t\u00eb s\u00eb ardhmes\u201d.<\/em><\/span><\/p>\n<p><span style=\"color: #000000;\">Rama u shpreh se \u201c<em>nes\u00ebr \u00ebsht\u00eb p\u00ebrvjetori i 111-t\u00eb i Pavar\u00ebsis\u00eb son\u00eb dhe besoj q\u00eb Shqip\u00ebria nuk ka qen\u00eb kurr\u00eb m\u00eb mir\u00eb, por po k\u00ebshtu edhe rajoni nuk ka qen\u00eb kurr\u00eb m\u00eb mir\u00eb\u201d.<\/em><\/span><\/p>\n<p><span style=\"color: #000000;\">Ai tha se edhe Shqip\u00ebria dhe rajoni kan\u00eb nevoj\u00eb shum\u00eb m\u00eb tep\u00ebr p\u00ebr t\u00eb ndjer\u00eb p\u00ebr t\u00eb qen\u00eb shum\u00eb m\u00eb mir\u00eb.<\/span><\/p>\n<p><span style=\"color: #000000;\"><em>\u201cKemi sfida q\u00eb shtrihen p\u00ebrpara nesh dhe jam nj\u00eb person q\u00eb beson fort te fakti q\u00eb nuk mund t\u00eb mendosh t\u00eb jesh m\u00eb mir\u00eb n\u00eb k\u00ebt\u00eb rajon, pa menduar t\u00eb b\u00ebsh nj\u00eb rajon m\u00eb t\u00eb mir\u00eb. N\u00eb k\u00ebt\u00eb bot\u00eb q\u00eb \u00ebsht\u00eb kaq e nd\u00ebrlidhur, na duhet t\u00eb m\u00ebsojm\u00eb dhe t\u00eb punojm\u00eb me bindjen e fort\u00eb se ajo \u00e7far\u00eb na duhet t\u00eb b\u00ebjm\u00eb \u00ebsht\u00eb si p\u00ebrmir\u00ebsimi i vendit ton\u00eb, rajonit dhe bot\u00ebs. N\u00eb t\u00eb kund\u00ebr t\u00eb b\u00ebsh nj\u00ebr\u00ebn pa tjetr\u00ebn nuk funksion<\/em>\u201d, tha ai.<\/span><\/p>\n<p><span style=\"color: #000000;\">Nj\u00eb nd\u00ebr \u00e7\u00ebshtjet m\u00eb t\u00eb m\u00ebdha n\u00eb rajon q\u00eb k\u00ebrkon zgjidhje, Rama tha se \u00ebsht\u00eb ajo mes kosov\u00ebs dhe Serbis\u00eb.<\/span><\/p>\n<p><span style=\"color: #000000;\"><em>&#8220;Kemi probleme p\u00ebr t\u00eb zgjidhur. Kemi ende nj\u00eb elefant t\u00eb madh n\u00eb dhom\u00eb q\u00eb ende nuk na jep at\u00eb pjes\u00ebz\u00ebn e fundit q\u00eb \u00ebsht\u00eb njohja reciproke mes Kosov\u00ebs dhe Serbis\u00eb. Kjo cop\u00ebz politike m\u00eb e v\u00ebshtira deri m\u00eb sot n\u00eb rajon, ka treguar se \u00ebsht\u00eb v\u00ebrtet\u00eb e domosdoshm\u00ebri. N\u00eb t\u00eb kund\u00ebrt kan\u00eb ndodhur hapa pas e mang\u00ebsira, t\u00eb cilat do t\u00eb vazhdojn\u00eb t\u00eb ndodhin&#8221;.<\/em><\/span><\/p>\n<p><span style=\"color: #000000;\">Kreu i qeveris\u00eb tha se zgjidhja p\u00ebrfundimtare duhet t\u00eb jet\u00eb me njohjen e plot\u00eb t\u00eb pavar\u00ebsis\u00eb s\u00eb Kosov\u00ebs dhe vendosjen e paqes.<\/span><\/p>\n<p><span style=\"color: #000000;\">\u201c<em>Ne jemi nj\u00eb rajon shum\u00eb fetar. Shqip\u00ebria \u00ebsht\u00eb nj\u00eb vend shum\u00eb fetar, ku mysliman\u00ebt e t\u00eb krishter\u00ebt jetojn\u00eb n\u00eb harmoni dhe deri m\u00eb tani ky ka qen\u00eb aseti yn\u00eb fantastik si nj\u00eb baz\u00eb p\u00ebr nj\u00eb shoq\u00ebri tolerante. Ja pse besoj pse lufta midis Izraelit dhe Hamasit \u00ebsht\u00eb v\u00ebrtet\u00eb e rrezikshme, sepse Hamasi dhe t\u00eb tjer\u00eb q\u00eb e mb\u00ebshtesin Hamasin jan\u00eb agjent\u00eb t\u00eb v\u00ebrtet\u00eb kaosi dhe ky kaos q\u00eb duan ta p\u00ebrhapin kudo jo vet\u00ebm n\u00eb Lindjen e Mesme, mundet t\u00eb ndikoj\u00eb edhe rajonin ton\u00eb, n\u00eb qoft\u00eb se nuk jemi plot\u00ebsisht t\u00eb vet\u00ebdijsh\u00ebm p\u00ebr k\u00ebt\u00eb dhe n\u00ebse nuk b\u00ebjm\u00eb gj\u00ebrat n\u00eb m\u00ebnyr\u00ebn e duhur p\u00ebr ta mbajtur kaosin jasht\u00eb dhe parandaluar q\u00eb konflikti t\u00eb na p\u00ebrfshij\u00eb t\u00eb gjith\u00ebve<\/em>\u201d, shtoi ai.<\/span><\/p>\n<p><span style=\"color: #000000;\"><em>&#8220;Ajo \u00e7far\u00eb ndodhi n\u00eb ngjarjen tejet tragjike pak muaj m\u00eb par\u00eb, ishte absolutisht nj\u00eb shenj\u00eb shum\u00eb e fort\u00eb dhe nj\u00eb k\u00ebmban\u00eb e mir\u00ebfillt\u00eb alarmi e potencialit q\u00eb ka nj\u00eb \u00e7\u00ebshtje e till\u00eb e pazgjidhur p\u00ebr t\u2019u b\u00ebr\u00eb nj\u00eb \u00e7\u00ebshtje vendimtare n\u00eb rrezikimin e paqes dhe bashk\u00ebpunimit rajonal&#8221;.<\/em><\/span><\/p>\n","protected":false,"gt_translate_keys":[{"key":"rendered","format":"html"}]},"excerpt":{"rendered":"<p>Nga Vlora kryeministri Edi Rama zhvilloi nj\u00eb bashk\u00ebbisedim online n\u00eb K\u00ebshillin e Atlantikut mbi sfidat e rajonit dhe perspektiv\u00ebn Europiane. Teksa foli mbi sfidat e rajonit, Rama n\u00ebnvizoi rrezikshm\u00ebrin\u00eb e luft\u00ebs mes Izraelit dhe Hamasit n\u00eb bot\u00eb. \u00a0\u201cLufta mes Izraelit dhe Hamasit \u00ebsht\u00eb v\u00ebrtet e rrezikshme, sepse Hamasi dhe ata q\u00eb e mb\u00ebshtesin jan\u00eb agjent\u00eb [&hellip;]<\/p>\n","protected":false,"gt_translate_keys":[{"key":"rendered","format":"html"}]},"author":30,"featured_media":635121,"comment_status":"closed","ping_status":"closed","sticky":false,"template":"","format":"standard","meta":{"footnotes":""},"categories":[65],"tags":[],"class_list":["post-635120","post","type-post","status-publish","format-standard","has-post-thumbnail","hentry","category-lajme"],"gt_translate_keys":[{"key":"link","format":"url"}],"_links":{"self":[{"href":"https:\/\/www.hashtag.al\/index.php\/wp-json\/wp\/v2\/posts\/635120","targetHints":{"allow":["GET"]}}],"collection":[{"href":"https:\/\/www.hashtag.al\/index.php\/wp-json\/wp\/v2\/posts"}],"about":[{"href":"https:\/\/www.hashtag.al\/index.php\/wp-json\/wp\/v2\/types\/post"}],"author":[{"embeddable":true,"href":"https:\/\/www.hashtag.al\/index.php\/wp-json\/wp\/v2\/users\/30"}],"replies":[{"embeddable":true,"href":"https:\/\/www.hashtag.al\/index.php\/wp-json\/wp\/v2\/comments?post=635120"}],"version-history":[{"count":0,"href":"https:\/\/www.hashtag.al\/index.php\/wp-json\/wp\/v2\/posts\/635120\/revisions"}],"wp:featuredmedia":[{"embeddable":true,"href":"https:\/\/www.hashtag.al\/index.php\/wp-json\/wp\/v2\/media\/635121"}],"wp:attachment":[{"href":"https:\/\/www.hashtag.al\/index.php\/wp-json\/wp\/v2\/media?parent=635120"}],"wp:term":[{"taxonomy":"category","embeddable":true,"href":"https:\/\/www.hashtag.al\/index.php\/wp-json\/wp\/v2\/categories?post=635120"},{"taxonomy":"post_tag","embeddable":true,"href":"https:\/\/www.hashtag.al\/index.php\/wp-json\/wp\/v2\/tags?post=635120"}],"curies":[{"name":"wp","href":"https:\/\/api.w.org\/{rel}","templated":true}]}}