{"id":634865,"date":"2023-11-26T13:22:41","date_gmt":"2023-11-26T12:22:41","guid":{"rendered":"https:\/\/www.hashtag.al\/?p=634865"},"modified":"2023-11-26T13:22:41","modified_gmt":"2023-11-26T12:22:41","slug":"kina-japonia-dhe-koreja-e-jugut-bien-dakord-per-forcimin-e-lidhjeve","status":"publish","type":"post","link":"https:\/\/www.hashtag.al\/index.php\/2023\/11\/26\/kina-japonia-dhe-koreja-e-jugut-bien-dakord-per-forcimin-e-lidhjeve\/","title":{"rendered":"Kina, Japonia dhe Koreja e Jugut bien dakord p\u00ebr forcimin e lidhjeve","gt_translate_keys":[{"key":"rendered","format":"text"}]},"content":{"rendered":"<p><a href=\"https:\/\/www.hashtag.al\/wp-content\/uploads\/2023\/11\/Kina-Japonia-dhe-Koreja-e-Jugut-scaled.jpg\"><img loading=\"lazy\" decoding=\"async\" class=\"size-full wp-image-634866\" src=\"https:\/\/www.hashtag.al\/wp-content\/uploads\/2023\/11\/Kina-Japonia-dhe-Koreja-e-Jugut-scaled.jpg\" alt=\"\" width=\"2560\" height=\"1707\" srcset=\"https:\/\/www.hashtag.al\/wp-content\/uploads\/2023\/11\/Kina-Japonia-dhe-Koreja-e-Jugut-scaled.jpg 2560w, https:\/\/www.hashtag.al\/wp-content\/uploads\/2023\/11\/Kina-Japonia-dhe-Koreja-e-Jugut-300x200.jpg 300w, https:\/\/www.hashtag.al\/wp-content\/uploads\/2023\/11\/Kina-Japonia-dhe-Koreja-e-Jugut-1024x683.jpg 1024w, https:\/\/www.hashtag.al\/wp-content\/uploads\/2023\/11\/Kina-Japonia-dhe-Koreja-e-Jugut-768x512.jpg 768w, https:\/\/www.hashtag.al\/wp-content\/uploads\/2023\/11\/Kina-Japonia-dhe-Koreja-e-Jugut-1536x1024.jpg 1536w, https:\/\/www.hashtag.al\/wp-content\/uploads\/2023\/11\/Kina-Japonia-dhe-Koreja-e-Jugut-2048x1366.jpg 2048w\" sizes=\"auto, (max-width: 2560px) 100vw, 2560px\" \/><\/a><\/p>\n<p><span style=\"color: #000000;\">Ministrat e Jasht\u00ebm t\u00eb Kin\u00ebs, Japonis\u00eb dhe Kores\u00eb s\u00eb Jugut, u pajtuan t\u00eb diel\u00ebn p\u00ebr rifillimin e bashk\u00ebpunimit fqinj\u00ebsor dhe p\u00ebr ta hapur rrug\u00ebn p\u00ebr nj\u00eb takim t\u00eb tre lider\u00ebve t\u00eb vendeve t\u00eb tyre, n\u00eb p\u00ebrpjekje p\u00ebr t\u2019i ulur tensionet n\u00eb rajonin jetik.<\/span><\/p>\n<p><span style=\"color: #000000;\">Edhe pse Kina dhe Shtetet e Bashkuara po i rregullojn\u00eb marr\u00ebdh\u00ebniet e tensionuara, p\u00ebrfshir\u00eb p\u00ebrmes nj\u00eb takimi mes president\u00ebve Xi Jinping dhe Joe Biden k\u00ebt\u00eb muaj, Pekini \u00ebsht\u00eb i shqet\u00ebsuar se Uashingtoni dhe aleat\u00ebt e saj rajonal\u00eb po e forcojn\u00eb partneritetin e tyre trepal\u00ebsh.<\/span><\/p>\n<p><span style=\"color: #000000;\">Pekini, Seuli dhe Tokio ishin pajtuar p\u00ebr takime vjetore prej vitit 2008, n\u00eb p\u00ebrpjekje p\u00ebr t\u2019i rritur shk\u00ebmbimet diplomatike dhe ekonomike, por mospajtimet mes pal\u00ebve dhe pandemia e COVID-19 i nd\u00ebrpreu ato plane. Takimi i fundit mes tre lider\u00ebve ndodhi m\u00eb 2019.<\/span><\/p>\n<p><span style=\"color: #000000;\">Tre diplomat\u00ebt u takuan n\u00eb portin e Kores\u00eb s\u00eb Jugut, Busan, p\u00ebr her\u00eb t\u00eb par\u00eb prej vitit 2019, pasi zyrtar\u00ebt e tri vendeve u pajtuan n\u00eb shtator p\u00ebr ta caktuar nj\u00eb takim trepal\u00ebsh \u201csa m\u00eb par\u00eb q\u00eb t\u00eb jet\u00eb e p\u00ebrshtatshme\u201d.<\/span><\/p>\n<p><span style=\"color: #000000;\">Tre ministrat nuk treguan se kur mund t\u00eb ndodh\u00eb samiti trepal\u00ebsh mes lider\u00ebve.<\/span><\/p>\n<p><span style=\"color: #000000;\">Presidenti i Kin\u00ebs Xi, kryeministri japonez Fumio Kishida dhe presidenti i Kores\u00eb s\u00eb Jugut, Yoon Suk Yeol, mund t\u00eb mos takohen k\u00ebt\u00eb vit, por samiti mes tyre pritet t\u00eb ndodh\u00eb n\u00eb t\u00eb ardhmen e af\u00ebrt, tha k\u00ebshilltari p\u00ebr siguri komb\u00ebtare i Kores\u00eb s\u00eb Jugut, Cho Tae-yong, p\u00ebr Yonhap TV.<\/span><\/p>\n<p><span style=\"color: #000000;\">Ministrat u pajtuan p\u00ebr ta rritur bashk\u00ebpunimin n\u00eb gjasht\u00eb fusha, p\u00ebrfshir\u00eb n\u00eb ato t\u00eb siguris\u00eb, ekonomis\u00eb dhe teknologjis\u00eb, si dhe p\u00ebr bisedime konkrete p\u00ebr t\u2019u p\u00ebrgatitur p\u00ebr samitin e lider\u00ebve, tha Ministria e Jashtme e Japonis\u00eb.<\/span><\/p>\n<p><span style=\"color: #000000;\">Ministri i Jasht\u00ebm i Kin\u00ebs, Wang Yi, tha se tri vendet duhet t\u00eb jen\u00eb m\u00eb t\u00eb gjalla n\u00eb promovimin e zhvillimit rajonal dhe global me nj\u00eb \u201cqasje dhe m\u00ebnyr\u00eb m\u00eb progresive\u201d.<\/span><\/p>\n<p><span style=\"color: #000000;\">Ministri i Jasht\u00ebm i Japonis\u00eb, Yoko Kamikawa, tha se bashk\u00ebpunimi ma i madh trepal\u00ebsh do t\u00eb ndihmonte paqen rajonale, pasi situata nd\u00ebrkomb\u00ebtare e siguris\u00eb \u00ebsht\u00eb b\u00ebr\u00eb \u201cm\u00eb e r\u00ebnd\u00eb dhe m\u00eb e nd\u00ebrlikuar se kurr\u00eb m\u00eb par\u00eb\u201d.<\/span><\/p>\n<p><span style=\"color: #000000;\">Nd\u00ebrkoh\u00eb, ministri i Jasht\u00ebm i Kores\u00eb s\u00eb Jugut, Park Jin, e ftoi Wangun p\u00ebr n\u00eb vizit\u00eb n\u00eb Seul dhe u pajtua me t\u00eb p\u00ebr p\u00ebrforcimin e komunikimeve strategjike, tha Seuli. Parku i k\u00ebrkoi Kin\u00ebs t\u00eb luaj\u00eb rol m\u00eb konstruktiv p\u00ebr ta nxitur Koren\u00eb e Veriut t\u2019i shmang\u00eb provokimet dhe ta filloj\u00eb \u00e7armatimin b\u00ebrthamor.<\/span><\/p>\n<p><span style=\"color: #000000;\">Wangu, n\u00eb an\u00ebn tjet\u00ebr, i k\u00ebrkoi Parkut t\u00eb mos i politizoj\u00eb \u00e7\u00ebshtjet ekonomike dhe teknologjike, n\u00eb nj\u00eb koh\u00eb tensionesh mes Kin\u00ebs dhe SHBA-s\u00eb p\u00ebr gjysm\u00ebp\u00ebr\u00e7uesit dhe mosmarr\u00ebveshjet e tjera tregtare.<\/span><\/p>\n<p><span style=\"color: #000000;\">N\u00eb korrik, Wang kishte paralajm\u00ebruar se p\u00ebrpjekjet e SHBA-s\u00eb p\u00ebr t\u2019i forcuar marr\u00ebdh\u00ebniet me Seulin dhe Tokion mund t\u00eb nxisnin tensione rajonale dhe konfrontime.<\/span><\/p>\n","protected":false,"gt_translate_keys":[{"key":"rendered","format":"html"}]},"excerpt":{"rendered":"<p>Ministrat e Jasht\u00ebm t\u00eb Kin\u00ebs, Japonis\u00eb dhe Kores\u00eb s\u00eb Jugut, u pajtuan t\u00eb diel\u00ebn p\u00ebr rifillimin e bashk\u00ebpunimit fqinj\u00ebsor dhe p\u00ebr ta hapur rrug\u00ebn p\u00ebr nj\u00eb takim t\u00eb tre lider\u00ebve t\u00eb vendeve t\u00eb tyre, n\u00eb p\u00ebrpjekje p\u00ebr t\u2019i ulur tensionet n\u00eb rajonin jetik. Edhe pse Kina dhe Shtetet e Bashkuara po i rregullojn\u00eb marr\u00ebdh\u00ebniet e [&hellip;]<\/p>\n","protected":false,"gt_translate_keys":[{"key":"rendered","format":"html"}]},"author":32,"featured_media":634866,"comment_status":"closed","ping_status":"closed","sticky":false,"template":"","format":"standard","meta":{"footnotes":""},"categories":[6,13],"tags":[],"class_list":["post-634865","post","type-post","status-publish","format-standard","has-post-thumbnail","hentry","category-nderkombetare","category-te-fundit"],"gt_translate_keys":[{"key":"link","format":"url"}],"_links":{"self":[{"href":"https:\/\/www.hashtag.al\/index.php\/wp-json\/wp\/v2\/posts\/634865","targetHints":{"allow":["GET"]}}],"collection":[{"href":"https:\/\/www.hashtag.al\/index.php\/wp-json\/wp\/v2\/posts"}],"about":[{"href":"https:\/\/www.hashtag.al\/index.php\/wp-json\/wp\/v2\/types\/post"}],"author":[{"embeddable":true,"href":"https:\/\/www.hashtag.al\/index.php\/wp-json\/wp\/v2\/users\/32"}],"replies":[{"embeddable":true,"href":"https:\/\/www.hashtag.al\/index.php\/wp-json\/wp\/v2\/comments?post=634865"}],"version-history":[{"count":0,"href":"https:\/\/www.hashtag.al\/index.php\/wp-json\/wp\/v2\/posts\/634865\/revisions"}],"wp:featuredmedia":[{"embeddable":true,"href":"https:\/\/www.hashtag.al\/index.php\/wp-json\/wp\/v2\/media\/634866"}],"wp:attachment":[{"href":"https:\/\/www.hashtag.al\/index.php\/wp-json\/wp\/v2\/media?parent=634865"}],"wp:term":[{"taxonomy":"category","embeddable":true,"href":"https:\/\/www.hashtag.al\/index.php\/wp-json\/wp\/v2\/categories?post=634865"},{"taxonomy":"post_tag","embeddable":true,"href":"https:\/\/www.hashtag.al\/index.php\/wp-json\/wp\/v2\/tags?post=634865"}],"curies":[{"name":"wp","href":"https:\/\/api.w.org\/{rel}","templated":true}]}}