{"id":634634,"date":"2023-11-25T18:41:00","date_gmt":"2023-11-25T17:41:00","guid":{"rendered":"https:\/\/www.hashtag.al\/?p=634634"},"modified":"2023-11-25T18:41:00","modified_gmt":"2023-11-25T17:41:00","slug":"kina-dhe-japonia-zotohen-te-permiresojne-marredheniet-mes-dy-vendeve","status":"publish","type":"post","link":"https:\/\/www.hashtag.al\/index.php\/2023\/11\/25\/kina-dhe-japonia-zotohen-te-permiresojne-marredheniet-mes-dy-vendeve\/","title":{"rendered":"Kina dhe Japonia zotohen t\u00eb p\u00ebrmir\u00ebsojn\u00eb marr\u00ebdh\u00ebniet mes dy vendeve","gt_translate_keys":[{"key":"rendered","format":"text"}]},"content":{"rendered":"<p style=\"text-align: left;\"><span style=\"color: #000000;\"><img loading=\"lazy\" decoding=\"async\" class=\"alignnone size-full wp-image-634635\" src=\"https:\/\/www.hashtag.al\/wp-content\/uploads\/2023\/11\/Screenshot-2023-11-25-125813.png\" alt=\"\" width=\"896\" height=\"478\" srcset=\"https:\/\/www.hashtag.al\/wp-content\/uploads\/2023\/11\/Screenshot-2023-11-25-125813.png 896w, https:\/\/www.hashtag.al\/wp-content\/uploads\/2023\/11\/Screenshot-2023-11-25-125813-300x160.png 300w, https:\/\/www.hashtag.al\/wp-content\/uploads\/2023\/11\/Screenshot-2023-11-25-125813-768x410.png 768w\" sizes=\"auto, (max-width: 896px) 100vw, 896px\" \/><\/span><\/p>\n<p style=\"text-align: left;\"><span style=\"color: #000000;\">Ministrat e Jasht\u00ebm t\u00eb Japonis\u00eb dhe Kin\u00ebs, Yoko Kamikawa dhe Wang Yi, n\u00eb nj\u00eb takim sot n\u00eb Busan t\u00eb Kores\u00eb s\u00eb Jugut, u zotuan se do t\u00eb punojn\u00eb s\u00eb bashku p\u00ebr t\u00eb p\u00ebrmir\u00ebsuar marr\u00ebdh\u00ebniet e tensionuara midis dy vendeve, bazuar n\u00eb nj\u00eb marr\u00ebveshje dypal\u00ebshe.<\/span><\/p>\n<p style=\"text-align: left;\"><span style=\"color: #000000;\">N\u00eb fillim t\u00eb takimit t\u00eb tyre t\u00eb par\u00eb n\u00eb qytetin port t\u00eb Kores\u00eb s\u00eb Jugut, Kamika\u00eba, e cila u b\u00eb ministre e jashtme e Japonis\u00eb n\u00eb shtator, i tha homologut t\u00eb saj kinez se ishte gati t\u00eb bashk\u00ebpunonte me t\u00eb, e udh\u00ebhequr nga direktivat e kryeministrit japonez Fumi Kishida dhe kinez\u00ebve.<\/span><\/p>\n<p style=\"text-align: left;\"><span style=\"color: #000000;\">Wang shprehu gjithashtu gatishm\u00ebrin\u00eb e tij p\u00ebr t\u00eb punuar me Japonin\u00eb p\u00ebr t\u00eb rivendosur marr\u00ebdh\u00ebniet dypal\u00ebshe.<\/span><\/p>\n","protected":false,"gt_translate_keys":[{"key":"rendered","format":"html"}]},"excerpt":{"rendered":"<p>Ministrat e Jasht\u00ebm t\u00eb Japonis\u00eb dhe Kin\u00ebs, Yoko Kamikawa dhe Wang Yi, n\u00eb nj\u00eb takim sot n\u00eb Busan t\u00eb Kores\u00eb s\u00eb Jugut, u zotuan se do t\u00eb punojn\u00eb s\u00eb bashku p\u00ebr t\u00eb p\u00ebrmir\u00ebsuar marr\u00ebdh\u00ebniet e tensionuara midis dy vendeve, bazuar n\u00eb nj\u00eb marr\u00ebveshje dypal\u00ebshe. N\u00eb fillim t\u00eb takimit t\u00eb tyre t\u00eb par\u00eb n\u00eb qytetin port [&hellip;]<\/p>\n","protected":false,"gt_translate_keys":[{"key":"rendered","format":"html"}]},"author":4,"featured_media":634635,"comment_status":"closed","ping_status":"closed","sticky":false,"template":"","format":"standard","meta":{"footnotes":""},"categories":[6],"tags":[],"class_list":["post-634634","post","type-post","status-publish","format-standard","has-post-thumbnail","hentry","category-nderkombetare"],"gt_translate_keys":[{"key":"link","format":"url"}],"_links":{"self":[{"href":"https:\/\/www.hashtag.al\/index.php\/wp-json\/wp\/v2\/posts\/634634","targetHints":{"allow":["GET"]}}],"collection":[{"href":"https:\/\/www.hashtag.al\/index.php\/wp-json\/wp\/v2\/posts"}],"about":[{"href":"https:\/\/www.hashtag.al\/index.php\/wp-json\/wp\/v2\/types\/post"}],"author":[{"embeddable":true,"href":"https:\/\/www.hashtag.al\/index.php\/wp-json\/wp\/v2\/users\/4"}],"replies":[{"embeddable":true,"href":"https:\/\/www.hashtag.al\/index.php\/wp-json\/wp\/v2\/comments?post=634634"}],"version-history":[{"count":0,"href":"https:\/\/www.hashtag.al\/index.php\/wp-json\/wp\/v2\/posts\/634634\/revisions"}],"wp:featuredmedia":[{"embeddable":true,"href":"https:\/\/www.hashtag.al\/index.php\/wp-json\/wp\/v2\/media\/634635"}],"wp:attachment":[{"href":"https:\/\/www.hashtag.al\/index.php\/wp-json\/wp\/v2\/media?parent=634634"}],"wp:term":[{"taxonomy":"category","embeddable":true,"href":"https:\/\/www.hashtag.al\/index.php\/wp-json\/wp\/v2\/categories?post=634634"},{"taxonomy":"post_tag","embeddable":true,"href":"https:\/\/www.hashtag.al\/index.php\/wp-json\/wp\/v2\/tags?post=634634"}],"curies":[{"name":"wp","href":"https:\/\/api.w.org\/{rel}","templated":true}]}}