{"id":634325,"date":"2023-11-23T23:50:25","date_gmt":"2023-11-23T22:50:25","guid":{"rendered":"https:\/\/www.hashtag.al\/?p=634325"},"modified":"2023-11-23T23:50:25","modified_gmt":"2023-11-23T22:50:25","slug":"serbia-heq-dore-nga-zhvillimi-i-votimeve-ne-kosove","status":"publish","type":"post","link":"https:\/\/www.hashtag.al\/index.php\/2023\/11\/23\/serbia-heq-dore-nga-zhvillimi-i-votimeve-ne-kosove\/","title":{"rendered":"Serbia heq dor\u00eb nga zhvillimi i votimeve n\u00eb Kosov\u00eb","gt_translate_keys":[{"key":"rendered","format":"text"}]},"content":{"rendered":"<p><span style=\"color: #000000;\"><a href=\"https:\/\/www.hashtag.al\/wp-content\/uploads\/2023\/11\/votime-serbe.jpg\"><img loading=\"lazy\" decoding=\"async\" class=\"aligncenter size-full wp-image-634326\" src=\"https:\/\/www.hashtag.al\/wp-content\/uploads\/2023\/11\/votime-serbe.jpg\" alt=\"\" width=\"600\" height=\"360\" srcset=\"https:\/\/www.hashtag.al\/wp-content\/uploads\/2023\/11\/votime-serbe.jpg 600w, https:\/\/www.hashtag.al\/wp-content\/uploads\/2023\/11\/votime-serbe-300x180.jpg 300w\" sizes=\"auto, (max-width: 600px) 100vw, 600px\" \/><\/a><\/span><\/p>\n<p><span style=\"color: #000000;\">Komisioni Republikan i Zgjedhjeve i Serbis\u00eb (KRZ) ka njoftuar sonte se nuk ka kushte p\u00ebr mbajtjen e zgjedhjeve n\u00eb Kosov\u00eb, k\u00ebshtu q\u00eb votuesit serb\u00eb nga Kosova do t\u00eb mund t\u00eb ushtrojn\u00eb t\u00eb drejt\u00ebn e tyre p\u00ebr votim n\u00eb Vranj\u00eb, Kurshumli, Rashk\u00eb dhe Tutin.<\/span><\/p>\n<p><span style=\"color: #000000;\">Si\u00e7 ka th\u00ebn\u00eb kryetari i KRZ-s\u00eb, Vladimir Dimitrijevi\u00e7, ata i kan\u00eb d\u00ebrguar nj\u00eb let\u00ebr s\u00eb ashtuquajtur\u00ebs Zyr\u00eb p\u00ebr Kosov\u00eb p\u00ebr m\u00ebnyrat se si mund t\u00eb mund\u00ebsohet votimi n\u00eb zgjedhjet n\u00eb Kosov\u00eb.<\/span><\/p>\n<p><span style=\"color: #000000;\">\u201cNe jemi njoftuar nga zyra se nuk \u00ebsht\u00eb e mundur t\u00eb zbatohet nj\u00eb procedur\u00eb zgjedhore n\u00eb Kosov\u00eb\u201d, tha Dimitrijevi\u00e7, raporton agjencia serbe e lajmeve <span style=\"color: #3366ff;\"><a style=\"color: #3366ff;\" href=\"https:\/\/beta.rs\/content\/194900-rik-glasaci-sa-kosova-glasace-u-vranju-kursumliji-raskoj-i-tutinu-proglasena-lista-djb-sds\">BETA<\/a><\/span>.<\/span><\/p>\n<p><span style=\"color: #000000;\">An\u00ebtari i KRZ-s\u00eb, Nemanja Stankoviq, propozoi q\u00eb KRZ t\u2019i drejtohet Qeveris\u00eb s\u00eb Serbis\u00eb p\u00ebr t\u2019iu drejtuar UNMIK-ut dhe organeve t\u00eb tjera, dhe t\u00eb mos heqin dor\u00eb leht\u00eb nga vota n\u00eb Kosov\u00eb.<\/span><\/p>\n<p><span style=\"color: #000000;\">An\u00ebtari tjet\u00ebr i KRZ-s\u00eb, Miroslav Vasi\u00e7, tha se nuk \u00ebsht\u00eb e qart\u00eb se kujt i \u00ebsht\u00eb drejtuar s\u00eb ashtuquajtur\u00ebs Zyr\u00eb p\u00ebr Kosov\u00eb dhe \u00e7far\u00eb p\u00ebrgjigje ka marr\u00eb, por se ka garantues nd\u00ebrkomb\u00ebtar\u00eb t\u00eb marr\u00ebveshjeve t\u00eb ndryshme dhe se kjo zhvendosje e vendvotimeve nuk duhet marr\u00eb leht\u00eb.<\/span><\/p>\n<p><span style=\"color: #000000;\">Nd\u00ebrsa Zhelka Radeta tha se deri n\u00eb vitin 2022, OSBE kishte rol n\u00eb zgjedhje, por tani nuk e ka m\u00eb nj\u00eb t\u00eb till\u00eb, nd\u00ebrsa e ashtuquajtura Zyra p\u00ebr Kosov\u00eb n\u00eb letr\u00ebn e saj ka treguar arsyet pse nuk ka mund\u00ebsi t\u00eb mbahen zgjedhjet serbe n\u00eb Kosov\u00eb dhe se \u201czhvendosja e vendvotimeve ishte vendimi i vet\u00ebm i mundsh\u00ebm dhe i drejt\u00eb\u201d.<\/span><\/p>\n","protected":false,"gt_translate_keys":[{"key":"rendered","format":"html"}]},"excerpt":{"rendered":"<p>Komisioni Republikan i Zgjedhjeve i Serbis\u00eb (KRZ) ka njoftuar sonte se nuk ka kushte p\u00ebr mbajtjen e zgjedhjeve n\u00eb Kosov\u00eb, k\u00ebshtu q\u00eb votuesit serb\u00eb nga Kosova do t\u00eb mund t\u00eb ushtrojn\u00eb t\u00eb drejt\u00ebn e tyre p\u00ebr votim n\u00eb Vranj\u00eb, Kurshumli, Rashk\u00eb dhe Tutin. Si\u00e7 ka th\u00ebn\u00eb kryetari i KRZ-s\u00eb, Vladimir Dimitrijevi\u00e7, ata i kan\u00eb d\u00ebrguar [&hellip;]<\/p>\n","protected":false,"gt_translate_keys":[{"key":"rendered","format":"html"}]},"author":32,"featured_media":634326,"comment_status":"closed","ping_status":"closed","sticky":false,"template":"","format":"standard","meta":{"footnotes":""},"categories":[149,13],"tags":[],"class_list":["post-634325","post","type-post","status-publish","format-standard","has-post-thumbnail","hentry","category-kosoverajon","category-te-fundit"],"gt_translate_keys":[{"key":"link","format":"url"}],"_links":{"self":[{"href":"https:\/\/www.hashtag.al\/index.php\/wp-json\/wp\/v2\/posts\/634325","targetHints":{"allow":["GET"]}}],"collection":[{"href":"https:\/\/www.hashtag.al\/index.php\/wp-json\/wp\/v2\/posts"}],"about":[{"href":"https:\/\/www.hashtag.al\/index.php\/wp-json\/wp\/v2\/types\/post"}],"author":[{"embeddable":true,"href":"https:\/\/www.hashtag.al\/index.php\/wp-json\/wp\/v2\/users\/32"}],"replies":[{"embeddable":true,"href":"https:\/\/www.hashtag.al\/index.php\/wp-json\/wp\/v2\/comments?post=634325"}],"version-history":[{"count":0,"href":"https:\/\/www.hashtag.al\/index.php\/wp-json\/wp\/v2\/posts\/634325\/revisions"}],"wp:featuredmedia":[{"embeddable":true,"href":"https:\/\/www.hashtag.al\/index.php\/wp-json\/wp\/v2\/media\/634326"}],"wp:attachment":[{"href":"https:\/\/www.hashtag.al\/index.php\/wp-json\/wp\/v2\/media?parent=634325"}],"wp:term":[{"taxonomy":"category","embeddable":true,"href":"https:\/\/www.hashtag.al\/index.php\/wp-json\/wp\/v2\/categories?post=634325"},{"taxonomy":"post_tag","embeddable":true,"href":"https:\/\/www.hashtag.al\/index.php\/wp-json\/wp\/v2\/tags?post=634325"}],"curies":[{"name":"wp","href":"https:\/\/api.w.org\/{rel}","templated":true}]}}