{"id":634172,"date":"2023-11-23T13:23:12","date_gmt":"2023-11-23T12:23:12","guid":{"rendered":"https:\/\/www.hashtag.al\/?p=634172"},"modified":"2023-11-23T13:23:12","modified_gmt":"2023-11-23T12:23:12","slug":"deputetet-e-perjashtuar-te-opozites-mberrijne-ne-kuvend-nuk-pengohen-nga-garda","status":"publish","type":"post","link":"https:\/\/www.hashtag.al\/index.php\/2023\/11\/23\/deputetet-e-perjashtuar-te-opozites-mberrijne-ne-kuvend-nuk-pengohen-nga-garda\/","title":{"rendered":"Deputet\u00ebt e p\u00ebrjashtuar t\u00eb opozit\u00ebs mb\u00ebrrijn\u00eb n\u00eb Kuvend, nuk pengohen nga Garda","gt_translate_keys":[{"key":"rendered","format":"text"}]},"content":{"rendered":"<p><img loading=\"lazy\" decoding=\"async\" class=\"size-full wp-image-634173 aligncenter\" src=\"https:\/\/www.hashtag.al\/wp-content\/uploads\/2023\/11\/deputetet-1.png\" alt=\"\" width=\"775\" height=\"455\" srcset=\"https:\/\/www.hashtag.al\/wp-content\/uploads\/2023\/11\/deputetet-1.png 775w, https:\/\/www.hashtag.al\/wp-content\/uploads\/2023\/11\/deputetet-1-300x176.png 300w, https:\/\/www.hashtag.al\/wp-content\/uploads\/2023\/11\/deputetet-1-768x451.png 768w\" sizes=\"auto, (max-width: 775px) 100vw, 775px\" \/><\/p>\n<p><span style=\"font-weight: 400; color: #000000;\">Deputetet e p\u00ebrjashtuar t\u00eb Partis\u00eb Demokratike kan\u00eb mb\u00ebrritur n\u00eb Kuvendin e Shqip\u00ebris\u00eb nd\u00ebrsa pritet t\u00eb zhvillohet mbledhja e Konferenc\u00ebs s\u00eb Kryetar\u00ebve.\u00a0<\/span><\/p>\n<p><span style=\"font-weight: 400; color: #000000;\">Midis deputet\u00ebve t\u00eb p\u00ebrjashtuar jan\u00eb Gazment Bardhi, Flamur Noka, Flamur Hoxha, Bledian Nallbati, etj. Ata nuk jan\u00eb penguar nga Garda e Republik\u00ebs t\u00eb hyjn\u00eb n\u00eb ambientet e kryesis\u00eb s\u00eb Kuvendit.<\/span><\/p>\n<p><span style=\"font-weight: 400; color: #000000;\">N\u00eb rendin e dit\u00ebs pritet t\u00eb zhvillohet shqyrtimi p\u00ebr draftprogramin dhe draftkalendarin e punimeve t\u00eb Kuvendit p\u00ebr periudh\u00ebn 27 n\u00ebntor-22 dhjetor. Nd\u00ebrkoh\u00eb n\u00eb draftkalendarin e punimeve p\u00ebr k\u00ebt\u00eb periudh\u00eb \u00ebsht\u00eb edhe marr\u00ebveshja e firmosur mes Italis\u00eb dhe Shqip\u00ebris\u00eb p\u00ebr strehimin e emigrant\u00ebve t\u00eb ardhur nga Afrika.<\/span><\/p>\n<p><span style=\"font-weight: 400; color: #000000;\">P\u00ebr ratifikimin e protokollit, nd\u00ebrmjet K\u00ebshillit t\u00eb Ministrave t\u00eb Republik\u00ebs s\u00eb Shqip\u00ebris\u00eb dhe Qeveris\u00eb s\u00eb Republik\u00ebs Italiane, p\u00ebr forcimin e bashk\u00ebpunimit n\u00eb fush\u00ebn e migracionit\u201d, i depozituar nga K\u00ebshilli i Ministrave n\u00eb dat\u00ebn 17 n\u00ebntor. Pas shqyrtimit n\u00eb komisionet parlamentare, pritet q\u00eb votimi n\u00eb seanc\u00eb plenare p\u00ebr marr\u00ebveshjen me Italin\u00eb t\u00eb b\u00ebhet n\u00eb 21 dhjetor.<\/span><\/p>\n<p><span style=\"font-weight: 400; color: #000000;\">M\u00eb 6 n\u00ebntor 2023 kryeministri Edi Rama dhe kryeministrja italiane Giorgia Meloni n\u00ebnshkruan n\u00eb Rom\u00eb marr\u00ebveshjen p\u00ebr nd\u00ebrtimin n\u00eb Shqip\u00ebri t\u00eb dy qendrave p\u00ebr strehimin e emigrant\u00ebve.<\/span><\/p>\n","protected":false,"gt_translate_keys":[{"key":"rendered","format":"html"}]},"excerpt":{"rendered":"<p>Deputetet e p\u00ebrjashtuar t\u00eb Partis\u00eb Demokratike kan\u00eb mb\u00ebrritur n\u00eb Kuvendin e Shqip\u00ebris\u00eb nd\u00ebrsa pritet t\u00eb zhvillohet mbledhja e Konferenc\u00ebs s\u00eb Kryetar\u00ebve.\u00a0 Midis deputet\u00ebve t\u00eb p\u00ebrjashtuar jan\u00eb Gazment Bardhi, Flamur Noka, Flamur Hoxha, Bledian Nallbati, etj. Ata nuk jan\u00eb penguar nga Garda e Republik\u00ebs t\u00eb hyjn\u00eb n\u00eb ambientet e kryesis\u00eb s\u00eb Kuvendit. N\u00eb rendin e dit\u00ebs [&hellip;]<\/p>\n","protected":false,"gt_translate_keys":[{"key":"rendered","format":"html"}]},"author":4,"featured_media":634173,"comment_status":"closed","ping_status":"closed","sticky":false,"template":"","format":"standard","meta":{"footnotes":""},"categories":[65],"tags":[],"class_list":["post-634172","post","type-post","status-publish","format-standard","has-post-thumbnail","hentry","category-lajme"],"gt_translate_keys":[{"key":"link","format":"url"}],"_links":{"self":[{"href":"https:\/\/www.hashtag.al\/index.php\/wp-json\/wp\/v2\/posts\/634172","targetHints":{"allow":["GET"]}}],"collection":[{"href":"https:\/\/www.hashtag.al\/index.php\/wp-json\/wp\/v2\/posts"}],"about":[{"href":"https:\/\/www.hashtag.al\/index.php\/wp-json\/wp\/v2\/types\/post"}],"author":[{"embeddable":true,"href":"https:\/\/www.hashtag.al\/index.php\/wp-json\/wp\/v2\/users\/4"}],"replies":[{"embeddable":true,"href":"https:\/\/www.hashtag.al\/index.php\/wp-json\/wp\/v2\/comments?post=634172"}],"version-history":[{"count":0,"href":"https:\/\/www.hashtag.al\/index.php\/wp-json\/wp\/v2\/posts\/634172\/revisions"}],"wp:featuredmedia":[{"embeddable":true,"href":"https:\/\/www.hashtag.al\/index.php\/wp-json\/wp\/v2\/media\/634173"}],"wp:attachment":[{"href":"https:\/\/www.hashtag.al\/index.php\/wp-json\/wp\/v2\/media?parent=634172"}],"wp:term":[{"taxonomy":"category","embeddable":true,"href":"https:\/\/www.hashtag.al\/index.php\/wp-json\/wp\/v2\/categories?post=634172"},{"taxonomy":"post_tag","embeddable":true,"href":"https:\/\/www.hashtag.al\/index.php\/wp-json\/wp\/v2\/tags?post=634172"}],"curies":[{"name":"wp","href":"https:\/\/api.w.org\/{rel}","templated":true}]}}