{"id":633925,"date":"2023-11-22T15:38:17","date_gmt":"2023-11-22T14:38:17","guid":{"rendered":"https:\/\/www.hashtag.al\/?p=633925"},"modified":"2023-11-22T15:38:17","modified_gmt":"2023-11-22T14:38:17","slug":"flaka-e-trazirat-ne-kuvend-perjashtohen-per-10-dite-kater-deputetet-e-pd-se","status":"publish","type":"post","link":"https:\/\/www.hashtag.al\/index.php\/2023\/11\/22\/flaka-e-trazirat-ne-kuvend-perjashtohen-per-10-dite-kater-deputetet-e-pd-se\/","title":{"rendered":"Flaka e trazirat n\u00eb Kuvend, p\u00ebrjashtohen p\u00ebr 10 dit\u00eb kat\u00ebr deputet\u00ebt e PD-s\u00eb","gt_translate_keys":[{"key":"rendered","format":"text"}]},"content":{"rendered":"<p><img loading=\"lazy\" decoding=\"async\" class=\"aligncenter size-full wp-image-633926\" src=\"https:\/\/www.hashtag.al\/wp-content\/uploads\/2023\/11\/kuvend.jpg\" alt=\"\" width=\"768\" height=\"512\" srcset=\"https:\/\/www.hashtag.al\/wp-content\/uploads\/2023\/11\/kuvend.jpg 768w, https:\/\/www.hashtag.al\/wp-content\/uploads\/2023\/11\/kuvend-300x200.jpg 300w\" sizes=\"auto, (max-width: 768px) 100vw, 768px\" \/><\/p>\n<p><span style=\"color: #000000;\">Komisioni i Etik\u00ebs ka p\u00ebrjashtuar me 10 dit\u00eb nga Kuvendi kat\u00ebr deputet\u00ebt demokrat\u00eb, Flamur Noka, Gazment Bardhi, Bledjon Nallbati dhe Flamur Hoxha. <\/span><\/p>\n<p><span style=\"color: #000000;\">Vendimi vjen pas k\u00ebrkes\u00ebs s\u00eb deputet\u00ebve t\u00eb PS-s\u00eb, t\u00eb cil\u00ebt k\u00ebrkuan p\u00ebrjashtimin e demokrat\u00ebve pas trazirave n\u00eb seanc\u00ebn e fundit n\u00eb Kuvend.<\/span><\/p>\n<p><span style=\"color: #000000;\">Nga p\u00ebrjashtimi kan\u00eb shp\u00ebtuar deputetet demokrate Sorina Koti e Albana Vokshi.<\/span><\/p>\n","protected":false,"gt_translate_keys":[{"key":"rendered","format":"html"}]},"excerpt":{"rendered":"<p>Komisioni i Etik\u00ebs ka p\u00ebrjashtuar me 10 dit\u00eb nga Kuvendi kat\u00ebr deputet\u00ebt demokrat\u00eb, Flamur Noka, Gazment Bardhi, Bledjon Nallbati dhe Flamur Hoxha. Vendimi vjen pas k\u00ebrkes\u00ebs s\u00eb deputet\u00ebve t\u00eb PS-s\u00eb, t\u00eb cil\u00ebt k\u00ebrkuan p\u00ebrjashtimin e demokrat\u00ebve pas trazirave n\u00eb seanc\u00ebn e fundit n\u00eb Kuvend. Nga p\u00ebrjashtimi kan\u00eb shp\u00ebtuar deputetet demokrate Sorina Koti e Albana Vokshi.<\/p>\n","protected":false,"gt_translate_keys":[{"key":"rendered","format":"html"}]},"author":51,"featured_media":633926,"comment_status":"closed","ping_status":"closed","sticky":false,"template":"","format":"standard","meta":{"footnotes":""},"categories":[65],"tags":[],"class_list":["post-633925","post","type-post","status-publish","format-standard","has-post-thumbnail","hentry","category-lajme"],"gt_translate_keys":[{"key":"link","format":"url"}],"_links":{"self":[{"href":"https:\/\/www.hashtag.al\/index.php\/wp-json\/wp\/v2\/posts\/633925","targetHints":{"allow":["GET"]}}],"collection":[{"href":"https:\/\/www.hashtag.al\/index.php\/wp-json\/wp\/v2\/posts"}],"about":[{"href":"https:\/\/www.hashtag.al\/index.php\/wp-json\/wp\/v2\/types\/post"}],"author":[{"embeddable":true,"href":"https:\/\/www.hashtag.al\/index.php\/wp-json\/wp\/v2\/users\/51"}],"replies":[{"embeddable":true,"href":"https:\/\/www.hashtag.al\/index.php\/wp-json\/wp\/v2\/comments?post=633925"}],"version-history":[{"count":0,"href":"https:\/\/www.hashtag.al\/index.php\/wp-json\/wp\/v2\/posts\/633925\/revisions"}],"wp:featuredmedia":[{"embeddable":true,"href":"https:\/\/www.hashtag.al\/index.php\/wp-json\/wp\/v2\/media\/633926"}],"wp:attachment":[{"href":"https:\/\/www.hashtag.al\/index.php\/wp-json\/wp\/v2\/media?parent=633925"}],"wp:term":[{"taxonomy":"category","embeddable":true,"href":"https:\/\/www.hashtag.al\/index.php\/wp-json\/wp\/v2\/categories?post=633925"},{"taxonomy":"post_tag","embeddable":true,"href":"https:\/\/www.hashtag.al\/index.php\/wp-json\/wp\/v2\/tags?post=633925"}],"curies":[{"name":"wp","href":"https:\/\/api.w.org\/{rel}","templated":true}]}}