{"id":633886,"date":"2023-11-22T13:39:18","date_gmt":"2023-11-22T12:39:18","guid":{"rendered":"https:\/\/www.hashtag.al\/?p=633886"},"modified":"2023-11-22T13:39:18","modified_gmt":"2023-11-22T12:39:18","slug":"si-pritet-te-ndryshoje-openai-pas-perfundimit-te-telenoveles-sam-altman","status":"publish","type":"post","link":"https:\/\/www.hashtag.al\/index.php\/2023\/11\/22\/si-pritet-te-ndryshoje-openai-pas-perfundimit-te-telenoveles-sam-altman\/","title":{"rendered":"Si pritet t\u00eb ndryshoj\u00eb OpenAI pas p\u00ebrfundimit t\u00eb &#8220;telenovel\u00ebs&#8221; Sam Altman","gt_translate_keys":[{"key":"rendered","format":"text"}]},"content":{"rendered":"<p><span style=\"color: #000000;\"><img loading=\"lazy\" decoding=\"async\" class=\"aligncenter size-full wp-image-633896\" src=\"https:\/\/www.hashtag.al\/wp-content\/uploads\/2023\/11\/ezgif.com-webp-to-jpg-32.jpg\" alt=\"\" width=\"2400\" height=\"1600\" srcset=\"https:\/\/www.hashtag.al\/wp-content\/uploads\/2023\/11\/ezgif.com-webp-to-jpg-32.jpg 2400w, https:\/\/www.hashtag.al\/wp-content\/uploads\/2023\/11\/ezgif.com-webp-to-jpg-32-300x200.jpg 300w, https:\/\/www.hashtag.al\/wp-content\/uploads\/2023\/11\/ezgif.com-webp-to-jpg-32-1024x683.jpg 1024w, https:\/\/www.hashtag.al\/wp-content\/uploads\/2023\/11\/ezgif.com-webp-to-jpg-32-768x512.jpg 768w, https:\/\/www.hashtag.al\/wp-content\/uploads\/2023\/11\/ezgif.com-webp-to-jpg-32-1536x1024.jpg 1536w, https:\/\/www.hashtag.al\/wp-content\/uploads\/2023\/11\/ezgif.com-webp-to-jpg-32-2048x1365.jpg 2048w\" sizes=\"auto, (max-width: 2400px) 100vw, 2400px\" \/><\/span><\/p>\n<p><span style=\"color: #000000;\">Krijuesi i ChatGPT OpenAI ka arritur nj\u00eb marr\u00ebveshje q\u00eb e sheh Sam Altman t\u00eb kthehet si shef disa dit\u00eb pas shkarkimit t\u00eb tij, duke mbyllur diskutimet e t\u00ebrbuara p\u00ebr t\u00eb ardhmen e startup-it n\u00eb qend\u00ebr t\u00eb nj\u00eb bumi t\u00eb inteligjenc\u00ebs artificiale.<\/span><\/p>\n<p><span style=\"color: #000000;\">Kompania gjithashtu ra dakord t\u00eb rinovoj\u00eb bordin e drejtor\u00ebve q\u00eb e kishte shkarkuar at\u00eb. OpenAI em\u00ebroi Bret Taylor, m\u00eb par\u00eb bashk\u00eb-shef i Salesforce, si kryetar dhe gjithashtu em\u00ebroi Larry Summers, ish-sekretarin e Thesarit t\u00eb SHBA-s\u00eb, n\u00eb bord.<\/span><\/p>\n<p><span style=\"color: #000000;\">Altman tha n\u00eb nj\u00eb postim n\u00eb X, <em>&#8220;Mezi pres t\u00eb kthehem n\u00eb openai&#8221;.<\/em><\/span><\/p>\n<p><span style=\"color: #000000;\"><img loading=\"lazy\" decoding=\"async\" class=\"aligncenter size-full wp-image-633888\" src=\"https:\/\/www.hashtag.al\/wp-content\/uploads\/2023\/11\/sam.png\" alt=\"\" width=\"869\" height=\"480\" srcset=\"https:\/\/www.hashtag.al\/wp-content\/uploads\/2023\/11\/sam.png 869w, https:\/\/www.hashtag.al\/wp-content\/uploads\/2023\/11\/sam-300x166.png 300w, https:\/\/www.hashtag.al\/wp-content\/uploads\/2023\/11\/sam-768x424.png 768w, https:\/\/www.hashtag.al\/wp-content\/uploads\/2023\/11\/sam-750x415.png 750w\" sizes=\"auto, (max-width: 869px) 100vw, 869px\" \/><\/span><\/p>\n<p><span style=\"color: #000000;\">Pasi Altman u shkarkua t\u00eb premten, bordi i vjet\u00ebr kishte dh\u00ebn\u00eb shpjegime t\u00eb pakta, p\u00ebrve\u00e7 se e kritikonte Altman p\u00ebr munges\u00eb \u00e7ilt\u00ebrsie dhe nevoj\u00ebs s\u00eb tij p\u00ebr t\u00eb mbrojtur misionin e OpenAI p\u00ebr t\u00eb zhvilluar Inteligjenc\u00ebn Artificiale nga e cila po p\u00ebrfitonte njer\u00ebzimi.<\/span><\/p>\n<p><span style=\"color: #000000;\">Marr\u00ebveshja p\u00ebr t\u00eb rikthyer Altman sjell nj\u00eb epok\u00eb potencialisht t\u00eb re p\u00ebr startup-in &#8211; nj\u00eb organizat\u00eb jofitimprur\u00ebse &#8211; e cila prej koh\u00ebsh kishte rritur shqet\u00ebsimet e stafit p\u00ebr rreziqet e AI dhe potencialin e saj p\u00ebr komercializim.<\/span><\/p>\n<p><span style=\"color: #000000;\">Riorganizimi i s\u00eb mart\u00ebs u duk se favorizonte Altman dhe mb\u00ebshtet\u00ebsin financiar Microsoft (MSFT.O), i cili po shp\u00ebrndan teknologjin\u00eb e OpenAI p\u00ebr klient\u00ebt e biznesit n\u00eb mbar\u00eb bot\u00ebn.<\/span><\/p>\n<p><span style=\"color: #000000;\">N\u00eb nj\u00eb deklarat\u00eb p\u00ebr X, shefi i Microsoft Satya Nadella p\u00ebrsh\u00ebndeti ndryshimet.<\/span><\/p>\n<p><span style=\"color: #000000;\"><em>&#8220;Ne besojm\u00eb se ky \u00ebsht\u00eb nj\u00eb hap i par\u00eb thelb\u00ebsor n\u00eb nj\u00eb rrug\u00eb drejt qeverisjes m\u00eb t\u00eb q\u00ebndrueshme, t\u00eb mir\u00ebinformuar dhe efektive,&#8221;<\/em> tha ai.<\/span><\/p>\n<p><span style=\"color: #000000;\"><img loading=\"lazy\" decoding=\"async\" class=\"aligncenter size-full wp-image-633892\" src=\"https:\/\/www.hashtag.al\/wp-content\/uploads\/2023\/11\/sam2.png\" alt=\"\" width=\"915\" height=\"645\" srcset=\"https:\/\/www.hashtag.al\/wp-content\/uploads\/2023\/11\/sam2.png 915w, https:\/\/www.hashtag.al\/wp-content\/uploads\/2023\/11\/sam2-300x211.png 300w, https:\/\/www.hashtag.al\/wp-content\/uploads\/2023\/11\/sam2-768x541.png 768w\" sizes=\"auto, (max-width: 915px) 100vw, 915px\" \/><\/span><\/p>\n<p><span style=\"color: #000000;\">Shefi i Quora, Adam D&#8217;Angelo do q\u00ebndroj\u00eb n\u00eb at\u00eb q\u00eb OpenAI e quajti &#8220;bordi fillestar&#8221; i ri. Nuk ishte menj\u00ebher\u00eb e qart\u00eb n\u00ebse drejtor\u00ebt e mbetur q\u00eb nuk kan\u00eb kapital n\u00eb OpenAI do ruanin vendet e tyre, ose n\u00ebse investitor\u00ebt n\u00eb nj\u00ebsin\u00eb e saj fitimprur\u00ebse &#8211; si pronari i 49% Microsoft &#8211; do em\u00ebroheshin aty.<\/span><\/p>\n<p><span style=\"color: #000000;\">Reuters m\u00eb her\u00ebt raportoi se disa investitor\u00eb po eksploronin rekurs ligjor pasi ngjarjet e jav\u00ebs k\u00ebrc\u00ebnuan t\u00eb ardhmen e OpenAI, q\u00eb s\u00eb fundmi pritet t\u00eb ket\u00eb nj\u00eb vler\u00ebsim m\u00eb shum\u00eb se 80 miliard\u00eb dollar\u00eb.<\/span><\/p>\n<p><span style=\"color: #000000;\">Z\u00ebdh\u00ebn\u00ebsit e startup-it nuk iu p\u00ebrgjigj\u00ebn menj\u00ebher\u00eb nj\u00eb k\u00ebrkese p\u00ebr koment.<\/span><\/p>\n<p><span style=\"color: #000000;\">Susannah Streeter, drejtuese e kapitalit dhe tregjeve n\u00eb \u201cHargreaves Lansdo\u00ebn\u201d, tha se rruga e OpenAI tani ishte e qart\u00eb nga trazirat e fundit dhe t\u00eb err\u00ebta me t\u00eb cilat u p\u00ebrball.<\/span><\/p>\n<p><span style=\"color: #000000;\"><em>&#8220;Pik\u00ebpamjet e Sam Altman p\u00ebr m\u00ebnyr\u00ebn e drejtimit t\u00eb kompanis\u00eb do mbizot\u00ebrojn\u00eb drejtimin e ardhsh\u00ebm, ve\u00e7an\u00ebrisht duke pasur parasysh se ai do mbik\u00ebqyret n\u00ebn nj\u00eb bord t\u00eb ri,&#8221;<\/em> tha Streeter.<\/span><\/p>\n<p><span style=\"color: #000000;\">\u201cPrecedenti Steve Jobs\u201d<\/span><\/p>\n<p><span style=\"color: #000000;\">Kthimi dramatik i Altman ka nxitur krahasime n\u00eb Silicon Valley me Steve Jobs, shefi i Apple, i cili u largua nga prodhuesi i kompjuterave n\u00eb nj\u00eb luft\u00eb pushteti n\u00eb 1985 p\u00ebr t&#8217;u rikthyer 12 vjet m\u00eb von\u00eb.<\/span><\/p>\n<p><span style=\"color: #000000;\">Altman mori p\u00ebrs\u00ebri mantelin e CEO pas kat\u00ebr dit\u00ebsh. Largimi i tij kishte nxitur menj\u00ebher\u00eb trazira n\u00eb OpenAI, me presidentin Greg Brockman q\u00eb dha dor\u00ebheqjen n\u00eb shenj\u00eb proteste. Deri t\u00eb diel\u00ebn, Altman u kthye n\u00eb zyrat e OpenAI duke pritur riem\u00ebrimin e tij t\u00eb shpejt\u00eb, kur bordi befasoi p\u00ebrs\u00ebri duke em\u00ebruar ish-shefin e T\u00ebitch, Emmett Shear si drejtues t\u00eb p\u00ebrkohsh\u00ebm.<\/span><\/p>\n<p><span style=\"color: #000000;\">N\u00eb nj\u00eb postim n\u00eb X t\u00eb mart\u00ebn, Shear tha se ai punoi &#8220;72 or\u00eb shum\u00eb intensive&#8221; p\u00ebr t\u00eb sjell\u00eb stabilitet dhe p\u00ebrfundimisht rikthimin e Altman p\u00ebrs\u00ebri n\u00eb OpenAI.<\/span><\/p>\n<p><span style=\"color: #000000;\"><em>&#8220;Kjo ishte rruga q\u00eb maksimizoi sigurin\u00eb s\u00eb bashku me veprimet e duhura nga t\u00eb gjith\u00eb aktor\u00ebt e p\u00ebrfshir\u00eb,&#8221;<\/em> tha ai.<\/span><\/p>\n<p><span style=\"color: #000000;\">Rikthimi i Altman u b\u00eb i mundur pjes\u00ebrisht nga Microsoft. Kur ai ishte pa pun\u00eb, shefi Nadella tha se Altman mund t\u00eb drejtonte nj\u00eb ekip t\u00eb ri k\u00ebrkimor s\u00eb bashku me Brockman dhe koleg\u00eb t\u00eb tjer\u00eb q\u00eb po largoheshin nga OpenAI.<\/span><\/p>\n<p><span style=\"color: #000000;\">Deri t\u00eb h\u00ebn\u00ebn, pothuajse i gjith\u00eb stafi prej 700 personash i OpenAI kishte k\u00ebrc\u00ebnuar se do largohej dhe do t&#8217;i bashkohej p\u00ebrpjekjeve t\u00eb Microsoft n\u00ebse bordi nuk t\u00ebrhiqej dhe t\u00eb rikthente Altman, sipas nj\u00eb letre t\u00eb rishikuar nga Reuters.<\/span><\/p>\n<p><span style=\"color: #000000;\">Ky k\u00ebrc\u00ebnim u mb\u00ebshtet nga fuqia e madhe kompjuterike e Microsoft-it, aseti kryesor q\u00eb fuqizon teknologjin\u00eb e OpenAI s\u00eb bashku me stafin e tij t\u00eb shkenc\u00ebtar\u00ebve kompjuterik\u00eb.<\/span><\/p>\n<p><span style=\"color: #000000;\">Bashk\u00ebthemeluesi dhe presidenti Brockman festoi me nj\u00eb selfie t\u00eb t\u00eb mart\u00ebn von\u00eb n\u00eb mbr\u00ebmje, pasi kishte tejkaluar afatin e fest\u00ebs s\u00eb Dit\u00ebs s\u00eb Fal\u00ebnderimeve n\u00eb SHBA.<\/span><\/p>\n<p><span style=\"color: #000000;\"><em>&#8220;Ne do t\u00eb kthehemi m\u00eb t\u00eb fort\u00eb dhe m\u00eb t\u00eb bashkuar se kurr\u00eb,&#8221;<\/em> tha ai.<\/span><\/p>\n<p><span style=\"color: #000000;\"><strong><span style=\"color: #ff0000;\">VINI RE<\/span><\/strong>: Ky material \u00ebsht\u00eb pron\u00ebsi intelektuale e <span style=\"color: #0000ff;\"><a style=\"color: #0000ff;\" href=\"https:\/\/www.reuters.com\/technology\/sam-altman-return-openai-ceo-2023-11-22\/\">Reuters<\/a><\/span><\/span><\/p>\n<p><span style=\"color: #000000;\">P\u00ebrgatiti p\u00ebr <span style=\"color: #0000ff;\">Hashtag.al,<\/span> Klodian Manjani<\/span><\/p>\n<p>&nbsp;<\/p>\n","protected":false,"gt_translate_keys":[{"key":"rendered","format":"html"}]},"excerpt":{"rendered":"<p>Krijuesi i ChatGPT OpenAI ka arritur nj\u00eb marr\u00ebveshje q\u00eb e sheh Sam Altman t\u00eb kthehet si shef disa dit\u00eb pas shkarkimit t\u00eb tij, duke mbyllur diskutimet e t\u00ebrbuara p\u00ebr t\u00eb ardhmen e startup-it n\u00eb qend\u00ebr t\u00eb nj\u00eb bumi t\u00eb inteligjenc\u00ebs artificiale. Kompania gjithashtu ra dakord t\u00eb rinovoj\u00eb bordin e drejtor\u00ebve q\u00eb e kishte shkarkuar at\u00eb. [&hellip;]<\/p>\n","protected":false,"gt_translate_keys":[{"key":"rendered","format":"html"}]},"author":51,"featured_media":633896,"comment_status":"closed","ping_status":"closed","sticky":false,"template":"","format":"standard","meta":{"footnotes":""},"categories":[22],"tags":[],"class_list":["post-633886","post","type-post","status-publish","format-standard","has-post-thumbnail","hentry","category-ballina"],"gt_translate_keys":[{"key":"link","format":"url"}],"_links":{"self":[{"href":"https:\/\/www.hashtag.al\/index.php\/wp-json\/wp\/v2\/posts\/633886","targetHints":{"allow":["GET"]}}],"collection":[{"href":"https:\/\/www.hashtag.al\/index.php\/wp-json\/wp\/v2\/posts"}],"about":[{"href":"https:\/\/www.hashtag.al\/index.php\/wp-json\/wp\/v2\/types\/post"}],"author":[{"embeddable":true,"href":"https:\/\/www.hashtag.al\/index.php\/wp-json\/wp\/v2\/users\/51"}],"replies":[{"embeddable":true,"href":"https:\/\/www.hashtag.al\/index.php\/wp-json\/wp\/v2\/comments?post=633886"}],"version-history":[{"count":0,"href":"https:\/\/www.hashtag.al\/index.php\/wp-json\/wp\/v2\/posts\/633886\/revisions"}],"wp:featuredmedia":[{"embeddable":true,"href":"https:\/\/www.hashtag.al\/index.php\/wp-json\/wp\/v2\/media\/633896"}],"wp:attachment":[{"href":"https:\/\/www.hashtag.al\/index.php\/wp-json\/wp\/v2\/media?parent=633886"}],"wp:term":[{"taxonomy":"category","embeddable":true,"href":"https:\/\/www.hashtag.al\/index.php\/wp-json\/wp\/v2\/categories?post=633886"},{"taxonomy":"post_tag","embeddable":true,"href":"https:\/\/www.hashtag.al\/index.php\/wp-json\/wp\/v2\/tags?post=633886"}],"curies":[{"name":"wp","href":"https:\/\/api.w.org\/{rel}","templated":true}]}}