{"id":633678,"date":"2023-11-21T19:36:31","date_gmt":"2023-11-21T18:36:31","guid":{"rendered":"https:\/\/www.hashtag.al\/?p=633678"},"modified":"2023-11-21T19:36:31","modified_gmt":"2023-11-21T18:36:31","slug":"avioni-vezhgues-i-shba-se-ngec-ne-brigjet-e-havait-video","status":"publish","type":"post","link":"https:\/\/www.hashtag.al\/index.php\/2023\/11\/21\/avioni-vezhgues-i-shba-se-ngec-ne-brigjet-e-havait-video\/","title":{"rendered":"Avioni v\u00ebzhgues i SHBA-s\u00eb ngec n\u00eb brigjet e Havait (Video)","gt_translate_keys":[{"key":"rendered","format":"text"}]},"content":{"rendered":"<p><span style=\"color: #000000;\"><img loading=\"lazy\" decoding=\"async\" class=\"aligncenter size-full wp-image-633684\" src=\"https:\/\/www.hashtag.al\/wp-content\/uploads\/2023\/11\/avioni1.jpg\" alt=\"\" width=\"768\" height=\"432\" srcset=\"https:\/\/www.hashtag.al\/wp-content\/uploads\/2023\/11\/avioni1.jpg 768w, https:\/\/www.hashtag.al\/wp-content\/uploads\/2023\/11\/avioni1-300x169.jpg 300w\" sizes=\"auto, (max-width: 768px) 100vw, 768px\" \/><\/span><\/p>\n<p><span style=\"color: #000000;\">Nj\u00eb avion zbulues i marin\u00ebs amerikane u zhyt n\u00eb Oqeanin Paq\u00ebsor pas nj\u00eb p\u00ebrpjekjeje t\u00eb d\u00ebshtuar p\u00ebr ulje n\u00eb nj\u00eb baz\u00eb t\u00eb Korpusit t\u00eb Marin\u00ebs n\u00eb Ha\u00ebaii t\u00eb h\u00ebn\u00ebn pasdite, than\u00eb zyrtar\u00ebt ushtarak\u00eb.<\/span><\/p>\n<p><span style=\"color: #000000;\">Aeroplani \u201cP-8A Poseidon\u201d kap\u00ebrceu nj\u00eb pist\u00eb n\u00eb baz\u00ebn e Marin\u00ebs n\u00eb Gjirin Kaneohe nd\u00ebrsa po p\u00ebrpiqej t\u00eb ulej, sipas z\u00ebdh\u00ebn\u00ebsit t\u00eb Korpusit t\u00eb Marin\u00ebs, Orlando Perez.<\/span><\/p>\n<p><span style=\"color: #000000;\">N\u00ebnt\u00eb an\u00ebtar\u00ebt e ekuipazhit t\u00eb aeroplanit ishin n\u00eb gjendje t\u00eb ktheheshin n\u00eb breg t\u00eb sigurt\u00eb, njoftuan Sh\u00ebrbimet Mjek\u00ebsore Emergjente t\u00eb Honolulus.<\/span><\/p>\n<p><span style=\"color: #000000;\">Mediat vendase shp\u00ebrndan\u00eb foto dhe pamje t\u00eb avionit pas p\u00ebrpjekjes s\u00eb d\u00ebshtuar t\u00eb uljes, me mjetin ajror q\u00eb notonte n\u00eb uj\u00ebrat e cek\u00ebta n\u00eb gjirin Kaneohe.<\/span><\/p>\n<p><span style=\"color: #000000;\">Deri m\u00eb tani, zyrtar\u00ebt ushtarak\u00eb kan\u00eb zbuluar pak holl\u00ebsi rreth incidentit, duke p\u00ebrfshir\u00eb at\u00eb q\u00eb mund ta ket\u00eb shkaktuar at\u00eb, dhe ende nuk kan\u00eb ofruar nj\u00eb afat kohor se kur do t\u00eb nxirret avioni nga deti. <\/span><\/p>\n<p><span style=\"color: #000000;\">Sipas nj\u00eb meteorologu t\u00eb Sh\u00ebrbimit Komb\u00ebtar t\u00eb Motit t\u00eb Honolulu-s, Thomas Vaughan, dukshm\u00ebria n\u00eb zon\u00eb ishte rreth 1.6 km dhe kushtet ishin me re dhe me shi n\u00eb koh\u00ebn e incidentit.<\/span><\/p>\n<div style=\"width: 1170px;\" class=\"wp-video\"><video class=\"wp-video-shortcode\" id=\"video-633678-1\" width=\"1170\" height=\"658\" preload=\"metadata\" controls=\"controls\"><source type=\"video\/mp4\" src=\"https:\/\/www.hashtag.al\/wp-content\/uploads\/2023\/11\/ssstwitter.com_1700585637658.mp4?_=1\" \/><a href=\"https:\/\/www.hashtag.al\/wp-content\/uploads\/2023\/11\/ssstwitter.com_1700585637658.mp4\">https:\/\/www.hashtag.al\/wp-content\/uploads\/2023\/11\/ssstwitter.com_1700585637658.mp4<\/a><\/video><\/div>\n","protected":false,"gt_translate_keys":[{"key":"rendered","format":"html"}]},"excerpt":{"rendered":"<p>Nj\u00eb avion zbulues i marin\u00ebs amerikane u zhyt n\u00eb Oqeanin Paq\u00ebsor pas nj\u00eb p\u00ebrpjekjeje t\u00eb d\u00ebshtuar p\u00ebr ulje n\u00eb nj\u00eb baz\u00eb t\u00eb Korpusit t\u00eb Marin\u00ebs n\u00eb Ha\u00ebaii t\u00eb h\u00ebn\u00ebn pasdite, than\u00eb zyrtar\u00ebt ushtarak\u00eb. Aeroplani \u201cP-8A Poseidon\u201d kap\u00ebrceu nj\u00eb pist\u00eb n\u00eb baz\u00ebn e Marin\u00ebs n\u00eb Gjirin Kaneohe nd\u00ebrsa po p\u00ebrpiqej t\u00eb ulej, sipas z\u00ebdh\u00ebn\u00ebsit t\u00eb Korpusit [&hellip;]<\/p>\n","protected":false,"gt_translate_keys":[{"key":"rendered","format":"html"}]},"author":51,"featured_media":633684,"comment_status":"closed","ping_status":"closed","sticky":false,"template":"","format":"standard","meta":{"footnotes":""},"categories":[53],"tags":[],"class_list":["post-633678","post","type-post","status-publish","format-standard","has-post-thumbnail","hentry","category-fast-foodi"],"gt_translate_keys":[{"key":"link","format":"url"}],"_links":{"self":[{"href":"https:\/\/www.hashtag.al\/index.php\/wp-json\/wp\/v2\/posts\/633678","targetHints":{"allow":["GET"]}}],"collection":[{"href":"https:\/\/www.hashtag.al\/index.php\/wp-json\/wp\/v2\/posts"}],"about":[{"href":"https:\/\/www.hashtag.al\/index.php\/wp-json\/wp\/v2\/types\/post"}],"author":[{"embeddable":true,"href":"https:\/\/www.hashtag.al\/index.php\/wp-json\/wp\/v2\/users\/51"}],"replies":[{"embeddable":true,"href":"https:\/\/www.hashtag.al\/index.php\/wp-json\/wp\/v2\/comments?post=633678"}],"version-history":[{"count":0,"href":"https:\/\/www.hashtag.al\/index.php\/wp-json\/wp\/v2\/posts\/633678\/revisions"}],"wp:featuredmedia":[{"embeddable":true,"href":"https:\/\/www.hashtag.al\/index.php\/wp-json\/wp\/v2\/media\/633684"}],"wp:attachment":[{"href":"https:\/\/www.hashtag.al\/index.php\/wp-json\/wp\/v2\/media?parent=633678"}],"wp:term":[{"taxonomy":"category","embeddable":true,"href":"https:\/\/www.hashtag.al\/index.php\/wp-json\/wp\/v2\/categories?post=633678"},{"taxonomy":"post_tag","embeddable":true,"href":"https:\/\/www.hashtag.al\/index.php\/wp-json\/wp\/v2\/tags?post=633678"}],"curies":[{"name":"wp","href":"https:\/\/api.w.org\/{rel}","templated":true}]}}