{"id":633631,"date":"2023-11-21T16:54:46","date_gmt":"2023-11-21T15:54:46","guid":{"rendered":"https:\/\/www.hashtag.al\/?p=633631"},"modified":"2023-11-21T16:54:46","modified_gmt":"2023-11-21T15:54:46","slug":"osmani-e-padrejte-qe-projekti-per-asociacionin-nuk-ndahet-me-opoziten-pres-qe-autoret-te-japin-miratimin","status":"publish","type":"post","link":"https:\/\/www.hashtag.al\/index.php\/2023\/11\/21\/osmani-e-padrejte-qe-projekti-per-asociacionin-nuk-ndahet-me-opoziten-pres-qe-autoret-te-japin-miratimin\/","title":{"rendered":"Osmani: E padrejt\u00eb q\u00eb projekti p\u00ebr Asociacionin nuk ndahet me opozit\u00ebn, pres q\u00eb autor\u00ebt t\u00eb japin miratimin","gt_translate_keys":[{"key":"rendered","format":"text"}]},"content":{"rendered":"<p><span style=\"color: #000000;\"><a href=\"https:\/\/www.hashtag.al\/wp-content\/uploads\/2022\/05\/Vjosa-Osmani-600x360-1.jpg\"><img loading=\"lazy\" decoding=\"async\" class=\"aligncenter size-full wp-image-526977\" src=\"https:\/\/www.hashtag.al\/wp-content\/uploads\/2022\/05\/Vjosa-Osmani-600x360-1.jpg\" alt=\"\" width=\"600\" height=\"360\" srcset=\"https:\/\/www.hashtag.al\/wp-content\/uploads\/2022\/05\/Vjosa-Osmani-600x360-1.jpg 600w, https:\/\/www.hashtag.al\/wp-content\/uploads\/2022\/05\/Vjosa-Osmani-600x360-1-300x180.jpg 300w\" sizes=\"auto, (max-width: 600px) 100vw, 600px\" \/><\/a><\/span><\/p>\n<p><span style=\"color: #000000;\">Presidentja e Kosov\u00ebs, Vjosa Osmani, k\u00ebrkon q\u00eb drafti i Asociacionit p\u00ebr komunat me shumic\u00eb serbe t\u00eb ndahet edhe me opozit\u00ebn.<\/span><\/p>\n<p><span style=\"color: #000000;\">Presidentja Osmani e cil\u00ebson t\u00eb padrejt\u00eb k\u00ebrkes\u00ebn e nd\u00ebrkomb\u00ebtar\u00ebve q\u00eb t\u00eb mos b\u00ebjn\u00eb publike p\u00ebrmbajtjen e projekt-statutit.<\/span><\/p>\n<p><span style=\"color: #000000;\">Osmani shpreson q\u00eb s\u00eb shpejti emisar\u00ebt nd\u00ebrkomb\u00ebtar\u00eb t\u00eb japin miratimin p\u00ebr ndarjen e dokumentit me partit\u00eb e opozit\u00ebs pasi p\u00ebrfaq\u00ebsojn\u00eb qytetar\u00ebt e Kosov\u00ebs.<\/span><\/p>\n<p><span style=\"color: #000000;\">\u201c<em>Meqen\u00ebse \u00ebsht\u00eb k\u00ebrkes\u00eb e vet\u00eb emisar\u00ebve nd\u00ebrkomb\u00ebtar\u00eb q\u00eb mos t\u2019i b\u00ebjm\u00eb publike komentet pa e b\u00ebr\u00eb ata vet\u00eb publike draftin q\u00eb e kan\u00eb propozuar, do ta respektoj k\u00ebt\u00eb k\u00ebrkes\u00eb, edhe pse mendoj se q\u00eb nga fillimi ka qen\u00eb e padrejt\u00eb dhe t\u00ebr\u00ebsisht e paarsyeshme q\u00eb ky draft t\u00eb mos ndahen me lider\u00ebt e opozit\u00ebs, ata p\u00ebrfaq\u00ebsojn\u00eb si parti politike qytetar\u00eb t\u00eb Kosov\u00ebs, k\u00ebshtu q\u00eb si presidente kam insistuar q\u00eb ky draft t\u00eb ndahet edhe me ta dhe shpresoj shum\u00eb q\u00eb s\u00eb shpejti ata q\u00eb jan\u00eb autor\u00eb t\u00eb k\u00ebtij dokumenti do ta japin miratimin p\u00ebr nj\u00eb gj\u00eb t\u00eb till\u00eb<\/em>\u201d, tha Presidentja.<\/span><\/p>\n","protected":false,"gt_translate_keys":[{"key":"rendered","format":"html"}]},"excerpt":{"rendered":"<p>Presidentja e Kosov\u00ebs, Vjosa Osmani, k\u00ebrkon q\u00eb drafti i Asociacionit p\u00ebr komunat me shumic\u00eb serbe t\u00eb ndahet edhe me opozit\u00ebn. Presidentja Osmani e cil\u00ebson t\u00eb padrejt\u00eb k\u00ebrkes\u00ebn e nd\u00ebrkomb\u00ebtar\u00ebve q\u00eb t\u00eb mos b\u00ebjn\u00eb publike p\u00ebrmbajtjen e projekt-statutit. Osmani shpreson q\u00eb s\u00eb shpejti emisar\u00ebt nd\u00ebrkomb\u00ebtar\u00eb t\u00eb japin miratimin p\u00ebr ndarjen e dokumentit me partit\u00eb e opozit\u00ebs [&hellip;]<\/p>\n","protected":false,"gt_translate_keys":[{"key":"rendered","format":"html"}]},"author":32,"featured_media":526977,"comment_status":"closed","ping_status":"closed","sticky":false,"template":"","format":"standard","meta":{"footnotes":""},"categories":[149,13],"tags":[],"class_list":["post-633631","post","type-post","status-publish","format-standard","has-post-thumbnail","hentry","category-kosoverajon","category-te-fundit"],"gt_translate_keys":[{"key":"link","format":"url"}],"_links":{"self":[{"href":"https:\/\/www.hashtag.al\/index.php\/wp-json\/wp\/v2\/posts\/633631","targetHints":{"allow":["GET"]}}],"collection":[{"href":"https:\/\/www.hashtag.al\/index.php\/wp-json\/wp\/v2\/posts"}],"about":[{"href":"https:\/\/www.hashtag.al\/index.php\/wp-json\/wp\/v2\/types\/post"}],"author":[{"embeddable":true,"href":"https:\/\/www.hashtag.al\/index.php\/wp-json\/wp\/v2\/users\/32"}],"replies":[{"embeddable":true,"href":"https:\/\/www.hashtag.al\/index.php\/wp-json\/wp\/v2\/comments?post=633631"}],"version-history":[{"count":0,"href":"https:\/\/www.hashtag.al\/index.php\/wp-json\/wp\/v2\/posts\/633631\/revisions"}],"wp:featuredmedia":[{"embeddable":true,"href":"https:\/\/www.hashtag.al\/index.php\/wp-json\/wp\/v2\/media\/526977"}],"wp:attachment":[{"href":"https:\/\/www.hashtag.al\/index.php\/wp-json\/wp\/v2\/media?parent=633631"}],"wp:term":[{"taxonomy":"category","embeddable":true,"href":"https:\/\/www.hashtag.al\/index.php\/wp-json\/wp\/v2\/categories?post=633631"},{"taxonomy":"post_tag","embeddable":true,"href":"https:\/\/www.hashtag.al\/index.php\/wp-json\/wp\/v2\/tags?post=633631"}],"curies":[{"name":"wp","href":"https:\/\/api.w.org\/{rel}","templated":true}]}}