{"id":633617,"date":"2023-11-21T15:48:22","date_gmt":"2023-11-21T14:48:22","guid":{"rendered":"https:\/\/www.hashtag.al\/?p=633617"},"modified":"2023-11-21T15:48:22","modified_gmt":"2023-11-21T14:48:22","slug":"azerbajxhani-akuzon-francen-per-nxitje-te-luftes-ne-rajonin-e-kaukazit","status":"publish","type":"post","link":"https:\/\/www.hashtag.al\/index.php\/2023\/11\/21\/azerbajxhani-akuzon-francen-per-nxitje-te-luftes-ne-rajonin-e-kaukazit\/","title":{"rendered":"Azerbajxhani akuzon Franc\u00ebn p\u00ebr nxitje t\u00eb luft\u00ebs n\u00eb rajonin e Kaukazit","gt_translate_keys":[{"key":"rendered","format":"text"}]},"content":{"rendered":"<p><span style=\"color: #000000;\"><a style=\"color: #000000;\" href=\"https:\/\/www.hashtag.al\/wp-content\/uploads\/2023\/11\/Aliyev-Macron.jpg\"><img loading=\"lazy\" decoding=\"async\" class=\"aligncenter size-full wp-image-633620\" src=\"https:\/\/www.hashtag.al\/wp-content\/uploads\/2023\/11\/Aliyev-Macron.jpg\" alt=\"\" width=\"698\" height=\"465\" srcset=\"https:\/\/www.hashtag.al\/wp-content\/uploads\/2023\/11\/Aliyev-Macron.jpg 698w, https:\/\/www.hashtag.al\/wp-content\/uploads\/2023\/11\/Aliyev-Macron-300x200.jpg 300w\" sizes=\"auto, (max-width: 698px) 100vw, 698px\" \/><\/a><\/span><\/p>\n<p><span style=\"color: #000000;\">Presidenti i Azerbajxhanit, Ilham Aliyev, akuzoi Franc\u00ebn se po krijon kushtet p\u00ebr nj\u00eb luft\u00eb t\u00eb re n\u00eb Kaukazin Jugor, duke furnizuar me arm\u00eb Armenin\u00eb.<\/span><\/p>\n<p><span style=\"color: #000000;\">Muajin e kaluar, Franca arriti kontrata t\u00eb reja p\u00ebr t\u00eb furnizuar me pajisje ushtarake Armenin\u00eb.<\/span><\/p>\n<p><span style=\"color: #000000;\">\u201cFranca destabilizon jo vet\u00ebm shtetet q\u00eb ka pasur koloni n\u00eb t\u00eb kaluar\u00ebn dhe q\u00eb ka tani, por edhe rajonin ton\u00eb, Kaukazin Jugor, duke mb\u00ebshtetur tendencat separatiste dhe separatist\u00ebt\u201d, tha Aliyev gjat\u00eb nj\u00eb konference p\u00ebr shkolonizimin n\u00eb Baku.<\/span><\/p>\n<p><span style=\"color: #000000;\">\u201cDuke armatosur Armenin\u00eb, ajo zbaton politika ushtarake, inkurajon forcat revanshiste n\u00eb Armeni dhe p\u00ebrgatit terrenin p\u00ebr nisjen e luft\u00ebrave t\u00eb reja n\u00eb rajonin ton\u00eb\u201d, shtoi presidenti azerbajxhanas.<\/span><\/p>\n<p><span style=\"color: #000000;\">Ende nuk ka ndonj\u00eb reagim nga Parisi p\u00ebr k\u00ebto deklarata.<\/span><\/p>\n<p><span style=\"color: #000000;\">Baku dhe Jerevani kan\u00eb zhvilluar dy luft\u00ebra n\u00eb tri dekadat e fundit, por Aliyev sh\u00ebnoi nj\u00eb fitore t\u00eb r\u00ebnd\u00ebsishme n\u00eb shtator duke rimarr\u00eb rajonin e kontestuar t\u00eb Kabarakut, ku armen\u00ebt etnik\u00eb kishin g\u00ebzuar nj\u00eb pavar\u00ebsi de facto q\u00eb nga fillimi i viteve \u201990. Mbi 100.000 armen\u00eb etnik\u00eb q\u00eb nga ofensiva e shtatorit jan\u00eb larguar p\u00ebr n\u00eb Armeni.<\/span><\/p>\n<p><span style=\"color: #000000;\">Azerbajxhani tani \u00ebsht\u00eb n\u00eb nj\u00eb pozit\u00eb t\u00eb fuqishme p\u00ebr t\u00eb fituar avantazhe n\u00eb nj\u00eb marr\u00ebveshje t\u00eb paqes me Armenin\u00eb. Por, Bakuja gjithnj\u00eb e m\u00eb shum\u00eb po merr nj\u00eb q\u00ebndrim t\u00eb ashp\u00ebr ndaj shteteve per\u00ebndimore, ve\u00e7mas ndaj Franc\u00ebs dhe Shteteve t\u00eb Bashkuara \u2013 dy shtete q\u00eb kan\u00eb komunitete t\u00eb m\u00ebdha t\u00eb armen\u00ebve etnik\u00eb.<\/span><\/p>\n<p><span style=\"color: #000000;\">Bashkimi Evropian, SHBA-ja dhe Rusia p\u00ebr vite t\u00eb t\u00ebra kan\u00eb tentuar q\u00eb t\u00eb nd\u00ebrmjet\u00ebsojn\u00eb nj\u00eb marr\u00ebveshje t\u00eb paqes mes Azerbajxhanit dhe Armenis\u00eb. Por, deri m\u00eb tani k\u00ebto p\u00ebrpjekje kan\u00eb d\u00ebshtuar.<\/span><\/p>\n<p><span style=\"color: #000000;\">N\u00eb her\u00ebt gjat\u00eb jav\u00ebs, kryeministri i Armenis\u00eb, Nikol Pashinyan, fal\u00ebnderoi BE-n\u00eb p\u00ebr pun\u00ebn q\u00eb po b\u00ebn q\u00eb t\u00eb sjell\u00eb m\u00eb af\u00ebr nj\u00eb marr\u00ebveshje t\u00eb paqes, por tha se t\u00eb dyja pal\u00ebt \u201cende po flasin me gjuh\u00eb t\u00eb ndryshme diplomatike\u201d.<\/span><\/p>\n","protected":false,"gt_translate_keys":[{"key":"rendered","format":"html"}]},"excerpt":{"rendered":"<p>Presidenti i Azerbajxhanit, Ilham Aliyev, akuzoi Franc\u00ebn se po krijon kushtet p\u00ebr nj\u00eb luft\u00eb t\u00eb re n\u00eb Kaukazin Jugor, duke furnizuar me arm\u00eb Armenin\u00eb. Muajin e kaluar, Franca arriti kontrata t\u00eb reja p\u00ebr t\u00eb furnizuar me pajisje ushtarake Armenin\u00eb. \u201cFranca destabilizon jo vet\u00ebm shtetet q\u00eb ka pasur koloni n\u00eb t\u00eb kaluar\u00ebn dhe q\u00eb ka tani, [&hellip;]<\/p>\n","protected":false,"gt_translate_keys":[{"key":"rendered","format":"html"}]},"author":32,"featured_media":633620,"comment_status":"closed","ping_status":"closed","sticky":false,"template":"","format":"standard","meta":{"footnotes":""},"categories":[6,13],"tags":[],"class_list":["post-633617","post","type-post","status-publish","format-standard","has-post-thumbnail","hentry","category-nderkombetare","category-te-fundit"],"gt_translate_keys":[{"key":"link","format":"url"}],"_links":{"self":[{"href":"https:\/\/www.hashtag.al\/index.php\/wp-json\/wp\/v2\/posts\/633617","targetHints":{"allow":["GET"]}}],"collection":[{"href":"https:\/\/www.hashtag.al\/index.php\/wp-json\/wp\/v2\/posts"}],"about":[{"href":"https:\/\/www.hashtag.al\/index.php\/wp-json\/wp\/v2\/types\/post"}],"author":[{"embeddable":true,"href":"https:\/\/www.hashtag.al\/index.php\/wp-json\/wp\/v2\/users\/32"}],"replies":[{"embeddable":true,"href":"https:\/\/www.hashtag.al\/index.php\/wp-json\/wp\/v2\/comments?post=633617"}],"version-history":[{"count":0,"href":"https:\/\/www.hashtag.al\/index.php\/wp-json\/wp\/v2\/posts\/633617\/revisions"}],"wp:featuredmedia":[{"embeddable":true,"href":"https:\/\/www.hashtag.al\/index.php\/wp-json\/wp\/v2\/media\/633620"}],"wp:attachment":[{"href":"https:\/\/www.hashtag.al\/index.php\/wp-json\/wp\/v2\/media?parent=633617"}],"wp:term":[{"taxonomy":"category","embeddable":true,"href":"https:\/\/www.hashtag.al\/index.php\/wp-json\/wp\/v2\/categories?post=633617"},{"taxonomy":"post_tag","embeddable":true,"href":"https:\/\/www.hashtag.al\/index.php\/wp-json\/wp\/v2\/tags?post=633617"}],"curies":[{"name":"wp","href":"https:\/\/api.w.org\/{rel}","templated":true}]}}