{"id":633583,"date":"2023-11-21T14:21:30","date_gmt":"2023-11-21T13:21:30","guid":{"rendered":"https:\/\/www.hashtag.al\/?p=633583"},"modified":"2023-11-21T14:24:54","modified_gmt":"2023-11-21T13:24:54","slug":"berzh-vetem-ne-shqiperi-nuk-eshte-rritur-kenaqesia-per-te-jetuar-ndryshe-nga-gjithe-europa-lindore-me-e-ulet-edhe-se-ne-2006-en","status":"publish","type":"post","link":"https:\/\/www.hashtag.al\/index.php\/2023\/11\/21\/berzh-vetem-ne-shqiperi-nuk-eshte-rritur-kenaqesia-per-te-jetuar-ndryshe-nga-gjithe-europa-lindore-me-e-ulet-edhe-se-ne-2006-en\/","title":{"rendered":"BERZH: Vet\u00ebm n\u00eb Shqip\u00ebri nuk \u00ebsht\u00eb rritur k\u00ebnaq\u00ebsia p\u00ebr t\u00eb jetuar, m\u00eb e ul\u00ebt se n\u00eb 2006-\u00ebn","gt_translate_keys":[{"key":"rendered","format":"text"}]},"content":{"rendered":"<p><img loading=\"lazy\" decoding=\"async\" class=\" wp-image-633584 aligncenter\" src=\"https:\/\/www.hashtag.al\/wp-content\/uploads\/2023\/11\/sheshi-new.jpg\" alt=\"\" width=\"810\" height=\"422\" srcset=\"https:\/\/www.hashtag.al\/wp-content\/uploads\/2023\/11\/sheshi-new.jpg 768w, https:\/\/www.hashtag.al\/wp-content\/uploads\/2023\/11\/sheshi-new-300x156.jpg 300w\" sizes=\"auto, (max-width: 810px) 100vw, 810px\" \/><br \/>\n<span style=\"font-weight: 400; color: #000000;\">N\u00eb t\u00eb gjitha vendet e Europ\u00ebs Juglindore e Ballkanit Per\u00ebndimor, k\u00ebnaq\u00ebsia p\u00ebr t\u00eb jetuar \u00ebsht\u00eb rritur duksh\u00ebm n\u00eb krahasim me vitin 2016, duke reflektuar p\u00ebrmir\u00ebsimin e t\u00eb ardhurave.<\/span><\/p>\n<p><span style=\"font-weight: 400; color: #000000;\">Por, kjo gj\u00eb nuk ka ndodhur n\u00eb Shqip\u00ebri. Ndon\u00ebse vendi ka pasur nd\u00ebr rritjet m\u00eb t\u00eb larta t\u00eb ekonomis\u00eb n\u00eb rajon, k\u00ebnaq\u00ebsia p\u00ebr t\u00eb jetuar nuk ka ndryshuar. Madje k\u00ebnaq\u00ebsia p\u00ebr t\u00eb jetuar \u00ebsht\u00eb m\u00eb e ul\u00ebt se n\u00eb 2066-n. E dh\u00ebna \u00ebsht\u00eb b\u00ebr\u00eb e ditur nga raporti i fundit t\u00eb tranzicionit t\u00eb Bank\u00ebs Europiane p\u00ebr Rind\u00ebrtim dhe Zhvillim (BERZH).<\/span><\/p>\n<p><span style=\"font-weight: 400; color: #000000;\"><em>\u201cRezultatet e k\u00ebnaq\u00ebsis\u00eb jan\u00eb rritur me kalimin e koh\u00ebs n\u00eb shumic\u00ebn e ekonomive Nj\u00eb rajon q\u00eb ka b\u00ebr\u00eb p\u00ebrparim t\u00eb konsideruesh\u00ebm q\u00eb nga viti 2016 \u00ebsht\u00eb Europa Juglindore (e cila p\u00ebrfshin t\u00eb dy (i) vendet an\u00ebtare t\u00eb Bashkimit Evropian (BE), Bullgarin\u00eb dhe Rumanin\u00eb, dhe (ii) Ballkani Per\u00ebndimor), me pothuajse t\u00eb gjitha vendet q\u00eb sh\u00ebnojn\u00eb rritje t\u00eb ndjeshme t\u00eb k\u00ebnaq\u00ebsis\u00eb (p\u00ebrjashtimi i vet\u00ebm \u00ebsht\u00eb Shqip\u00ebria, ku ky rezultat ka mbetur pak a shum\u00eb i pandryshuar). Nd\u00ebrkoh\u00eb, p\u00ebrqindja e njer\u00ebzve t\u00eb k\u00ebnaqur n\u00eb Greqi \u00ebsht\u00eb dyfishuar q\u00eb nga viti 2016, duke reflektuar p\u00ebrmir\u00ebsime dramatike n\u00eb situat\u00ebn ekonomike t\u00eb vendit gjat\u00eb gjasht\u00eb apo shtat\u00eb viteve t\u00eb fundit\u201d,<\/em> thuhet n\u00eb raport.<\/span><\/p>\n<p><span style=\"font-weight: 400; color: #000000;\">Sipas grafikut q\u00eb shoq\u00ebron raportin, niveli i k\u00ebnaq\u00ebsis\u00eb s\u00eb jetes\u00ebs s\u00eb shqiptar\u00ebve \u00ebsht\u00eb nj\u00eblloj si n\u00eb vitin 2016, nd\u00ebrkoh\u00eb q\u00eb \u00ebsht\u00eb dhe m\u00eb e ul\u00ebt se n\u00eb vitin 2006, kur ka filluar matja e k\u00ebtij indeksi.<\/span><\/p>\n<p><span style=\"font-weight: 400; color: #000000;\">Madje n\u00eb 2006-n, Shqip\u00ebria ishte nj\u00eb nga vendet q\u00eb kishte k\u00ebnaq\u00ebsin\u00eb m\u00eb t\u00eb lart\u00eb t\u00eb t\u00eb jetuarit n\u00eb rajonin e BERZH. Nd\u00ebrsa n\u00eb 2022, vendi renditet nd\u00ebr t\u00eb fundit n\u00eb rajonin e BERZH, s\u00eb bashku me Maqedonin\u00eb e Veriut, Hungarin\u00eb, Turqin\u00eb, Lituanin\u00eb. Gjithsesi n\u00eb Maqedonin\u00eb e Veriut, psh, k\u00ebnaq\u00ebsia e t\u00eb jetuarit \u00ebsht\u00eb m\u00eb e larta historike n\u00eb 2022, kur n\u00eb 2006-n ishte nd\u00ebr m\u00eb t\u00eb ul\u00ebtat n\u00eb rajon.<\/span><\/p>\n<p><span style=\"font-weight: 400; color: #000000;\">Kosova \u00ebsht\u00eb nj\u00eb nga shtetet m\u00eb optimiste n\u00eb rajonin e BERZH, e treta pas Sllovenis\u00eb dhe Estonis\u00eb nga shtetet e Europ\u00ebs, me nj\u00eb rritje t\u00eb ndjeshme n\u00eb krahasim me raportet e m\u00ebparshme. Pas shtetasve t\u00eb Kosov\u00ebs, renditet Serbia, e m\u00eb pas Bosnj\u00eb Hercegovina.<\/span><\/p>\n<p><span style=\"font-weight: 400; color: #000000;\">Sipas Raportit t\u00eb BERZH, rritja mesatare e k\u00ebnaq\u00ebsis\u00eb s\u00eb jetes\u00ebs n\u00eb rajon \u201cndoshta reflekton rritjen e t\u00eb ardhurave, zhvillime t\u00eb favorshme n\u00eb tregjet e pun\u00ebs (duke p\u00ebrfshir\u00eb nj\u00eb zhvendosje drejt pun\u00ebve m\u00eb t\u00eb k\u00ebnaqshme dhe me aft\u00ebsi m\u00eb t\u00eb larta) dhe p\u00ebrmir\u00ebsime n\u00eb sh\u00ebndet.<\/span><\/p>\n<p><span style=\"font-weight: 400; color: #000000;\">Ve\u00e7an\u00ebrisht, vler\u00ebsimet e njer\u00ebzve p\u00ebr sh\u00ebndetin e tyre jan\u00eb p\u00ebrmir\u00ebsuar ndjesh\u00ebm me kalimin e koh\u00ebs, me vler\u00ebsime t\u00eb tilla q\u00eb p\u00ebrfshijn\u00eb jo vet\u00ebm aspektet fizike, por edhe sh\u00ebndetin mendor. Rezultatet e sondazhit tregojn\u00eb se shqet\u00ebsimi mendor shoq\u00ebrohet me k\u00ebnaq\u00ebsi m\u00eb t\u00eb ul\u00ebt dhe priret t\u00eb jet\u00eb m\u00eb i p\u00ebrhapur n\u00eb vendet m\u00eb t\u00eb varfra dhe n\u00eb mesin e individ\u00ebve q\u00eb jan\u00eb financiarisht t\u00eb pasigurt\u201d.<\/span><\/p>\n<p><span style=\"font-weight: 400; color: #000000;\">Me sa duket t\u00eb gjith\u00eb k\u00ebto element\u00eb q\u00eb ndikuan n\u00eb p\u00ebrmir\u00ebsimin e k\u00ebnaq\u00ebsis\u00eb s\u00eb t\u00eb jetuarit n\u00eb rajon, n\u00eb Shqip\u00ebri nuk jan\u00eb p\u00ebrmir\u00ebsuar (sh\u00ebnim i Monitor).<\/span><\/p>\n<p><span style=\"font-weight: 400; color: #000000;\">Rritja e lumturis\u00eb me kalimin e koh\u00ebs ka qen\u00eb e gjer\u00eb dhe jo e p\u00ebrqendruar n\u00eb grupe t\u00eb caktuara. N\u00eb t\u00eb gjitha grupmoshat, nivelet e k\u00ebnaq\u00ebsis\u00eb nga jeta jan\u00eb, mesatarisht, duksh\u00ebm m\u00eb t\u00eb larta se sa n\u00eb vitin 2006, si dhe jan\u00eb m\u00eb t\u00eb larta se n\u00eb 2010 dhe 2016.<\/span><\/p>\n<p><span style=\"font-weight: 400; color: #000000;\">P\u00ebr t\u00eb dyja gjinit\u00eb, lumturia bie n\u00eb m\u00ebnyr\u00eb t\u00eb q\u00ebndrueshme me rritjen e mosh\u00ebs, por p\u00ebrmir\u00ebsohet s\u00ebrish n\u00eb vitet e m\u00ebvonshme. K\u00ebshtu, t\u00eb dh\u00ebnat p\u00ebrputhen me modelin n\u00eb form\u00eb U-je, q\u00eb gjendet n\u00eb shumic\u00ebn e literatur\u00ebs mbi lumturin\u00eb, megjith\u00ebse pika e kthes\u00ebs vjen pak m\u00eb von\u00eb se zakonisht n\u00eb rajonet e BERZH-it. Nivelet e k\u00ebnaq\u00ebsis\u00eb nga jeta jan\u00eb rritur gjithashtu n\u00eb m\u00ebnyr\u00eb t\u00eb q\u00ebndrueshme si n\u00eb zonat urbane ashtu edhe n\u00eb ato rurale.<\/span><\/p>\n<p><span style=\"font-weight: 400; color: #000000;\"> <img loading=\"lazy\" decoding=\"async\" class=\"alignnone size-full wp-image-633586\" src=\"https:\/\/www.hashtag.al\/wp-content\/uploads\/2023\/11\/chart2.jpg\" alt=\"\" width=\"743\" height=\"518\" srcset=\"https:\/\/www.hashtag.al\/wp-content\/uploads\/2023\/11\/chart2.jpg 743w, https:\/\/www.hashtag.al\/wp-content\/uploads\/2023\/11\/chart2-300x209.jpg 300w, https:\/\/www.hashtag.al\/wp-content\/uploads\/2023\/11\/chart2-360x252.jpg 360w\" sizes=\"auto, (max-width: 743px) 100vw, 743px\" \/><\/span><\/p>\n<p><span style=\"color: #000000;\"><span style=\"font-weight: 400;\"><span style=\"color: #ff0000;\">VINI RE:<\/span> Ky material \u00ebsht\u00eb pron\u00ebsi intelektuale e <\/span><span style=\"color: #3366ff;\"><a style=\"color: #3366ff;\" href=\"https:\/\/www.monitor.al\/berzh-vetem-ne-shqiperi-nuk-eshte-rritur-kenaqesia-per-te-jetuar-ndryshe-nga-gjithe-europa-lindore-me-e-ulet-edhe-se-ne-2006-n\/\"><span style=\"font-weight: 400;\">Monitor<\/span><\/a><span style=\"font-weight: 400;\">.<\/span><\/span><\/span><\/p>\n","protected":false,"gt_translate_keys":[{"key":"rendered","format":"html"}]},"excerpt":{"rendered":"<p>N\u00eb t\u00eb gjitha vendet e Europ\u00ebs Juglindore e Ballkanit Per\u00ebndimor, k\u00ebnaq\u00ebsia p\u00ebr t\u00eb jetuar \u00ebsht\u00eb rritur duksh\u00ebm n\u00eb krahasim me vitin 2016, duke reflektuar p\u00ebrmir\u00ebsimin e t\u00eb ardhurave. Por, kjo gj\u00eb nuk ka ndodhur n\u00eb Shqip\u00ebri. Ndon\u00ebse vendi ka pasur nd\u00ebr rritjet m\u00eb t\u00eb larta t\u00eb ekonomis\u00eb n\u00eb rajon, k\u00ebnaq\u00ebsia p\u00ebr t\u00eb jetuar nuk ka [&hellip;]<\/p>\n","protected":false,"gt_translate_keys":[{"key":"rendered","format":"html"}]},"author":4,"featured_media":633584,"comment_status":"closed","ping_status":"closed","sticky":false,"template":"","format":"standard","meta":{"footnotes":""},"categories":[65],"tags":[],"class_list":["post-633583","post","type-post","status-publish","format-standard","has-post-thumbnail","hentry","category-lajme"],"gt_translate_keys":[{"key":"link","format":"url"}],"_links":{"self":[{"href":"https:\/\/www.hashtag.al\/index.php\/wp-json\/wp\/v2\/posts\/633583","targetHints":{"allow":["GET"]}}],"collection":[{"href":"https:\/\/www.hashtag.al\/index.php\/wp-json\/wp\/v2\/posts"}],"about":[{"href":"https:\/\/www.hashtag.al\/index.php\/wp-json\/wp\/v2\/types\/post"}],"author":[{"embeddable":true,"href":"https:\/\/www.hashtag.al\/index.php\/wp-json\/wp\/v2\/users\/4"}],"replies":[{"embeddable":true,"href":"https:\/\/www.hashtag.al\/index.php\/wp-json\/wp\/v2\/comments?post=633583"}],"version-history":[{"count":0,"href":"https:\/\/www.hashtag.al\/index.php\/wp-json\/wp\/v2\/posts\/633583\/revisions"}],"wp:featuredmedia":[{"embeddable":true,"href":"https:\/\/www.hashtag.al\/index.php\/wp-json\/wp\/v2\/media\/633584"}],"wp:attachment":[{"href":"https:\/\/www.hashtag.al\/index.php\/wp-json\/wp\/v2\/media?parent=633583"}],"wp:term":[{"taxonomy":"category","embeddable":true,"href":"https:\/\/www.hashtag.al\/index.php\/wp-json\/wp\/v2\/categories?post=633583"},{"taxonomy":"post_tag","embeddable":true,"href":"https:\/\/www.hashtag.al\/index.php\/wp-json\/wp\/v2\/tags?post=633583"}],"curies":[{"name":"wp","href":"https:\/\/api.w.org\/{rel}","templated":true}]}}