{"id":633351,"date":"2023-11-20T20:15:49","date_gmt":"2023-11-20T19:15:49","guid":{"rendered":"https:\/\/www.hashtag.al\/?p=633351"},"modified":"2023-11-20T20:15:49","modified_gmt":"2023-11-20T19:15:49","slug":"sylvinho-e-ndan-mendjen-5-ndryshime-ndaj-ishujve-faroe","status":"publish","type":"post","link":"https:\/\/www.hashtag.al\/index.php\/2023\/11\/20\/sylvinho-e-ndan-mendjen-5-ndryshime-ndaj-ishujve-faroe\/","title":{"rendered":"Sylvinho e ndan mendjen, 5 ndryshime ndaj Ishujve Faroe","gt_translate_keys":[{"key":"rendered","format":"text"}]},"content":{"rendered":"<p><img loading=\"lazy\" decoding=\"async\" class=\"aligncenter size-full wp-image-633359\" src=\"https:\/\/www.hashtag.al\/wp-content\/uploads\/2023\/11\/asanidaku.png\" alt=\"\" width=\"915\" height=\"559\" srcset=\"https:\/\/www.hashtag.al\/wp-content\/uploads\/2023\/11\/asanidaku.png 915w, https:\/\/www.hashtag.al\/wp-content\/uploads\/2023\/11\/asanidaku-300x183.png 300w, https:\/\/www.hashtag.al\/wp-content\/uploads\/2023\/11\/asanidaku-768x469.png 768w\" sizes=\"auto, (max-width: 915px) 100vw, 915px\" \/><\/p>\n<p><span style=\"color: #000000;\">Trajneri Brazilian Sylvinho ka b\u00ebr\u00eb 5 ndryshime n\u00eb formacion p\u00ebr ndeshjen e fundit n\u00eb grup ndaj\u00a0 Ishujve Faroe.<\/span><\/p>\n<p><span style=\"color: #000000;\"> Skema do jet\u00eb e nj\u00ebjta 4-3-3 nd\u00ebrsa n\u00eb fush\u00eb do zbresin q\u00eb nga minuta e par\u00eb Strakosha n\u00eb port\u00eb, Balliu n\u00eb mbrojtje, Bare n\u00eb mesfush\u00eb e Uzuni e Daku n\u00eb sulm. <\/span><\/p>\n<p><span style=\"color: #000000;\">Ndryshimet n\u00eb formacion ishin paralajm\u00ebruar nga braziliani pas ndeshjes ndaj Moldavis\u00eb.<\/span><\/p>\n<p><span style=\"color: #000000;\"> Takimi i sot\u00ebm do k\u00ebrkohet t\u00eb fitohet nga komb\u00ebtarja si dhurat\u00eb p\u00ebr tifoz\u00ebt e p\u00ebr t\u00eb ruajtur vendin e par\u00eb n\u00eb grup.<\/span><\/p>\n<p><span style=\"color: #000000;\"><strong>Formacioni i mundsh\u00ebm<\/strong><\/span><\/p>\n<p><span style=\"color: #000000;\">Shqip\u00ebria (4-3-3): Strakosha; Ismajli, Gjimshiti, Balliu, Mitaj; Asllani, Bare, Bajrami; Uzuni, Asani, Daku Trajner: Sylvinho<\/span><\/p>\n","protected":false,"gt_translate_keys":[{"key":"rendered","format":"html"}]},"excerpt":{"rendered":"<p>Trajneri Brazilian Sylvinho ka b\u00ebr\u00eb 5 ndryshime n\u00eb formacion p\u00ebr ndeshjen e fundit n\u00eb grup ndaj\u00a0 Ishujve Faroe. Skema do jet\u00eb e nj\u00ebjta 4-3-3 nd\u00ebrsa n\u00eb fush\u00eb do zbresin q\u00eb nga minuta e par\u00eb Strakosha n\u00eb port\u00eb, Balliu n\u00eb mbrojtje, Bare n\u00eb mesfush\u00eb e Uzuni e Daku n\u00eb sulm. Ndryshimet n\u00eb formacion ishin paralajm\u00ebruar nga [&hellip;]<\/p>\n","protected":false,"gt_translate_keys":[{"key":"rendered","format":"html"}]},"author":51,"featured_media":633359,"comment_status":"closed","ping_status":"closed","sticky":false,"template":"","format":"standard","meta":{"footnotes":""},"categories":[134],"tags":[],"class_list":["post-633351","post","type-post","status-publish","format-standard","has-post-thumbnail","hentry","category-sport"],"gt_translate_keys":[{"key":"link","format":"url"}],"_links":{"self":[{"href":"https:\/\/www.hashtag.al\/index.php\/wp-json\/wp\/v2\/posts\/633351","targetHints":{"allow":["GET"]}}],"collection":[{"href":"https:\/\/www.hashtag.al\/index.php\/wp-json\/wp\/v2\/posts"}],"about":[{"href":"https:\/\/www.hashtag.al\/index.php\/wp-json\/wp\/v2\/types\/post"}],"author":[{"embeddable":true,"href":"https:\/\/www.hashtag.al\/index.php\/wp-json\/wp\/v2\/users\/51"}],"replies":[{"embeddable":true,"href":"https:\/\/www.hashtag.al\/index.php\/wp-json\/wp\/v2\/comments?post=633351"}],"version-history":[{"count":0,"href":"https:\/\/www.hashtag.al\/index.php\/wp-json\/wp\/v2\/posts\/633351\/revisions"}],"wp:featuredmedia":[{"embeddable":true,"href":"https:\/\/www.hashtag.al\/index.php\/wp-json\/wp\/v2\/media\/633359"}],"wp:attachment":[{"href":"https:\/\/www.hashtag.al\/index.php\/wp-json\/wp\/v2\/media?parent=633351"}],"wp:term":[{"taxonomy":"category","embeddable":true,"href":"https:\/\/www.hashtag.al\/index.php\/wp-json\/wp\/v2\/categories?post=633351"},{"taxonomy":"post_tag","embeddable":true,"href":"https:\/\/www.hashtag.al\/index.php\/wp-json\/wp\/v2\/tags?post=633351"}],"curies":[{"name":"wp","href":"https:\/\/api.w.org\/{rel}","templated":true}]}}