{"id":633331,"date":"2023-11-20T19:49:22","date_gmt":"2023-11-20T18:49:22","guid":{"rendered":"https:\/\/www.hashtag.al\/?p=633331"},"modified":"2023-11-20T19:49:22","modified_gmt":"2023-11-20T18:49:22","slug":"procedohet-17-vjecari-ne-pogradec-goditi-me-grushte-bashkemoshatarin-ne-shkolle","status":"publish","type":"post","link":"https:\/\/www.hashtag.al\/index.php\/2023\/11\/20\/procedohet-17-vjecari-ne-pogradec-goditi-me-grushte-bashkemoshatarin-ne-shkolle\/","title":{"rendered":"Procedohet 17-vje\u00e7ari n\u00eb Pogradec, goditi me grushte bashk\u00ebmoshatarin n\u00eb shkoll\u00eb","gt_translate_keys":[{"key":"rendered","format":"text"}]},"content":{"rendered":"<p style=\"text-align: left;\"><span style=\"color: #000000;\"><img loading=\"lazy\" decoding=\"async\" class=\"alignnone size-full wp-image-632971\" src=\"https:\/\/www.hashtag.al\/wp-content\/uploads\/2023\/11\/1699691802_1695475549policia.jpg\" alt=\"\" width=\"780\" height=\"440\" srcset=\"https:\/\/www.hashtag.al\/wp-content\/uploads\/2023\/11\/1699691802_1695475549policia.jpg 780w, https:\/\/www.hashtag.al\/wp-content\/uploads\/2023\/11\/1699691802_1695475549policia-300x169.jpg 300w, https:\/\/www.hashtag.al\/wp-content\/uploads\/2023\/11\/1699691802_1695475549policia-768x433.jpg 768w\" sizes=\"auto, (max-width: 780px) 100vw, 780px\" \/><\/span><\/p>\n<p style=\"text-align: left;\"><span style=\"color: #000000;\">Policia e Pogradecit ka nisur procedimin penal n\u00eb gjendje t\u00eb lir\u00eb ndaj nj\u00eb 17-vje\u00e7ari, pasi ka goditur me grushte nj\u00eb bashk\u00ebmoshatar n\u00eb ambientet e shkoll\u00ebs s\u00eb mesme.<\/span><\/p>\n<p style=\"text-align: left;\"><span style=\"color: #000000;\"><strong>Njoftimi i policis\u00eb:<\/strong><\/span><\/p>\n<p style=\"text-align: left;\"><span style=\"color: #000000;\">Specialist\u00ebt p\u00ebr Hetimin e Krimeve t\u00eb Komisariatit t\u00eb Policis\u00eb Pogradec referuan materialet n\u00eb Prokurori ku filloi procedimi penal n\u00eb gjendje t\u00eb lir\u00eb p\u00ebr nj\u00eb 17-vje\u00e7ar, banues n\u00eb fshatin Bu\u00e7imas, Pogradec, pasi gjat\u00eb nj\u00eb konflikti p\u00ebr motive t\u00eb dob\u00ebta, dyshohet se ka goditur me grushte, nj\u00eb bashk\u00ebmoshatarin e tij, n\u00eb ambientet e shkoll\u00ebs s\u00eb tyre t\u00eb mesme.<\/span><\/p>\n<p style=\"text-align: left;\"><span style=\"color: #000000;\">Materialet procedurale i kaluan Prokuroris\u00eb pran\u00eb Gjykat\u00ebs s\u00eb Shkall\u00ebs s\u00eb Par\u00eb t\u00eb Juridiksionit t\u00eb P\u00ebrgjithsh\u00ebm Kor\u00e7\u00eb, p\u00ebr veprime t\u00eb m\u00ebtejshme.<\/span><\/p>\n","protected":false,"gt_translate_keys":[{"key":"rendered","format":"html"}]},"excerpt":{"rendered":"<p>Policia e Pogradecit ka nisur procedimin penal n\u00eb gjendje t\u00eb lir\u00eb ndaj nj\u00eb 17-vje\u00e7ari, pasi ka goditur me grushte nj\u00eb bashk\u00ebmoshatar n\u00eb ambientet e shkoll\u00ebs s\u00eb mesme. Njoftimi i policis\u00eb: Specialist\u00ebt p\u00ebr Hetimin e Krimeve t\u00eb Komisariatit t\u00eb Policis\u00eb Pogradec referuan materialet n\u00eb Prokurori ku filloi procedimi penal n\u00eb gjendje t\u00eb lir\u00eb p\u00ebr nj\u00eb 17-vje\u00e7ar, [&hellip;]<\/p>\n","protected":false,"gt_translate_keys":[{"key":"rendered","format":"html"}]},"author":4,"featured_media":632971,"comment_status":"closed","ping_status":"closed","sticky":false,"template":"","format":"standard","meta":{"footnotes":""},"categories":[65],"tags":[],"class_list":["post-633331","post","type-post","status-publish","format-standard","has-post-thumbnail","hentry","category-lajme"],"gt_translate_keys":[{"key":"link","format":"url"}],"_links":{"self":[{"href":"https:\/\/www.hashtag.al\/index.php\/wp-json\/wp\/v2\/posts\/633331","targetHints":{"allow":["GET"]}}],"collection":[{"href":"https:\/\/www.hashtag.al\/index.php\/wp-json\/wp\/v2\/posts"}],"about":[{"href":"https:\/\/www.hashtag.al\/index.php\/wp-json\/wp\/v2\/types\/post"}],"author":[{"embeddable":true,"href":"https:\/\/www.hashtag.al\/index.php\/wp-json\/wp\/v2\/users\/4"}],"replies":[{"embeddable":true,"href":"https:\/\/www.hashtag.al\/index.php\/wp-json\/wp\/v2\/comments?post=633331"}],"version-history":[{"count":0,"href":"https:\/\/www.hashtag.al\/index.php\/wp-json\/wp\/v2\/posts\/633331\/revisions"}],"wp:featuredmedia":[{"embeddable":true,"href":"https:\/\/www.hashtag.al\/index.php\/wp-json\/wp\/v2\/media\/632971"}],"wp:attachment":[{"href":"https:\/\/www.hashtag.al\/index.php\/wp-json\/wp\/v2\/media?parent=633331"}],"wp:term":[{"taxonomy":"category","embeddable":true,"href":"https:\/\/www.hashtag.al\/index.php\/wp-json\/wp\/v2\/categories?post=633331"},{"taxonomy":"post_tag","embeddable":true,"href":"https:\/\/www.hashtag.al\/index.php\/wp-json\/wp\/v2\/tags?post=633331"}],"curies":[{"name":"wp","href":"https:\/\/api.w.org\/{rel}","templated":true}]}}