{"id":633268,"date":"2023-11-20T15:24:52","date_gmt":"2023-11-20T14:24:52","guid":{"rendered":"https:\/\/www.hashtag.al\/?p=633268"},"modified":"2023-11-20T15:24:52","modified_gmt":"2023-11-20T14:24:52","slug":"tymueset-ne-kuvend-bejko-berisha-shpreson-ti-shpetoje-zjarrit-qe-spak-ka-ndezur-ne-avlline-e-tij","status":"publish","type":"post","link":"https:\/\/www.hashtag.al\/index.php\/2023\/11\/20\/tymueset-ne-kuvend-bejko-berisha-shpreson-ti-shpetoje-zjarrit-qe-spak-ka-ndezur-ne-avlline-e-tij\/","title":{"rendered":"Tymueset n\u00eb Kuvend, Bejko: Berisha shpreson t\u2019i shp\u00ebtoj\u00eb zjarrit q\u00eb SPAK ka ndezur n\u00eb avllin\u00eb e tij","gt_translate_keys":[{"key":"rendered","format":"text"}]},"content":{"rendered":"<p><a href=\"https:\/\/www.hashtag.al\/wp-content\/uploads\/2023\/11\/1699904047_RolandBejko850x450.jpg\"><img loading=\"lazy\" decoding=\"async\" class=\"aligncenter size-full wp-image-631646\" src=\"https:\/\/www.hashtag.al\/wp-content\/uploads\/2023\/11\/1699904047_RolandBejko850x450.jpg\" alt=\"\" width=\"780\" height=\"440\" srcset=\"https:\/\/www.hashtag.al\/wp-content\/uploads\/2023\/11\/1699904047_RolandBejko850x450.jpg 780w, https:\/\/www.hashtag.al\/wp-content\/uploads\/2023\/11\/1699904047_RolandBejko850x450-300x169.jpg 300w, https:\/\/www.hashtag.al\/wp-content\/uploads\/2023\/11\/1699904047_RolandBejko850x450-768x433.jpg 768w\" sizes=\"auto, (max-width: 780px) 100vw, 780px\" \/><\/a><\/p>\n<p><span style=\"color: #000000;\">N\u00ebnkryetari i PD, Roland Bejko ka reaguar pas dhun\u00ebs dhe kaosit n\u00eb seanc\u00ebn plenare t\u00eb Kuvendit ku u miratua nga parim me 73 vota buxheti p\u00ebr vitin 2024.<\/span><\/p>\n<p><span style=\"color: #000000;\">Bejko thot\u00eb se Berisha se shpreson t\u2019i shp\u00ebtoj\u00eb zjarrit q\u00eb SPAK ka ndezuar p\u00ebr t\u00eb.<\/span><\/p>\n<p><span style=\"color: #000000;\">Duke akuzuar Berish\u00ebn dhe Ram\u00ebn p\u00ebr bashk\u00ebpunim me nj\u00ebri tjetrin, Bejko thot\u00eb se asnj\u00ebri prej tyre nuk ka interes p\u00ebr llogaridh\u00ebnie n\u00eb parlament sepse u dalin zbuluar oligark\u00ebt e p\u00ebrbashk\u00ebt q\u00eb marrin shumic\u00ebn e parave nga buxheti i shtetit.<\/span><\/p>\n<p>&nbsp;<\/p>\n<p><span style=\"color: #000000;\">Reagimi i plot\u00eb i Bejkos:<\/span><\/p>\n<p>&nbsp;<\/p>\n<p><span style=\"color: #000000;\"><em>Pas zjarrit t\u00eb ndezuar sot n\u00eb parlament, Sali Berisha shpreson t&#8217;i shpetoj\u00eb zjarrit qe SPAK ka ndezur n\u00eb avllin\u00eb e tij.<\/em><\/span><\/p>\n<p><span style=\"color: #000000;\"><em>Sa her\u00eb Berish\u00ebs i duhet t\u00eb p\u00ebrballet me drejt\u00ebsin\u00eb \u00ebsht\u00eb gati t\u00eb ndez\u00eb zjarr;\u00a0 sa her\u00eb q\u00eb Edi Ram\u00ebs i duhet t\u00eb jap\u00eb llogari p\u00ebr krimin dhe korrupsionin q\u00eb i ka mb\u00ebrthyer qeverin\u00eb i duhet nje aleat zjarrv\u00ebn\u00ebs.<\/em><\/span><\/p>\n<p><span style=\"color: #000000;\"><em>Tani \u00ebsht\u00eb koha q\u00eb Sali Berisha dhe Edi Rama t\u00eb japnin llogari para SPAK, por n\u00eb vend t\u00eb saj, k\u00ebta t\u00eb dy n\u00eb bashkpunim me njlri tjetrin na shfaqin spektaklin e rradh\u00ebs.<\/em><\/span><\/p>\n<p><span style=\"color: #000000;\"><em>Asnj\u00ebri prej tyre nuk ka interes p\u00ebr llogaridh\u00ebnie n\u00eb parlament sepse u dalin zbuluar oligark\u00ebt e p\u00ebrbashk\u00ebt q\u00eb marrin shumic\u00ebn e parave nga buxheti i shtetit.<\/em><\/span><\/p>\n<p><span style=\"color: #000000;\"><em>Sot do diskutohej n\u00eb Parlament buxheti ku dhe si do p\u00ebrdoreshin parat\u00eb e shqiptar\u00ebve p\u00ebr vitin tjet\u00ebr. Por Berisha me zjarrin q\u00eb ndezi n\u00eb mes t\u00eb sall\u00ebs nuk u dha mund\u00ebsi shqiptar\u00ebve t\u00eb d\u00ebgjonin mbi abuzimet e mundshme financiare q\u00eb qeveria e Ram\u00ebs ka llogaritur t\u00eb b\u00ebj\u00eb m\u00eb 2024.<\/em><\/span><\/p>\n<p><span style=\"color: #000000;\"><em>Rama dhe Berisha jan\u00eb bashk\u00eb sipas parimit, &#8220;nj\u00ebra dor\u00eb lan tjetr\u00ebn, t\u00eb dyja lajn\u00eb fytyr\u00ebn e aleanc\u00ebs s\u00eb kullave me oligark\u00ebt e p\u00ebrbashk\u00ebt t\u00eb korrupsionit&#8221;.<\/em><\/span><\/p>\n","protected":false,"gt_translate_keys":[{"key":"rendered","format":"html"}]},"excerpt":{"rendered":"<p>N\u00ebnkryetari i PD, Roland Bejko ka reaguar pas dhun\u00ebs dhe kaosit n\u00eb seanc\u00ebn plenare t\u00eb Kuvendit ku u miratua nga parim me 73 vota buxheti p\u00ebr vitin 2024. Bejko thot\u00eb se Berisha se shpreson t\u2019i shp\u00ebtoj\u00eb zjarrit q\u00eb SPAK ka ndezuar p\u00ebr t\u00eb. Duke akuzuar Berish\u00ebn dhe Ram\u00ebn p\u00ebr bashk\u00ebpunim me nj\u00ebri tjetrin, Bejko thot\u00eb [&hellip;]<\/p>\n","protected":false,"gt_translate_keys":[{"key":"rendered","format":"html"}]},"author":30,"featured_media":631646,"comment_status":"closed","ping_status":"closed","sticky":false,"template":"","format":"standard","meta":{"footnotes":""},"categories":[65],"tags":[],"class_list":["post-633268","post","type-post","status-publish","format-standard","has-post-thumbnail","hentry","category-lajme"],"gt_translate_keys":[{"key":"link","format":"url"}],"_links":{"self":[{"href":"https:\/\/www.hashtag.al\/index.php\/wp-json\/wp\/v2\/posts\/633268","targetHints":{"allow":["GET"]}}],"collection":[{"href":"https:\/\/www.hashtag.al\/index.php\/wp-json\/wp\/v2\/posts"}],"about":[{"href":"https:\/\/www.hashtag.al\/index.php\/wp-json\/wp\/v2\/types\/post"}],"author":[{"embeddable":true,"href":"https:\/\/www.hashtag.al\/index.php\/wp-json\/wp\/v2\/users\/30"}],"replies":[{"embeddable":true,"href":"https:\/\/www.hashtag.al\/index.php\/wp-json\/wp\/v2\/comments?post=633268"}],"version-history":[{"count":0,"href":"https:\/\/www.hashtag.al\/index.php\/wp-json\/wp\/v2\/posts\/633268\/revisions"}],"wp:featuredmedia":[{"embeddable":true,"href":"https:\/\/www.hashtag.al\/index.php\/wp-json\/wp\/v2\/media\/631646"}],"wp:attachment":[{"href":"https:\/\/www.hashtag.al\/index.php\/wp-json\/wp\/v2\/media?parent=633268"}],"wp:term":[{"taxonomy":"category","embeddable":true,"href":"https:\/\/www.hashtag.al\/index.php\/wp-json\/wp\/v2\/categories?post=633268"},{"taxonomy":"post_tag","embeddable":true,"href":"https:\/\/www.hashtag.al\/index.php\/wp-json\/wp\/v2\/tags?post=633268"}],"curies":[{"name":"wp","href":"https:\/\/api.w.org\/{rel}","templated":true}]}}