{"id":633231,"date":"2023-11-20T13:25:23","date_gmt":"2023-11-20T12:25:23","guid":{"rendered":"https:\/\/www.hashtag.al\/?p=633231"},"modified":"2023-11-20T13:26:49","modified_gmt":"2023-11-20T12:26:49","slug":"sterilizimi-gjkko-le-ne-fuqi-masen-detyrim-paraqitje-per-ish-ministrin-ilir-beqja","status":"publish","type":"post","link":"https:\/\/www.hashtag.al\/index.php\/2023\/11\/20\/sterilizimi-gjkko-le-ne-fuqi-masen-detyrim-paraqitje-per-ish-ministrin-ilir-beqja\/","title":{"rendered":"\u2018Sterilizimi\u2019, GJKKO l\u00eb n\u00eb fuqi mas\u00ebn \u2018Detyrim paraqitje\u2019 p\u00ebr ish-ministrin Ilir Beqaj","gt_translate_keys":[{"key":"rendered","format":"text"}]},"content":{"rendered":"<p><span style=\"color: #000000;\"><img loading=\"lazy\" decoding=\"async\" class=\"size-full wp-image-633232 aligncenter\" src=\"https:\/\/www.hashtag.al\/wp-content\/uploads\/2023\/11\/beqaj-ne-spak-768x525-1.jpg\" alt=\"\" width=\"768\" height=\"525\" srcset=\"https:\/\/www.hashtag.al\/wp-content\/uploads\/2023\/11\/beqaj-ne-spak-768x525-1.jpg 768w, https:\/\/www.hashtag.al\/wp-content\/uploads\/2023\/11\/beqaj-ne-spak-768x525-1-300x205.jpg 300w\" sizes=\"auto, (max-width: 768px) 100vw, 768px\" \/><\/span><\/p>\n<p><span style=\"color: #000000;\">GJKKO l\u00eb n\u00eb fuqi mas\u00ebn \u2018Detyrim paraqitje\u2019 p\u00ebr ish-ministrin Ilir Beqja<\/span><\/p>\n<p><span style=\"color: #000000;\">Beqaj, i shoq\u00ebruar nga avokati i tij, Ermal Yzeiri, shkoi sot n\u00eb ambientet e gjykat\u00ebs s\u00eb Posa\u00e7me.<\/span><\/p>\n<p><span style=\"color: #000000;\">Kujtojm\u00eb se Beqajt iu komunikua masa \u2018detyrim paraqitje\u2019 dit\u00ebn e shtun\u00eb n\u00eb lidhje me \u00e7\u00ebshtjen e sterilizimit.<\/span><\/p>\n<p><span style=\"color: #000000;\"><strong>NJOFTIMI I GJKKO<\/strong><\/span><\/p>\n<p><span style=\"color: #000000;\">1. Prokuroria e Posa\u00e7me kund\u00ebr Korrupsionit dhe Krimit t\u00eb Organizuar, m\u00eb dat\u00eb 26.10.2023 i \u00ebsht\u00eb drejtuar Gjykat\u00ebs me k\u00ebrkes\u00ebn me objekt: Caktimin ndaj personit n\u00ebn hetim Ilir Beqaj, t\u00eb masave t\u00eb sigurimit personal \u201cNdalimi i daljes jasht\u00eb shtetit\u201d dhe \u201cDetyrim p\u00ebr t\u2019u paraqitur n\u00eb policin\u00eb gjyq\u00ebsore\u201d parashikuar nga nenet 233 dhe 234 i K.Pr.Penale, si i dyshuar p\u00ebr figur\u00ebn e vepr\u00ebs penale \u201cShp\u00ebrdorimi i detyr\u00ebs\u201d parashikuar nga neni 248 i Kodit Penal.<\/span><\/p>\n<p><span style=\"color: #000000;\">2. Lidhur m\u00eb shqyrtimin e k\u00ebsaj k\u00ebrkese, Gjykata vendosi ta shqyrtoi n\u00eb dhom\u00eb k\u00ebshillimi pa pranin\u00eb e pal\u00ebve dhe t\u00eb sekretares gjyq\u00ebsore. Gjykata e Posa\u00e7me e Shkall\u00ebs s\u00eb Par\u00eb p\u00ebr Korrupsionin dhe Krimin e Organizuar me trup gjykues t\u00eb p\u00ebrb\u00ebr\u00eb nga gjyqtari Erjon Bani, bazuar n\u00eb nenin 244 pika 3 t\u00eb K.Pr.Penale, ku thuhet se: \u201c3. Gjykata nuk mund t\u00eb caktoj\u00eb nj\u00eb mas\u00eb sigurimi m\u00eb t\u00eb r\u00ebnd\u00eb se ajo e k\u00ebrkuar nga prokurori.\u201d, me vendimin Nr. 119 Akti, dat\u00eb 16.11.2023 vendosi: [\u2026]<\/span><br \/>\n<span style=\"color: #000000;\">1. Caktimin ndaj personit n\u00ebn hetim Ilir Beqaj, t\u00eb mas\u00ebs s\u00eb sigurimit personal \u201cDetyrim p\u00ebr t\u2019u paraqitur n\u00eb policin\u00eb gjyq\u00ebsore\u201d parashikuar nga neni 234 i K.Pr.Penale, si i dyshuar p\u00ebr vepr\u00ebn penale \u201cShp\u00ebrdorimi i detyr\u00ebs\u201d kryer n\u00eb bashk\u00ebpunim, t\u00eb parashikuara nga neni 248 e 25 i Kodit Penal.<\/span><br \/>\n<span style=\"color: #000000;\">2. Urdh\u00ebrohet personi n\u00ebn hetim Ilir Beqaj q\u00eb t\u00eb paraqitet para oficerit t\u00eb policis\u00eb gjyq\u00ebsore z. Besnk Mesi pran\u00eb Byros Komb\u00ebtare t\u00eb Hetimit, nj\u00eb her\u00eb n\u00eb jav\u00eb, dit\u00eb e premte, ora 15: 30.<\/span><\/p>\n<p><span style=\"color: #000000;\">3. Urdh\u00ebrohet personi n\u00ebn hetim Ilir Beqaj t\u00eb mos largohet nga territori i Republik\u00ebs s\u00eb Shqip\u00ebris\u00eb pa autorizimin e gjykat\u00ebs, n\u00eb referim t\u00eb nenit 233 pika1 t\u00eb K.Pr.Penale \u201cNdalimi i daljes jasht\u00eb shtetit\u201d.<\/span><\/p>\n<p><span style=\"color: #000000;\">4. Ndalohet p\u00ebrdorimi i pasaport\u00ebs dhe dokumenteve t\u00eb tjer\u00eb identifikues t\u00eb vlefshme p\u00ebr daljen jasht\u00eb shtetit, p\u00ebr personin n\u00ebn hetim Ilir Beqaj.<\/span><\/p>\n<p><span style=\"color: #000000;\">5. Ngarkohet Prokuroria e Posa\u00e7me kund\u00ebr Korrupsionit dhe Krimit t\u00eb Organizuar n\u00eb bashk\u00ebpunim me policin\u00eb gjyq\u00ebsore p\u00ebr ekzekutimin e k\u00ebtij vendimi.<\/span><\/p>\n<p><span style=\"color: #000000;\">6. Kund\u00ebr k\u00ebtij vendimi mund t\u00eb b\u00ebhet ankim n\u00eb Gjykat\u00ebn e Posa\u04abme t\u00eb Apelit p\u00ebr Korrupsionin dhe Krimin e Organizuar brenda 5 (pes\u00eb) dit\u00ebve, duke filluar ky afat nga e nes\u00ebrmja e marrjes dijeni p\u00ebr k\u00ebt\u00eb vendim. [\u2026]<\/span><\/p>\n<p><span style=\"color: #000000;\">3. Ekzekutimit i mas\u00ebs s\u00eb sigurimit p\u00ebr personin n\u00ebn hetim Ilir Beqaj \u00ebsht\u00eb b\u00ebr\u00eb n\u00eb dat\u00eb 17.11.2023 ora 21.20. Ndodhur n\u00eb k\u00ebto kushte, Prokuroria e Posa\u00e7me kund\u00ebr Korrupsionit dhe Krimit t\u00eb Organizuar bazuar n\u00eb nenin 248 t\u00eb K.Pr.Penale m\u00eb dat\u00eb 18.11.2023 paraqiti n\u00eb Gjykat\u00eb k\u00ebrkes\u00ebn me objekt: Marrjen n\u00eb pyetje t\u00eb personit n\u00ebn hetim Ilir Beqaj. N\u00eb seanc\u00ebn gjyq\u00ebsore t\u00eb dat\u00ebs 20.11.2023 ora 12:00, personi n\u00ebn hetim Ilir Beqaj p\u00ebrfitoj nga e drejta p\u00ebr t\u00eb mos dh\u00ebn\u00eb deklarime n\u00eb seanc\u00ebn e marrjes n\u00eb pyetje sipas nenit 248 pika 2 t\u00eb K.Pr.Penale. Ndodhur n\u00eb k\u00ebto kushte, Gjykata e Posa\u00e7me e Shkall\u00ebs s\u00eb Par\u00eb p\u00ebr Korrupsionin dhe Krimin e Organizuar me trup gjykues t\u00eb p\u00ebrb\u00ebr\u00eb nga gjyqtari Erjon Bani, me vendimin Nr. 127 Akti, dat\u00eb 20.11.2023, vendosi:<\/span><\/p>\n<p><span style=\"color: #000000;\">1. Vazhdimin e mas\u00ebs s\u00eb sigurimit \u201cNdalimi i daljes jasht\u00eb shtetit\u201d dhe \u201cDetyrim p\u00ebr t\u2019u paraqitur n\u00eb policin\u00eb gjyq\u00ebsore\u201d parashikuar nga nenet 233 dhe 234 t\u00eb K.Pr.Penale, caktuar ndaj personit n\u00ebn hetim Ilir Beqaj, me vendimin Nr. 119, dat\u00eb 16.11.2023 t\u00eb Gjykat\u00ebs s\u00eb Posa\u00e7me t\u00eb Shkall\u00ebs s\u00eb Par\u00eb p\u00ebr Korrupsionin dhe Krimin e Organizuar.<\/span><\/p>\n<p><span style=\"color: #000000;\">2. Ngarkohet Prokuroria e Posa\u00e7me kund\u00ebr Korrupsionit dhe Krimit t\u00eb Organizuar n\u00eb bashk\u00ebpunim me policin\u00eb gjyq\u00ebsore p\u00ebr ekzekutimin e k\u00ebtij vendimi.<\/span><\/p>\n<p><span style=\"color: #000000;\">3. Kund\u00ebr k\u00ebtij vendimi mund t\u00eb b\u00ebhet ankim n\u00eb n\u00eb Gjykat\u00ebn e Posa\u04abme t\u00eb Apelit p\u00ebr Korrupsionin dhe Krimin e Organizuar brenda 5 (pes\u00eb) dit\u00ebve, duke filluar ky afat nga e nes\u00ebrmja e njoftimit t\u00eb k\u00ebtij vendimi.<\/span><\/p>\n<p>&nbsp;<\/p>\n","protected":false,"gt_translate_keys":[{"key":"rendered","format":"html"}]},"excerpt":{"rendered":"<p>GJKKO l\u00eb n\u00eb fuqi mas\u00ebn \u2018Detyrim paraqitje\u2019 p\u00ebr ish-ministrin Ilir Beqja Beqaj, i shoq\u00ebruar nga avokati i tij, Ermal Yzeiri, shkoi sot n\u00eb ambientet e gjykat\u00ebs s\u00eb Posa\u00e7me. Kujtojm\u00eb se Beqajt iu komunikua masa \u2018detyrim paraqitje\u2019 dit\u00ebn e shtun\u00eb n\u00eb lidhje me \u00e7\u00ebshtjen e sterilizimit. NJOFTIMI I GJKKO 1. Prokuroria e Posa\u00e7me kund\u00ebr Korrupsionit dhe [&hellip;]<\/p>\n","protected":false,"gt_translate_keys":[{"key":"rendered","format":"html"}]},"author":4,"featured_media":633232,"comment_status":"closed","ping_status":"closed","sticky":false,"template":"","format":"standard","meta":{"footnotes":""},"categories":[65],"tags":[],"class_list":["post-633231","post","type-post","status-publish","format-standard","has-post-thumbnail","hentry","category-lajme"],"gt_translate_keys":[{"key":"link","format":"url"}],"_links":{"self":[{"href":"https:\/\/www.hashtag.al\/index.php\/wp-json\/wp\/v2\/posts\/633231","targetHints":{"allow":["GET"]}}],"collection":[{"href":"https:\/\/www.hashtag.al\/index.php\/wp-json\/wp\/v2\/posts"}],"about":[{"href":"https:\/\/www.hashtag.al\/index.php\/wp-json\/wp\/v2\/types\/post"}],"author":[{"embeddable":true,"href":"https:\/\/www.hashtag.al\/index.php\/wp-json\/wp\/v2\/users\/4"}],"replies":[{"embeddable":true,"href":"https:\/\/www.hashtag.al\/index.php\/wp-json\/wp\/v2\/comments?post=633231"}],"version-history":[{"count":0,"href":"https:\/\/www.hashtag.al\/index.php\/wp-json\/wp\/v2\/posts\/633231\/revisions"}],"wp:featuredmedia":[{"embeddable":true,"href":"https:\/\/www.hashtag.al\/index.php\/wp-json\/wp\/v2\/media\/633232"}],"wp:attachment":[{"href":"https:\/\/www.hashtag.al\/index.php\/wp-json\/wp\/v2\/media?parent=633231"}],"wp:term":[{"taxonomy":"category","embeddable":true,"href":"https:\/\/www.hashtag.al\/index.php\/wp-json\/wp\/v2\/categories?post=633231"},{"taxonomy":"post_tag","embeddable":true,"href":"https:\/\/www.hashtag.al\/index.php\/wp-json\/wp\/v2\/tags?post=633231"}],"curies":[{"name":"wp","href":"https:\/\/api.w.org\/{rel}","templated":true}]}}