{"id":633203,"date":"2023-11-20T11:45:08","date_gmt":"2023-11-20T10:45:08","guid":{"rendered":"https:\/\/www.hashtag.al\/?p=633203"},"modified":"2023-11-20T11:45:08","modified_gmt":"2023-11-20T10:45:08","slug":"koncesioni-i-sterilizimit-ish-ministri-ilir-beqaj-paraqitet-ne-spak-per-masen-detyrim-paraqitjeje","status":"publish","type":"post","link":"https:\/\/www.hashtag.al\/index.php\/2023\/11\/20\/koncesioni-i-sterilizimit-ish-ministri-ilir-beqaj-paraqitet-ne-spak-per-masen-detyrim-paraqitjeje\/","title":{"rendered":"&#8216;Koncesioni i sterilizimit&#8217;, ish-ministri Ilir Beqaj paraqitet n\u00eb SPAK p\u00ebr mas\u00ebn &#8216;detyrim paraqitjeje&#8217;","gt_translate_keys":[{"key":"rendered","format":"text"}]},"content":{"rendered":"<p><img loading=\"lazy\" decoding=\"async\" class=\"size-full wp-image-633204 aligncenter\" src=\"https:\/\/www.hashtag.al\/wp-content\/uploads\/2023\/11\/1700476676_Screenshot1.jpg\" alt=\"\" width=\"780\" height=\"440\" srcset=\"https:\/\/www.hashtag.al\/wp-content\/uploads\/2023\/11\/1700476676_Screenshot1.jpg 780w, https:\/\/www.hashtag.al\/wp-content\/uploads\/2023\/11\/1700476676_Screenshot1-300x169.jpg 300w, https:\/\/www.hashtag.al\/wp-content\/uploads\/2023\/11\/1700476676_Screenshot1-768x433.jpg 768w\" sizes=\"auto, (max-width: 780px) 100vw, 780px\" \/><br \/>\n<span style=\"font-weight: 400; color: #000000;\">Ish-ministri i Sh\u00ebndet\u00ebsis\u00eb, Ilir Beqaj \u00ebsht\u00eb paraqitur n\u00eb SPAK p\u00ebr t\u2019u njohur me mas\u00ebn e siguris\u00eb \u2018detyrim paraqitjeje\u2019 dhe \u2018ndalim i daljes jasht\u00eb shtetit\u2019, p\u00ebr \u00e7\u00ebshtjen e koncesionit t\u00eb sterilizimit ku akuzohet p\u00ebr shp\u00ebrdorim detyre.<\/span><\/p>\n<p><span style=\"color: #000000;\"><span style=\"font-weight: 400;\">Seanca do t\u00eb drejtohet nga gjyqtari i hetimeve paraprake, Erjon Bani pas k\u00ebrkes\u00ebs q\u00eb \u00ebsht\u00eb b\u00ebr\u00eb nga vet\u00eb prokuroria e Posa\u00e7me. Beqaj do t\u00eb merret edhe n\u00eb pyetje, nd\u00ebrsa n\u00eb SPAK \u00ebsht\u00eb paraqitur 30 minuta para, n\u00eb or\u00ebn 11:30, i shoq\u00ebruar nga avokat\u00ebt e tij, sipas <\/span><span style=\"color: #3366ff;\"><a style=\"color: #3366ff;\" href=\"https:\/\/shqiptarja.com\/lajm\/koncesioni-i-sterilizimit-ishministri-ilir-beqaj-merret-sot-ne-pyetje-njihet-me-masen-detyrim-paraqitjeje-shkeljet-per-te-cilat-e-akuzon-spak\"><span style=\"font-weight: 400;\">Shqiptarja.com.<\/span><\/a><\/span><\/span><\/p>\n<p><span style=\"font-weight: 400; color: #000000;\">Masat e siguris\u00eb p\u00ebr Beqajn u miratuan nga Gjykata e Posa\u00e7me m\u00eb 16 n\u00ebntor, bazuar n\u00eb k\u00ebrkes\u00ebn e prokuroris\u00eb. Deri tani nga hetimi i SPAK ai \u00ebsht\u00eb zyrtari m\u00eb i lart\u00eb n\u00ebn akuz\u00eb p\u00ebr shkeljet e konstatuara me kontrat\u00ebn e partneritetit publik-privat t\u00eb sterilizimit me vler\u00eb 100 milion\u00eb euro, pas arrestimit n\u00eb gusht t\u00eb k\u00ebtij viti t\u00eb biznesmenit Ilir Rrapaj dhe z\u00ebvend\u00ebsit t\u00eb tij n\u00eb Ministrin\u00eb e Sh\u00ebndet\u00ebsis\u00eb, Klodian Rrjepaj.<\/span><\/p>\n<p><span style=\"font-weight: 400; color: #000000;\">Hetimet e SPAK kan\u00eb zbuluar shkelje n\u00eb procedurat e dh\u00ebnies s\u00eb koncesionit, si\u00e7 dyshohet me q\u00ebllimin e vet\u00ebm t\u00eb shpalljes fitues t\u00eb kompanive t\u00eb Ilir Rrapajt dhe shtetasit Italian, Umbro Sta\u00e7ini.<\/span><\/p>\n<p><span style=\"font-weight: 400; color: #000000;\">Lista e shkeljeve p\u00ebrmban nj\u00eb studim fizibiliteti me t\u00eb dh\u00ebna t\u00eb rreme n\u00eb kund\u00ebrshtim me ligjin; hartimi i kritereve n\u00eb m\u00ebnyr\u00eb t\u00eb till\u00eb q\u00eb t&#8217;u p\u00ebrshtateshin gjendjes reale t\u00eb kompanive t\u00eb p\u00ebrzgjedhura paraprakisht si dhe mosveprimin e Beqajt p\u00ebr zgjidhjen e konfliktit t\u00eb interesit mes zv.ministrit Klodian Rrjepaj si kryetar i komisionit t\u00eb koncesionit dhe Ilir Rrapajt si biznesmen p\u00ebrfitues i tij. Shkelje ligjore jan\u00eb gjetur edhe gjat\u00eb negocimit t\u00eb kontrat\u00ebs koncesionare, q\u00eb sipas gjyqtarit kan\u00eb qen\u00eb \u201cduksh\u00ebm n\u00eb favor t\u00eb kompanis\u00eb s\u00eb shpallur fituese, n\u00eb d\u00ebm t\u00eb interesave t\u00eb shtetit\u201d.<\/span><\/p>\n<p><span style=\"font-weight: 400; color: #000000;\">Emri i Beqajt mungoi fillimisht n\u00eb list\u00ebn e personave t\u00eb akuzuar p\u00ebr &#8216;shp\u00ebrdorim detyre&#8217; dhe &#8216;mashtrim me pasoja t\u00eb r\u00ebnda&#8217;, por n\u00eb nj\u00eb vendim p\u00ebr mas\u00eb sigurie, gjyqtari Erjon Bani vler\u00ebsoi se shkeljet e akteve ligjore ngriheshin n\u00eb nivelin e p\u00ebrgjegj\u00ebsis\u00eb penale p\u00ebr ish-ministrin e Sh\u00ebndet\u00ebsis\u00eb Ilir Beqaj.<\/span><\/p>\n<p><span style=\"font-weight: 400; color: #000000;\">Ndaj tij \u00ebsht\u00eb ngritur akuza e shp\u00ebrdorimit t\u00eb detyr\u00ebs, nd\u00ebrkoh\u00eb q\u00eb gjyqtari vler\u00ebsoi hetimet si t\u00eb paplota n\u00eb momentin e vendosjes s\u00eb 9 masave t\u00eb para p\u00ebr k\u00ebt\u00eb \u00e7\u00ebshtje dhe orientoi Prokurorin\u00eb drejt hetimit edhe p\u00ebr veprat penale t\u00eb korrupsionit dhe pastrimit t\u00eb produkteve t\u00eb vepr\u00ebs penale.<\/span><\/p>\n<p>&nbsp;<\/p>\n","protected":false,"gt_translate_keys":[{"key":"rendered","format":"html"}]},"excerpt":{"rendered":"<p>Ish-ministri i Sh\u00ebndet\u00ebsis\u00eb, Ilir Beqaj \u00ebsht\u00eb paraqitur n\u00eb SPAK p\u00ebr t\u2019u njohur me mas\u00ebn e siguris\u00eb \u2018detyrim paraqitjeje\u2019 dhe \u2018ndalim i daljes jasht\u00eb shtetit\u2019, p\u00ebr \u00e7\u00ebshtjen e koncesionit t\u00eb sterilizimit ku akuzohet p\u00ebr shp\u00ebrdorim detyre. Seanca do t\u00eb drejtohet nga gjyqtari i hetimeve paraprake, Erjon Bani pas k\u00ebrkes\u00ebs q\u00eb \u00ebsht\u00eb b\u00ebr\u00eb nga vet\u00eb prokuroria e [&hellip;]<\/p>\n","protected":false,"gt_translate_keys":[{"key":"rendered","format":"html"}]},"author":4,"featured_media":633204,"comment_status":"closed","ping_status":"closed","sticky":false,"template":"","format":"standard","meta":{"footnotes":""},"categories":[65],"tags":[],"class_list":["post-633203","post","type-post","status-publish","format-standard","has-post-thumbnail","hentry","category-lajme"],"gt_translate_keys":[{"key":"link","format":"url"}],"_links":{"self":[{"href":"https:\/\/www.hashtag.al\/index.php\/wp-json\/wp\/v2\/posts\/633203","targetHints":{"allow":["GET"]}}],"collection":[{"href":"https:\/\/www.hashtag.al\/index.php\/wp-json\/wp\/v2\/posts"}],"about":[{"href":"https:\/\/www.hashtag.al\/index.php\/wp-json\/wp\/v2\/types\/post"}],"author":[{"embeddable":true,"href":"https:\/\/www.hashtag.al\/index.php\/wp-json\/wp\/v2\/users\/4"}],"replies":[{"embeddable":true,"href":"https:\/\/www.hashtag.al\/index.php\/wp-json\/wp\/v2\/comments?post=633203"}],"version-history":[{"count":0,"href":"https:\/\/www.hashtag.al\/index.php\/wp-json\/wp\/v2\/posts\/633203\/revisions"}],"wp:featuredmedia":[{"embeddable":true,"href":"https:\/\/www.hashtag.al\/index.php\/wp-json\/wp\/v2\/media\/633204"}],"wp:attachment":[{"href":"https:\/\/www.hashtag.al\/index.php\/wp-json\/wp\/v2\/media?parent=633203"}],"wp:term":[{"taxonomy":"category","embeddable":true,"href":"https:\/\/www.hashtag.al\/index.php\/wp-json\/wp\/v2\/categories?post=633203"},{"taxonomy":"post_tag","embeddable":true,"href":"https:\/\/www.hashtag.al\/index.php\/wp-json\/wp\/v2\/tags?post=633203"}],"curies":[{"name":"wp","href":"https:\/\/api.w.org\/{rel}","templated":true}]}}