{"id":632902,"date":"2023-11-18T18:21:09","date_gmt":"2023-11-18T17:21:09","guid":{"rendered":"https:\/\/www.hashtag.al\/?p=632902"},"modified":"2023-11-18T18:21:37","modified_gmt":"2023-11-18T17:21:37","slug":"klosi-besoj-se-beqaj-do-dale-i-paster-nga-procesi-i-spak-ut","status":"publish","type":"post","link":"https:\/\/www.hashtag.al\/index.php\/2023\/11\/18\/klosi-besoj-se-beqaj-do-dale-i-paster-nga-procesi-i-spak-ut\/","title":{"rendered":"Klosi: Besoj se Beqaj do dal\u00eb i past\u00ebr nga procesi i SPAK-ut","gt_translate_keys":[{"key":"rendered","format":"text"}]},"content":{"rendered":"<p><span style=\"color: #000000;\"><a style=\"color: #000000;\" href=\"https:\/\/www.hashtag.al\/wp-content\/uploads\/2023\/11\/klosi.jpg\"><img loading=\"lazy\" decoding=\"async\" class=\"aligncenter size-full wp-image-632903\" src=\"https:\/\/www.hashtag.al\/wp-content\/uploads\/2023\/11\/klosi.jpg\" alt=\"\" width=\"770\" height=\"433\" srcset=\"https:\/\/www.hashtag.al\/wp-content\/uploads\/2023\/11\/klosi.jpg 770w, https:\/\/www.hashtag.al\/wp-content\/uploads\/2023\/11\/klosi-300x169.jpg 300w, https:\/\/www.hashtag.al\/wp-content\/uploads\/2023\/11\/klosi-768x432.jpg 768w\" sizes=\"auto, (max-width: 770px) 100vw, 770px\" \/><\/a><\/span><\/p>\n<p><span style=\"color: #000000;\">Sekretari i P\u00ebrgjithsh\u00ebm i PS-s\u00eb, Blendi Klosi \u00a0deklaroi n\u00eb emisionin \u201cKjo Jav\u00eb\u201d se dh\u00ebnia e mas\u00ebs nga SPAK p\u00ebr ish-ministrin e Sh\u00ebndet\u00ebsis\u00eb, Ilir Beqaj n\u00eb lidhje me koncesionin e sterilizimit, do e pastroj\u00eb figur\u00ebn e Beqajt.<\/span><\/p>\n<p><span style=\"color: #000000;\">M\u00eb tej Sekretari i P\u00ebrgjithsh\u00ebm i Partis\u00eb Socialiste tha se PS nuk do t\u00eb kund\u00ebrshtoj\u00eb vendimet e drejt\u00ebsis\u00eb s\u00eb re, pasi q\u00eb prej ardhjes n\u00eb pushtet ka premtuar nj\u00eb reform\u00eb t\u00eb re drejt\u00ebsie.<\/span><\/p>\n<p><span style=\"color: #000000;\"><strong>Pjes\u00eb nga intervista:<\/strong><\/span><\/p>\n<p><span style=\"color: #000000;\"><strong>Masa p\u00ebr ish-ministrin e Sh\u00ebndet\u00ebsis\u00eb, Ilir Beqaj nga SPAK, si e komentoni?<\/strong><\/span><\/p>\n<p><span style=\"color: #000000;\"><strong>Klosi:<\/strong>\u00a0E d\u00ebgjova lajmin dhe ndoqa prononcimin e kolegut Beqaj. Prirem t\u2019i besoj asaj \u00e7far\u00eb thot\u00eb kolegu. Ne si PS kemi b\u00ebr\u00eb shum\u00eb gj\u00ebra, ke mi sjell\u00eb nj\u00eb standard t\u00eb ri. N\u00ebse procesi ka problematika rasti po hetohet. Ne kemi th\u00ebn\u00eb q\u00eb PS nuk ka p\u00ebr t\u00eb kund\u00ebrshtuar vendimet e drejt\u00ebsis\u00eb s\u00eb re. Un\u00eb prirem t\u00eb besoj se gj\u00ebrat do shkojn\u00eb n\u00eb rrug\u00ebn e drejt\u00eb. Si\u00e7 e theksova besoj se figura e Beqajt do t\u00eb pastrohet.<\/span><\/p>\n<p><span style=\"color: #000000;\"><strong>SPAK nuk po ndalet, si \u00ebsht\u00eb ndjesia kur \u00ebsht\u00eb dikush mes jush \u00ebsht\u00eb n\u00ebn hetim?<\/strong><\/span><\/p>\n<p><span style=\"color: #000000;\"><strong>Klosi:<\/strong>\u00a0SPAK po b\u00ebn detyr\u00eb dhe ne e kemi pranuar publikisht. N\u00eb kongresin e dhjetorit duam t\u00eb shpalosim nj\u00eb reform\u00eb t\u00eb re. Ne me bindje e kemi nd\u00ebrtuar k\u00ebt\u00eb rrug\u00ebtim t\u00eb organeve t\u00eb drejt\u00ebsis\u00eb. Kjo drejt\u00ebsi e re po punon, por ama ne ia dol\u00ebm t\u00eb krijonim nj\u00eb sistem t\u00eb atill\u00eb q\u00eb t\u00eb gjith\u00eb besojn\u00eb n\u00eb paanshm\u00ebrin\u00eb. I ka dh\u00ebn\u00eb mund\u00ebsin\u00eb me dhjet\u00ebra, qindra p\u00ebrfaq\u00ebsueseve t\u00eb saj p\u00ebr t\u00eb qen\u00eb pjes\u00eb e strukturave administrative. Por n\u00eb nj\u00eb num\u00ebr kaq t\u00eb madh njer\u00ebzish, nj\u00eb num\u00ebr shum\u00eb minimal \u00ebsht\u00eb tashm\u00eb n\u00ebn gjykim. \u00cbsht\u00eb nj\u00eb proces q\u00eb tani ka emrin e madh t\u00eb SPAK, por prokuroria \u00ebsht\u00eb institucion i paansh\u00ebm. Kjo \u00e7\u00ebshtje nuk \u00ebsht\u00eb s ena b\u00ebn t\u00eb ndihemi mir\u00eb, por ajo q\u00eb kemi premtuar po b\u00ebhet e v\u00ebrtet\u00eb. S\u2019ka askush q\u00eb t\u00eb jet\u00eb pa qen\u00eb n\u00eb t\u00eb nj\u00ebjt\u00ebn distanc\u00eb me drejt\u00ebsin\u00eb, dhe kjo \u00ebsht\u00eb nj\u00eb nga arritjet tona, si PS.<\/span><\/p>\n<p><span style=\"color: #000000;\"><strong>Sa ndikon kjo mas\u00eb ndaj Beqajt?<\/strong><\/span><\/p>\n<p><span style=\"color: #000000;\">Klosi: Beqaj ka dh\u00ebn\u00eb dor\u00ebheqjen nga detyra e tij administrative. Vet\u00eb n\u00eb prononcimi ne tij ai e thot\u00eb se si e m\u00ebsoi lajmin, ai u dor\u00eb hoq jo se \u00ebsht\u00eb n\u00eb faj. Tani \u00ebsht\u00eb i zhveshur nga detyra dhe nga opinioni q\u00eb mund t\u00eb krijohet. Kur e djathta ka qen\u00eb n\u00eb pushtet, prokuroria k\u00ebrkonte gjykim, jo vet\u00ebm q\u00eb nuk hetohej, por hiqej dhe prokurori. Nj\u00eb rast \u00ebsht\u00eb dhe ngjarja e 21 janarit.<\/span><\/p>\n<p><span style=\"color: #000000;\"><strong>Deklarata e Berish\u00ebs p\u00ebr dosjen \u2018Partizani\u2019 ndaj SPAK, si i keni par\u00eb deklaratat?<\/strong><\/span><\/p>\n<p><span style=\"color: #000000;\"><strong>Klosi:<\/strong>\u00a0N\u00eb vendimet e gjyq\u00ebsorit ne nuk do t\u00eb marrim krah\u00eb n\u00eb nj\u00eb nga drejtimet, por diferenca \u00ebsht\u00eb e madhe. N\u00ebse nj\u00eb p\u00ebrfaq\u00ebsues i s\u00eb majt\u00ebs do kishte hequr dor\u00eb\u00a0 nga posti, nd\u00ebrkoh\u00eb q\u00eb Berisha nuk pranon t\u00eb ballafaqohet me pyetjet. S\u00ebrish kthehemi te diferenca mes dy an\u00ebve t\u00eb politik\u00ebs shqiptare.<\/span><\/p>\n<p><span style=\"color: #000000;\"><strong>Kriza n\u00eb Parlament, opozita k\u00ebrkon ngritjen e komisioneve hetimore. Pse nuk pranohen?<\/strong><\/span><\/p>\n<p><span style=\"color: #000000;\"><strong>Klosi:<\/strong>\u00a0M\u00ebnyra se si jan\u00eb paraqitur k\u00ebrkesat nga opozita nuk jan\u00eb n\u00eb p\u00ebrputhje me ligjet dhe Kushtetut\u00ebn. N\u00eb asnj\u00eb nga materialet e paraqitur nga opozita s\u2019ka nj\u00eb \u00e7\u00ebshtje dhe indice konkrete dhe aty t\u00eb dal\u00eb se kush jan\u00eb shkeljet. Nuk ka nj\u00eb \u00e7\u00ebshtje konkrete. Nuk mund t\u00eb ngresh komision p\u00ebr t\u00eb gjetur problemin, por duhet e kund\u00ebrta. N\u00ebse ka nj\u00eb \u00e7\u00ebshtje konkrete duhet ngritur nj\u00eb komision, ndaj nuk \u00ebsht\u00eb lejuar. N\u00ebse opozita do t\u00eb gjej\u00eb t\u00eb drejt\u00ebn n\u00eb Kushtetuesin, ta b\u00ebjn\u00eb dhe m\u00eb pas t\u00eb vijn\u00eb t\u00eb flasin. Duan t\u00eb krijojn\u00eb nj\u00eb agjend\u00eb t\u00eb debateve n\u00eb Parlament.<\/span><\/p>\n","protected":false,"gt_translate_keys":[{"key":"rendered","format":"html"}]},"excerpt":{"rendered":"<p>Sekretari i P\u00ebrgjithsh\u00ebm i PS-s\u00eb, Blendi Klosi \u00a0deklaroi n\u00eb emisionin \u201cKjo Jav\u00eb\u201d se dh\u00ebnia e mas\u00ebs nga SPAK p\u00ebr ish-ministrin e Sh\u00ebndet\u00ebsis\u00eb, Ilir Beqaj n\u00eb lidhje me koncesionin e sterilizimit, do e pastroj\u00eb figur\u00ebn e Beqajt. M\u00eb tej Sekretari i P\u00ebrgjithsh\u00ebm i Partis\u00eb Socialiste tha se PS nuk do t\u00eb kund\u00ebrshtoj\u00eb vendimet e drejt\u00ebsis\u00eb s\u00eb [&hellip;]<\/p>\n","protected":false,"gt_translate_keys":[{"key":"rendered","format":"html"}]},"author":32,"featured_media":632903,"comment_status":"closed","ping_status":"closed","sticky":false,"template":"","format":"standard","meta":{"footnotes":""},"categories":[65,13],"tags":[],"class_list":["post-632902","post","type-post","status-publish","format-standard","has-post-thumbnail","hentry","category-lajme","category-te-fundit"],"gt_translate_keys":[{"key":"link","format":"url"}],"_links":{"self":[{"href":"https:\/\/www.hashtag.al\/index.php\/wp-json\/wp\/v2\/posts\/632902","targetHints":{"allow":["GET"]}}],"collection":[{"href":"https:\/\/www.hashtag.al\/index.php\/wp-json\/wp\/v2\/posts"}],"about":[{"href":"https:\/\/www.hashtag.al\/index.php\/wp-json\/wp\/v2\/types\/post"}],"author":[{"embeddable":true,"href":"https:\/\/www.hashtag.al\/index.php\/wp-json\/wp\/v2\/users\/32"}],"replies":[{"embeddable":true,"href":"https:\/\/www.hashtag.al\/index.php\/wp-json\/wp\/v2\/comments?post=632902"}],"version-history":[{"count":0,"href":"https:\/\/www.hashtag.al\/index.php\/wp-json\/wp\/v2\/posts\/632902\/revisions"}],"wp:featuredmedia":[{"embeddable":true,"href":"https:\/\/www.hashtag.al\/index.php\/wp-json\/wp\/v2\/media\/632903"}],"wp:attachment":[{"href":"https:\/\/www.hashtag.al\/index.php\/wp-json\/wp\/v2\/media?parent=632902"}],"wp:term":[{"taxonomy":"category","embeddable":true,"href":"https:\/\/www.hashtag.al\/index.php\/wp-json\/wp\/v2\/categories?post=632902"},{"taxonomy":"post_tag","embeddable":true,"href":"https:\/\/www.hashtag.al\/index.php\/wp-json\/wp\/v2\/tags?post=632902"}],"curies":[{"name":"wp","href":"https:\/\/api.w.org\/{rel}","templated":true}]}}